{"id":15637,"date":"2026-09-04T21:28:33","date_gmt":"2026-09-05T02:28:33","guid":{"rendered":"https:\/\/monitortamaulipas.com.mx\/?p=15637"},"modified":"2026-09-04T21:28:40","modified_gmt":"2026-09-05T02:28:40","slug":"finanzas-publicas-solidas-impulsan-el-desarrollo-y-certidumbre-para-constructores-carlos-iran-ramirez","status":"publish","type":"post","link":"https:\/\/monitortamaulipas.com.mx\/?p=15637","title":{"rendered":"Finanzas p\u00fablicas s\u00f3lidas impulsan el desarrollo y certidumbre para constructores: Carlos Ir\u00e1n Ram\u00edrez"},"content":{"rendered":"\n<p class=\"wp-block-paragraph\">-El secretario de Finanzas sostuvo un encuentro con integrantes de la CMIC y representantes empresariales para fortalecer la colaboraci\u00f3n entre el Gobierno del Estado y los sectores productivos del sur<\/p>\n\n\n\n<p class=\"wp-block-paragraph\">Septiembre 04 de 2026<\/p>\n\n\n\n<p class=\"wp-block-paragraph\">Tampico, Tamaulipas.- El secretario de Finanzas, Carlos Ir\u00e1n Ram\u00edrez Gonz\u00e1lez, sostuvo una reuni\u00f3n de trabajo con integrantes de la C\u00e1mara Mexicana de la Industria de la Construcci\u00f3n (CMIC) Tamaulipas y representantes de organismos empresariales, como parte de la pol\u00edtica de di\u00e1logo y colaboraci\u00f3n con los sectores productivos impulsada por el gobernador Am\u00e9rico Villarreal Anaya.<\/p>\n\n\n\n<p class=\"wp-block-paragraph\">El encuentro se realiz\u00f3 en las instalaciones de la CMIC Tamaulipas, en Tampico, atendiendo la invitaci\u00f3n de su presidente, Pablo Eduardo Haro Panduro, con el objetivo de dialogar sobre temas relacionados con la industria de la construcci\u00f3n y fortalecer la colaboraci\u00f3n entre este organismo y la Secretar\u00eda de Finanzas.<\/p>\n\n\n\n<p class=\"wp-block-paragraph\">Durante su mensaje, Ram\u00edrez Gonz\u00e1lez reconoci\u00f3 la importancia de la industria de la construcci\u00f3n como un sector que genera empleos, dinamiza la econom\u00eda y contribuye al desarrollo de infraestructura, adem\u00e1s de felicitar a la CMIC Tamaulipas por sus 50 a\u00f1os de trayectoria y su aportaci\u00f3n al desarrollo del estado.<\/p>\n\n\n\n<p class=\"wp-block-paragraph\">\u201cEs fundamental mantener un di\u00e1logo directo con quienes invierten, generan empleos y participan todos los d\u00edas en el crecimiento de Tamaulipas\u201d, expres\u00f3 el Secretario Ram\u00edrez Gonz\u00e1lez destac\u00f3 que, bajo el liderazgo del gobernador Am\u00e9rico Villarreal Anaya, se ha impulsado una administraci\u00f3n responsable, ordenada y transparente de los recursos p\u00fablicos, se\u00f1alando que una planeaci\u00f3n financiera rigurosa permite dar estabilidad y viabilidad a los proyectos de infraestructura que requiere Tamaulipas.<\/p>\n\n\n\n<p class=\"wp-block-paragraph\">Finalmente, reconoci\u00f3 a la CMIC como un aliado estrat\u00e9gico para dinamizar la econom\u00eda estatal y destac\u00f3 la importancia de mantener canales abiertos de comunicaci\u00f3n que permitan conocer directamente la perspectiva del sector constructor y de las distintas organizaciones empresariales, as\u00ed como fortalecer la coordinaci\u00f3n con el Gobierno del Estado.<\/p>\n\n\n\n<figure class=\"wp-block-gallery has-nested-images columns-default is-cropped wp-block-gallery-1 is-layout-flex wp-block-gallery-is-layout-flex\">\n<figure class=\"wp-block-image size-large\"><img fetchpriority=\"high\" decoding=\"async\" width=\"1024\" height=\"682\" data-id=\"15639\" src=\"https:\/\/monitortamaulipas.com.mx\/wp-content\/uploads\/2026\/09\/Estatal-6-1-1024x682.jpeg\" alt=\"\" class=\"wp-image-15639\" srcset=\"https:\/\/monitortamaulipas.com.mx\/wp-content\/uploads\/2026\/09\/Estatal-6-1-1024x682.jpeg 1024w, https:\/\/monitortamaulipas.com.mx\/wp-content\/uploads\/2026\/09\/Estatal-6-1-300x200.jpeg 300w, https:\/\/monitortamaulipas.com.mx\/wp-content\/uploads\/2026\/09\/Estatal-6-1-768x512.jpeg 768w, https:\/\/monitortamaulipas.com.mx\/wp-content\/uploads\/2026\/09\/Estatal-6-1-1536x1023.jpeg 1536w, https:\/\/monitortamaulipas.com.mx\/wp-content\/uploads\/2026\/09\/Estatal-6-1.jpeg 1600w\" sizes=\"(max-width: 1024px) 100vw, 1024px\" \/><\/figure>\n\n\n\n<figure class=\"wp-block-image size-large\"><img decoding=\"async\" width=\"1024\" height=\"682\" data-id=\"15640\" src=\"https:\/\/monitortamaulipas.com.mx\/wp-content\/uploads\/2026\/09\/Estatal-7-1-1024x682.jpeg\" alt=\"\" class=\"wp-image-15640\" srcset=\"https:\/\/monitortamaulipas.com.mx\/wp-content\/uploads\/2026\/09\/Estatal-7-1-1024x682.jpeg 1024w, https:\/\/monitortamaulipas.com.mx\/wp-content\/uploads\/2026\/09\/Estatal-7-1-300x200.jpeg 300w, https:\/\/monitortamaulipas.com.mx\/wp-content\/uploads\/2026\/09\/Estatal-7-1-768x512.jpeg 768w, https:\/\/monitortamaulipas.com.mx\/wp-content\/uploads\/2026\/09\/Estatal-7-1-1536x1023.jpeg 1536w, https:\/\/monitortamaulipas.com.mx\/wp-content\/uploads\/2026\/09\/Estatal-7-1.jpeg 1600w\" sizes=\"(max-width: 1024px) 100vw, 1024px\" \/><\/figure>\n<\/figure>\n","protected":false},"excerpt":{"rendered":"<p>-El secretario de Finanzas sostuvo un encuentro con integrantes de la CMIC y representantes empresariales&#8230;<\/p>\n","protected":false},"author":2,"featured_media":15638,"comment_status":"closed","ping_status":"open","sticky":false,"template":"","format":"standard","meta":{"_jetpack_newsletter_access":"","_jetpack_dont_email_post_to_subs":false,"_jetpack_newsletter_tier_id":0,"_jetpack_memberships_contains_paywalled_content":false,"_jetpack_feature_clip_id":0,"_jetpack_memberships_contains_paid_content":false,"footnotes":"","jetpack_publicize_message":"","jetpack_publicize_feature_enabled":true,"jetpack_social_post_already_shared":true,"jetpack_social_options":{"image_generator_settings":{"template":"highway","default_image_id":0,"font":"","enabled":false},"version":2},"jetpack_post_was_ever_published":false},"categories":[6],"tags":[],"class_list":["post-15637","post","type-post","status-publish","format-standard","has-post-thumbnail","hentry","category-monitor-estatal"],"jetpack_publicize_connections":[],"jetpack_sharing_enabled":true,"jetpack_featured_media_url":"https:\/\/monitortamaulipas.com.mx\/wp-content\/uploads\/2026\/09\/Esstatal-5.jpeg","_links":{"self":[{"href":"https:\/\/monitortamaulipas.com.mx\/index.php?rest_route=\/wp\/v2\/posts\/15637","targetHints":{"allow":["GET"]}}],"collection":[{"href":"https:\/\/monitortamaulipas.com.mx\/index.php?rest_route=\/wp\/v2\/posts"}],"about":[{"href":"https:\/\/monitortamaulipas.com.mx\/index.php?rest_route=\/wp\/v2\/types\/post"}],"author":[{"embeddable":true,"href":"https:\/\/monitortamaulipas.com.mx\/index.php?rest_route=\/wp\/v2\/users\/2"}],"replies":[{"embeddable":true,"href":"https:\/\/monitortamaulipas.com.mx\/index.php?rest_route=%2Fwp%2Fv2%2Fcomments&post=15637"}],"version-history":[{"count":1,"href":"https:\/\/monitortamaulipas.com.mx\/index.php?rest_route=\/wp\/v2\/posts\/15637\/revisions"}],"predecessor-version":[{"id":15641,"href":"https:\/\/monitortamaulipas.com.mx\/index.php?rest_route=\/wp\/v2\/posts\/15637\/revisions\/15641"}],"wp:featuredmedia":[{"embeddable":true,"href":"https:\/\/monitortamaulipas.com.mx\/index.php?rest_route=\/wp\/v2\/media\/15638"}],"wp:attachment":[{"href":"https:\/\/monitortamaulipas.com.mx\/index.php?rest_route=%2Fwp%2Fv2%2Fmedia&parent=15637"}],"wp:term":[{"taxonomy":"category","embeddable":true,"href":"https:\/\/monitortamaulipas.com.mx\/index.php?rest_route=%2Fwp%2Fv2%2Fcategories&post=15637"},{"taxonomy":"post_tag","embeddable":true,"href":"https:\/\/monitortamaulipas.com.mx\/index.php?rest_route=%2Fwp%2Fv2%2Ftags&post=15637"}],"curies":[{"name":"wp","href":"https:\/\/api.w.org\/{rel}","templated":true}]}}