{"id":15633,"date":"2026-09-04T21:20:41","date_gmt":"2026-09-05T02:20:41","guid":{"rendered":"https:\/\/monitortamaulipas.com.mx\/?p=15633"},"modified":"2026-09-04T21:20:46","modified_gmt":"2026-09-05T02:20:46","slug":"convoca-ine-a-la-ciudadania-a-participar-como-observadora-electoral-en-las-elecciones-de-2026-2027","status":"publish","type":"post","link":"https:\/\/monitortamaulipas.com.mx\/?p=15633","title":{"rendered":"Convoca INE a la ciudadan\u00eda a participar como observadora electoral en las elecciones de 2026-2027"},"content":{"rendered":"\n<ul class=\"wp-block-list\">\n<li><strong><em>Las solicitudes podr\u00e1n presentarse del 10 de septiembre de 2026 al 10 de mayo de 2027<\/em><\/strong><\/li>\n\n\n\n<li><strong><em>El registro estar\u00e1 disponible en l\u00ednea y de manera presencial<\/em><\/strong><\/li>\n\n\n\n<li><strong><em>La capacitaci\u00f3n podr\u00e1 realizarse de forma presencial o a distancia<\/em><\/strong><\/li>\n<\/ul>\n\n\n\n<p class=\"wp-block-paragraph\">El Consejo General del Instituto Nacional Electoral (INE) aprob\u00f3 las convocatorias para que la ciudadan\u00eda participe como observadora electoral en el Proceso Electoral Concurrente 2026-2027 y, en su caso, en las elecciones extraordinarias que deriven de \u00e9ste.La observaci\u00f3n electoral es un derecho de la ciudadan\u00eda mexicana que permite conocer y dar seguimiento a los actos de preparaci\u00f3n y desarrollo de las elecciones, as\u00ed como a las actividades realizadas durante la Jornada Electoral.Su ejercicio contribuye a transparentar el trabajo de las autoridades electorales, fortalecer la certeza de los resultados y consolidar la confianza ciudadana.Las personas interesadas podr\u00e1n presentar su solicitud, de manera individual o a trav\u00e9s de una organizaci\u00f3n, en las Juntas Locales y Distritales Ejecutivas del INE, en las oficinas de los Organismos P\u00fablicos Locales o mediante el Portal de Observaci\u00f3n Electoral.El periodo de registro iniciar\u00e1 el 10 de septiembre de 2026 y concluir\u00e1, de manera improrrogable, el 10 de mayo de 2027.Tambi\u00e9n podr\u00e1n registrarse las ciudadanas y los ciudadanos mexicanos residentes en el extranjero. Cuando su solicitud sea aprobada, podr\u00e1n generar su constancia de acreditaci\u00f3n y gafete de identificaci\u00f3n mediante el propio portal<\/p>\n\n\n\n<p class=\"wp-block-paragraph\">Fechas relevantes:<\/p>\n\n\n\n<ul class=\"wp-block-list\">\n<li>Registro de solicitudes: del 10 de septiembre de 2026 al 10 de mayo de 2027.<\/li>\n\n\n\n<li>Capacitaci\u00f3n presencial o a distancia: del 1 de noviembre de 2026 al 17 demayo de 2027.<\/li>\n\n\n\n<li>Capacitaci\u00f3n impartida por organizaciones: del 1 de noviembre de 2026 al 31de mayo de 2027.<\/li>\n\n\n\n<li>Capacitaci\u00f3n virtual: del 1 de enero al 31 de mayo de 2027.<\/li>\n\n\n\n<li>Acreditaci\u00f3n y expedici\u00f3n de gafetes y constancias: del 1 de noviembre de2026 al 5 de junio de 2027.<\/li>\n<\/ul>\n\n\n\n<p class=\"wp-block-paragraph\">Para obtener la acreditaci\u00f3n, las personas solicitantes deber\u00e1n cumplir los requisitos establecidos en la legislaci\u00f3n electoral, presentar la documentaci\u00f3n correspondiente, manifestar que actuar\u00e1n conforme a los principios de imparcialidad, objetividad, certeza y legalidad, y concluir el curso de capacitaci\u00f3n.La ciudadan\u00eda acreditada tambi\u00e9n podr\u00e1 observar, conforme a los lineamientos y modelos de operaci\u00f3n que apruebe el INE, el Voto Anticipado, el Voto de las Personas en Prisi\u00f3n Preventiva y el Voto de las Mexicanas y los Mexicanos Residentes en el Extranjero.Como parte de las medidas de inclusi\u00f3n, el INE contar\u00e1 con convocatoria, constancia de acreditaci\u00f3n y gafete en formato Braille, adem\u00e1s de acciones de difusi\u00f3n en las lenguas ind\u00edgenas con mayor presencia en cada entidad.<\/p>\n\n\n\n<figure class=\"wp-block-image size-large\"><img fetchpriority=\"high\" decoding=\"async\" width=\"1024\" height=\"682\" src=\"https:\/\/monitortamaulipas.com.mx\/wp-content\/uploads\/2026\/09\/Nacional-2-3-1024x682.jpeg\" alt=\"\" class=\"wp-image-15635\" srcset=\"https:\/\/monitortamaulipas.com.mx\/wp-content\/uploads\/2026\/09\/Nacional-2-3-1024x682.jpeg 1024w, https:\/\/monitortamaulipas.com.mx\/wp-content\/uploads\/2026\/09\/Nacional-2-3-300x200.jpeg 300w, https:\/\/monitortamaulipas.com.mx\/wp-content\/uploads\/2026\/09\/Nacional-2-3-768x512.jpeg 768w, https:\/\/monitortamaulipas.com.mx\/wp-content\/uploads\/2026\/09\/Nacional-2-3-1536x1023.jpeg 1536w, https:\/\/monitortamaulipas.com.mx\/wp-content\/uploads\/2026\/09\/Nacional-2-3.jpeg 1600w\" sizes=\"(max-width: 1024px) 100vw, 1024px\" \/><\/figure>\n","protected":false},"excerpt":{"rendered":"<p>El Consejo General del Instituto Nacional Electoral (INE) aprob\u00f3 las convocatorias para que la ciudadan\u00eda&#8230;<\/p>\n","protected":false},"author":2,"featured_media":15634,"comment_status":"closed","ping_status":"open","sticky":false,"template":"","format":"standard","meta":{"_jetpack_newsletter_access":"","_jetpack_dont_email_post_to_subs":false,"_jetpack_newsletter_tier_id":0,"_jetpack_memberships_contains_paywalled_content":false,"_jetpack_feature_clip_id":0,"_jetpack_memberships_contains_paid_content":false,"footnotes":"","jetpack_publicize_message":"","jetpack_publicize_feature_enabled":true,"jetpack_social_post_already_shared":true,"jetpack_social_options":{"image_generator_settings":{"template":"highway","default_image_id":0,"font":"","enabled":false},"version":2},"jetpack_post_was_ever_published":false},"categories":[7],"tags":[],"class_list":["post-15633","post","type-post","status-publish","format-standard","has-post-thumbnail","hentry","category-monitor-nacional"],"jetpack_publicize_connections":[],"jetpack_sharing_enabled":true,"jetpack_featured_media_url":"https:\/\/monitortamaulipas.com.mx\/wp-content\/uploads\/2026\/09\/Nacional-1-3.jpeg","_links":{"self":[{"href":"https:\/\/monitortamaulipas.com.mx\/index.php?rest_route=\/wp\/v2\/posts\/15633","targetHints":{"allow":["GET"]}}],"collection":[{"href":"https:\/\/monitortamaulipas.com.mx\/index.php?rest_route=\/wp\/v2\/posts"}],"about":[{"href":"https:\/\/monitortamaulipas.com.mx\/index.php?rest_route=\/wp\/v2\/types\/post"}],"author":[{"embeddable":true,"href":"https:\/\/monitortamaulipas.com.mx\/index.php?rest_route=\/wp\/v2\/users\/2"}],"replies":[{"embeddable":true,"href":"https:\/\/monitortamaulipas.com.mx\/index.php?rest_route=%2Fwp%2Fv2%2Fcomments&post=15633"}],"version-history":[{"count":1,"href":"https:\/\/monitortamaulipas.com.mx\/index.php?rest_route=\/wp\/v2\/posts\/15633\/revisions"}],"predecessor-version":[{"id":15636,"href":"https:\/\/monitortamaulipas.com.mx\/index.php?rest_route=\/wp\/v2\/posts\/15633\/revisions\/15636"}],"wp:featuredmedia":[{"embeddable":true,"href":"https:\/\/monitortamaulipas.com.mx\/index.php?rest_route=\/wp\/v2\/media\/15634"}],"wp:attachment":[{"href":"https:\/\/monitortamaulipas.com.mx\/index.php?rest_route=%2Fwp%2Fv2%2Fmedia&parent=15633"}],"wp:term":[{"taxonomy":"category","embeddable":true,"href":"https:\/\/monitortamaulipas.com.mx\/index.php?rest_route=%2Fwp%2Fv2%2Fcategories&post=15633"},{"taxonomy":"post_tag","embeddable":true,"href":"https:\/\/monitortamaulipas.com.mx\/index.php?rest_route=%2Fwp%2Fv2%2Ftags&post=15633"}],"curies":[{"name":"wp","href":"https:\/\/api.w.org\/{rel}","templated":true}]}}