{"id":15626,"date":"2026-09-04T21:08:54","date_gmt":"2026-09-05T02:08:54","guid":{"rendered":"https:\/\/monitortamaulipas.com.mx\/?p=15626"},"modified":"2026-09-04T21:08:59","modified_gmt":"2026-09-05T02:08:59","slug":"asiste-lalo-gattas-a-segundo-informe-de-carmen-lilia-canturosas","status":"publish","type":"post","link":"https:\/\/monitortamaulipas.com.mx\/?p=15626","title":{"rendered":"Asiste Lalo Gatt\u00e1s a Segundo Informe de Carmen Lilia Canturosas."},"content":{"rendered":"\n<p class=\"wp-block-paragraph\">El alcalde de Victoria, Lalo Gatt\u00e1s, asisti\u00f3 al Segundo Informe de Gobierno de la presidenta municipal de Nuevo Laredo, Carmen Lilia Canturosas, a qui\u00e9n reconoci\u00f3 el trabajo realizado al frente de la administraci\u00f3n municipal m\u00e1s importante de la frontera con Estados Unidos.<\/p>\n\n\n\n<p class=\"wp-block-paragraph\">Al t\u00e9rmino de la exposici\u00f3n, destac\u00f3 los avances en infraestructura, desarrollo econ\u00f3mico y bienestar social logrados durante su gesti\u00f3n.<\/p>\n\n\n\n<p class=\"wp-block-paragraph\">&#8220;Mi reconocimiento a mi amiga Carmen Lilia Canturosas por su gran trabajo y resultados. Nuevo Laredo es ejemplo de transformaci\u00f3n y de un gobierno que trabaja cercano a su gente&#8221;, expres\u00f3.<\/p>\n\n\n\n<p class=\"wp-block-paragraph\">Con su presencia, el alcalde de Victoria refrend\u00f3 los lazos de colaboraci\u00f3n y unidad entre el gobierno de la Capital de Tamaulipas y Nuevo Laredo.<\/p>\n","protected":false},"excerpt":{"rendered":"<p>El alcalde de Victoria, Lalo Gatt\u00e1s, asisti\u00f3 al Segundo Informe de Gobierno de la presidenta&#8230;<\/p>\n","protected":false},"author":2,"featured_media":15627,"comment_status":"closed","ping_status":"open","sticky":false,"template":"","format":"standard","meta":{"_jetpack_newsletter_access":"","_jetpack_dont_email_post_to_subs":false,"_jetpack_newsletter_tier_id":0,"_jetpack_memberships_contains_paywalled_content":false,"_jetpack_feature_clip_id":0,"_jetpack_memberships_contains_paid_content":false,"footnotes":"","jetpack_publicize_message":"","jetpack_publicize_feature_enabled":true,"jetpack_social_post_already_shared":true,"jetpack_social_options":{"image_generator_settings":{"template":"highway","default_image_id":0,"font":"","enabled":false},"version":2},"jetpack_post_was_ever_published":false},"categories":[4],"tags":[],"class_list":["post-15626","post","type-post","status-publish","format-standard","has-post-thumbnail","hentry","category-monitor-capitalino"],"jetpack_publicize_connections":[],"jetpack_sharing_enabled":true,"jetpack_featured_media_url":"https:\/\/monitortamaulipas.com.mx\/wp-content\/uploads\/2026\/09\/Municipio-1-3.jpeg","_links":{"self":[{"href":"https:\/\/monitortamaulipas.com.mx\/index.php?rest_route=\/wp\/v2\/posts\/15626","targetHints":{"allow":["GET"]}}],"collection":[{"href":"https:\/\/monitortamaulipas.com.mx\/index.php?rest_route=\/wp\/v2\/posts"}],"about":[{"href":"https:\/\/monitortamaulipas.com.mx\/index.php?rest_route=\/wp\/v2\/types\/post"}],"author":[{"embeddable":true,"href":"https:\/\/monitortamaulipas.com.mx\/index.php?rest_route=\/wp\/v2\/users\/2"}],"replies":[{"embeddable":true,"href":"https:\/\/monitortamaulipas.com.mx\/index.php?rest_route=%2Fwp%2Fv2%2Fcomments&post=15626"}],"version-history":[{"count":1,"href":"https:\/\/monitortamaulipas.com.mx\/index.php?rest_route=\/wp\/v2\/posts\/15626\/revisions"}],"predecessor-version":[{"id":15628,"href":"https:\/\/monitortamaulipas.com.mx\/index.php?rest_route=\/wp\/v2\/posts\/15626\/revisions\/15628"}],"wp:featuredmedia":[{"embeddable":true,"href":"https:\/\/monitortamaulipas.com.mx\/index.php?rest_route=\/wp\/v2\/media\/15627"}],"wp:attachment":[{"href":"https:\/\/monitortamaulipas.com.mx\/index.php?rest_route=%2Fwp%2Fv2%2Fmedia&parent=15626"}],"wp:term":[{"taxonomy":"category","embeddable":true,"href":"https:\/\/monitortamaulipas.com.mx\/index.php?rest_route=%2Fwp%2Fv2%2Fcategories&post=15626"},{"taxonomy":"post_tag","embeddable":true,"href":"https:\/\/monitortamaulipas.com.mx\/index.php?rest_route=%2Fwp%2Fv2%2Ftags&post=15626"}],"curies":[{"name":"wp","href":"https:\/\/api.w.org\/{rel}","templated":true}]}}