{"id":15615,"date":"2026-09-04T20:58:03","date_gmt":"2026-09-05T01:58:03","guid":{"rendered":"https:\/\/monitortamaulipas.com.mx\/?p=15615"},"modified":"2026-09-04T20:58:09","modified_gmt":"2026-09-05T01:58:09","slug":"presentan-pri-y-somos-su-manifestacion-de-intencion-para-participar-en-el-proceso-electoral-ordinario-2026-2027","status":"publish","type":"post","link":"https:\/\/monitortamaulipas.com.mx\/?p=15615","title":{"rendered":"Presentan PRI y SOMOS su Manifestaci\u00f3n de Intenci\u00f3n para participar en el Proceso Electoral Ordinario 2026-2027"},"content":{"rendered":"\n<p class=\"wp-block-paragraph\">En las instalaciones del Consejo General del Instituto Electoral de Tamaulipas (IETAM), este viernes 4 de septiembre, el Partido Revolucionario Institucional (PRI) y el Partido SOMOS presentaron su Manifestaci\u00f3n de Intenci\u00f3n para participar en el Proceso Electoral Ordinario 2026-2027.<\/p>\n\n\n\n<p class=\"wp-block-paragraph\">Durante los actos protocolarios estuvieron presentes las y los integrantes del Consejo General del IETAM, as\u00ed como el Secretario Ejecutivo, quienes dieron seguimiento a la recepci\u00f3n de la documentaci\u00f3n correspondiente, en cumplimiento de las disposiciones y etapas establecidas para el desarrollo del proceso electoral.<\/p>\n\n\n\n<p class=\"wp-block-paragraph\">En primer t\u00e9rmino, acudi\u00f3 el Presidente del Comit\u00e9 Directivo Estatal del Partido Revolucionario Institucional, Bruno D\u00edaz Lara, acompa\u00f1ado de militantes y simpatizantes de este instituto pol\u00edtico, para realizar la entrega de la documentaci\u00f3n correspondiente.<\/p>\n\n\n\n<p class=\"wp-block-paragraph\">Posteriormente, se present\u00f3 la dirigencia del Partido SOMOS, bajo la conducci\u00f3n en Tamaulipas de la C. Mar\u00eda del Rosario Vargas S\u00e1nchez, para llevar a cabo la presentaci\u00f3n de su Manifestaci\u00f3n de Intenci\u00f3n de participar en el pr\u00f3ximo proceso electoral.<\/p>\n\n\n\n<p class=\"wp-block-paragraph\">De acuerdo con la agenda establecida, el pr\u00f3ximo lunes 7 de septiembre, a las 11:00 horas, acudir\u00e1 el Partido PAZ para realizar la presentaci\u00f3n de su Manifestaci\u00f3n de Intenci\u00f3n. Posteriormente, a las 12:00 horas, corresponder\u00e1 al Partido Verde Ecologista de M\u00e9xico.<\/p>\n\n\n\n<p class=\"wp-block-paragraph\">En tanto, queda pendiente por confirmar la asistencia de los partidos Acci\u00f3n Nacional, del Trabajo y Morena, quienes deber\u00e1n realizar este mismo procedimiento dentro de los plazos establecidos por la autoridad electoral.<\/p>\n\n\n\n<p class=\"wp-block-paragraph\">Con estas acciones, el IETAM contin\u00faa dando cumplimiento a las actividades previstas en el calendario electoral y garantiza la atenci\u00f3n institucional a los partidos pol\u00edticos que participar\u00e1n en el Proceso Electoral Ordinario 2026-2027.<\/p>\n\n\n\n<figure class=\"wp-block-image size-large\"><img fetchpriority=\"high\" decoding=\"async\" width=\"1024\" height=\"682\" src=\"https:\/\/monitortamaulipas.com.mx\/wp-content\/uploads\/2026\/09\/Estado-2-2-1024x682.jpeg\" alt=\"\" class=\"wp-image-15617\" srcset=\"https:\/\/monitortamaulipas.com.mx\/wp-content\/uploads\/2026\/09\/Estado-2-2-1024x682.jpeg 1024w, https:\/\/monitortamaulipas.com.mx\/wp-content\/uploads\/2026\/09\/Estado-2-2-300x200.jpeg 300w, https:\/\/monitortamaulipas.com.mx\/wp-content\/uploads\/2026\/09\/Estado-2-2-768x512.jpeg 768w, https:\/\/monitortamaulipas.com.mx\/wp-content\/uploads\/2026\/09\/Estado-2-2-1536x1024.jpeg 1536w, https:\/\/monitortamaulipas.com.mx\/wp-content\/uploads\/2026\/09\/Estado-2-2-2048x1365.jpeg 2048w\" sizes=\"(max-width: 1024px) 100vw, 1024px\" \/><\/figure>\n","protected":false},"excerpt":{"rendered":"<p>En las instalaciones del Consejo General del Instituto Electoral de Tamaulipas (IETAM), este viernes 4&#8230;<\/p>\n","protected":false},"author":2,"featured_media":15616,"comment_status":"closed","ping_status":"open","sticky":false,"template":"","format":"standard","meta":{"_jetpack_newsletter_access":"","_jetpack_dont_email_post_to_subs":false,"_jetpack_newsletter_tier_id":0,"_jetpack_memberships_contains_paywalled_content":false,"_jetpack_feature_clip_id":0,"_jetpack_memberships_contains_paid_content":false,"footnotes":"","jetpack_publicize_message":"","jetpack_publicize_feature_enabled":true,"jetpack_social_post_already_shared":true,"jetpack_social_options":{"image_generator_settings":{"template":"highway","default_image_id":0,"font":"","enabled":false},"version":2},"jetpack_post_was_ever_published":false},"categories":[6],"tags":[],"class_list":["post-15615","post","type-post","status-publish","format-standard","has-post-thumbnail","hentry","category-monitor-estatal"],"jetpack_publicize_connections":[],"jetpack_sharing_enabled":true,"jetpack_featured_media_url":"https:\/\/monitortamaulipas.com.mx\/wp-content\/uploads\/2026\/09\/Estado-1-3.jpeg","_links":{"self":[{"href":"https:\/\/monitortamaulipas.com.mx\/index.php?rest_route=\/wp\/v2\/posts\/15615","targetHints":{"allow":["GET"]}}],"collection":[{"href":"https:\/\/monitortamaulipas.com.mx\/index.php?rest_route=\/wp\/v2\/posts"}],"about":[{"href":"https:\/\/monitortamaulipas.com.mx\/index.php?rest_route=\/wp\/v2\/types\/post"}],"author":[{"embeddable":true,"href":"https:\/\/monitortamaulipas.com.mx\/index.php?rest_route=\/wp\/v2\/users\/2"}],"replies":[{"embeddable":true,"href":"https:\/\/monitortamaulipas.com.mx\/index.php?rest_route=%2Fwp%2Fv2%2Fcomments&post=15615"}],"version-history":[{"count":1,"href":"https:\/\/monitortamaulipas.com.mx\/index.php?rest_route=\/wp\/v2\/posts\/15615\/revisions"}],"predecessor-version":[{"id":15618,"href":"https:\/\/monitortamaulipas.com.mx\/index.php?rest_route=\/wp\/v2\/posts\/15615\/revisions\/15618"}],"wp:featuredmedia":[{"embeddable":true,"href":"https:\/\/monitortamaulipas.com.mx\/index.php?rest_route=\/wp\/v2\/media\/15616"}],"wp:attachment":[{"href":"https:\/\/monitortamaulipas.com.mx\/index.php?rest_route=%2Fwp%2Fv2%2Fmedia&parent=15615"}],"wp:term":[{"taxonomy":"category","embeddable":true,"href":"https:\/\/monitortamaulipas.com.mx\/index.php?rest_route=%2Fwp%2Fv2%2Fcategories&post=15615"},{"taxonomy":"post_tag","embeddable":true,"href":"https:\/\/monitortamaulipas.com.mx\/index.php?rest_route=%2Fwp%2Fv2%2Ftags&post=15615"}],"curies":[{"name":"wp","href":"https:\/\/api.w.org\/{rel}","templated":true}]}}