{"id":15612,"date":"2026-09-04T20:39:09","date_gmt":"2026-09-05T01:39:09","guid":{"rendered":"https:\/\/monitortamaulipas.com.mx\/?p=15612"},"modified":"2026-09-04T20:39:16","modified_gmt":"2026-09-05T01:39:16","slug":"invita-secretaria-de-economia-a-jovenes-tamaulipecos-a-registrar-su-marca-con-90-de-descuento","status":"publish","type":"post","link":"https:\/\/monitortamaulipas.com.mx\/?p=15612","title":{"rendered":"Invita Secretar\u00eda de Econom\u00eda a j\u00f3venes tamaulipecos a registrar su marca con 90% de descuento"},"content":{"rendered":"\n<p class=\"wp-block-paragraph\">-Ninfa Cant\u00fa De\u00e1ndar inform\u00f3 que la convocatoria est\u00e1 dirigida a j\u00f3venes de 18 a 29 a\u00f1os y permanecer\u00e1 abierta hasta el 16 de septiembre<\/p>\n\n\n\n<p class=\"wp-block-paragraph\">Septiembre 04 de 2026<\/p>\n\n\n\n<p class=\"wp-block-paragraph\">Ciudad Victoria, Tamaulipas.- Con el objetivo de impulsar el emprendimiento juvenil y fortalecer la identidad comercial de sus proyectos, la Secretar\u00eda de Econom\u00eda, en coordinaci\u00f3n con el Instituto Mexicano de la Propiedad Industrial (IMPI) y a trav\u00e9s del programa Hecho en Tamaulipas, invita a participar en la Campa\u00f1a de Precio Diferencial de Tarifas \u201cMarcas para el Bienestar 2026-III J\u00f3venes\u201d.<\/p>\n\n\n\n<p class=\"wp-block-paragraph\">La campa\u00f1a est\u00e1 dirigida a personas de 18 a 29 a\u00f1os y permitir\u00e1 acceder al estudio de una solicitud de registro de marca con un 90% de descuento, por lo que el tr\u00e1mite tendr\u00e1 un costo de 312.64 pesos.<\/p>\n\n\n\n<p class=\"wp-block-paragraph\">La secretaria de Econom\u00eda, Ninfa Cant\u00fa De\u00e1ndar, destac\u00f3 que el registro de marca brinda certeza jur\u00eddica a las y los j\u00f3venes emprendedores, al permitirles proteger la identidad de sus productos y servicios y fortalecer su presencia en el mercado.<\/p>\n\n\n\n<p class=\"wp-block-paragraph\">\u201cQueremos que m\u00e1s j\u00f3venes tamaulipecos protejan sus proyectos, consoliden sus negocios y cuenten con mejores herramientas para competir y crecer\u201d, se\u00f1al\u00f3 Cant\u00fa De\u00e1ndar.<\/p>\n\n\n\n<p class=\"wp-block-paragraph\">Las personas interesadas deber\u00e1n completar su registro a m\u00e1s tardar el 16 de septiembre de 2026, a trav\u00e9s del formulario disponible en: <a href=\"https:\/\/forms.gle\/7Q2iVdfwkgQ5dPdx7\">https:\/\/forms.gle\/7Q2iVdfwkgQ5dPdx7<\/a>. El cupo es limitado.<\/p>\n\n\n\n<p class=\"wp-block-paragraph\">Cant\u00fa De\u00e1ndar reiter\u00f3 la invitaci\u00f3n a aprovechar este beneficio, que facilita el acceso de las juventudes tamaulipecas a la protecci\u00f3n de su propiedad industrial y contribuye al crecimiento de sus proyectos productivos.<\/p>\n\n\n\n<p class=\"wp-block-paragraph\">Para obtener m\u00e1s informaci\u00f3n, pueden comunicarse al tel\u00e9fono 834 107 8714, extensi\u00f3n 44283, o acudir a la Ventanilla Integral de Atenci\u00f3n m\u00e1s cercana.<\/p>\n","protected":false},"excerpt":{"rendered":"<p>-Ninfa Cant\u00fa De\u00e1ndar inform\u00f3 que la convocatoria est\u00e1 dirigida a j\u00f3venes de 18 a 29&#8230;<\/p>\n","protected":false},"author":2,"featured_media":15613,"comment_status":"closed","ping_status":"open","sticky":false,"template":"","format":"standard","meta":{"_jetpack_newsletter_access":"","_jetpack_dont_email_post_to_subs":false,"_jetpack_newsletter_tier_id":0,"_jetpack_memberships_contains_paywalled_content":false,"_jetpack_feature_clip_id":0,"_jetpack_memberships_contains_paid_content":false,"footnotes":"","jetpack_publicize_message":"","jetpack_publicize_feature_enabled":true,"jetpack_social_post_already_shared":true,"jetpack_social_options":{"image_generator_settings":{"template":"highway","default_image_id":0,"font":"","enabled":false},"version":2},"jetpack_post_was_ever_published":false},"categories":[9],"tags":[],"class_list":["post-15612","post","type-post","status-publish","format-standard","has-post-thumbnail","hentry","category-monitor-economico"],"jetpack_publicize_connections":[],"jetpack_sharing_enabled":true,"jetpack_featured_media_url":"https:\/\/monitortamaulipas.com.mx\/wp-content\/uploads\/2026\/09\/Economia-2-e1788572307790.jpeg","_links":{"self":[{"href":"https:\/\/monitortamaulipas.com.mx\/index.php?rest_route=\/wp\/v2\/posts\/15612","targetHints":{"allow":["GET"]}}],"collection":[{"href":"https:\/\/monitortamaulipas.com.mx\/index.php?rest_route=\/wp\/v2\/posts"}],"about":[{"href":"https:\/\/monitortamaulipas.com.mx\/index.php?rest_route=\/wp\/v2\/types\/post"}],"author":[{"embeddable":true,"href":"https:\/\/monitortamaulipas.com.mx\/index.php?rest_route=\/wp\/v2\/users\/2"}],"replies":[{"embeddable":true,"href":"https:\/\/monitortamaulipas.com.mx\/index.php?rest_route=%2Fwp%2Fv2%2Fcomments&post=15612"}],"version-history":[{"count":1,"href":"https:\/\/monitortamaulipas.com.mx\/index.php?rest_route=\/wp\/v2\/posts\/15612\/revisions"}],"predecessor-version":[{"id":15614,"href":"https:\/\/monitortamaulipas.com.mx\/index.php?rest_route=\/wp\/v2\/posts\/15612\/revisions\/15614"}],"wp:featuredmedia":[{"embeddable":true,"href":"https:\/\/monitortamaulipas.com.mx\/index.php?rest_route=\/wp\/v2\/media\/15613"}],"wp:attachment":[{"href":"https:\/\/monitortamaulipas.com.mx\/index.php?rest_route=%2Fwp%2Fv2%2Fmedia&parent=15612"}],"wp:term":[{"taxonomy":"category","embeddable":true,"href":"https:\/\/monitortamaulipas.com.mx\/index.php?rest_route=%2Fwp%2Fv2%2Fcategories&post=15612"},{"taxonomy":"post_tag","embeddable":true,"href":"https:\/\/monitortamaulipas.com.mx\/index.php?rest_route=%2Fwp%2Fv2%2Ftags&post=15612"}],"curies":[{"name":"wp","href":"https:\/\/api.w.org\/{rel}","templated":true}]}}