{"id":15606,"date":"2026-09-03T20:57:24","date_gmt":"2026-09-04T01:57:24","guid":{"rendered":"https:\/\/monitortamaulipas.com.mx\/?p=15606"},"modified":"2026-09-03T20:57:29","modified_gmt":"2026-09-04T01:57:29","slug":"la-regulacion-de-dispositivos-digitales-en-las-escuelas-sera-producto-de-un-acuerdo-nacional-mario-delgado","status":"publish","type":"post","link":"https:\/\/monitortamaulipas.com.mx\/?p=15606","title":{"rendered":"La regulaci\u00f3n de dispositivos digitales en las escuelas ser\u00e1 producto de un acuerdo nacional: Mario Delgado"},"content":{"rendered":"\n<ul class=\"wp-block-list\">\n<li><strong>El titular de la SEP encabezar los trabajos del\u00a0<\/strong><strong>Quinto Foro Regional Sur-Sureste \u201cLa vida frente a la pantalla: el impacto de los dispositivos digitales en las infancias, adolescencias y juventudes mexicanas\u201d, impulsados por la Presidenta Claudia Sheinbaum Pardo<\/strong><\/li>\n\n\n\n<li><strong>A todos nos corresponde informarnos, dialogar, generar conciencia y hallar las mejores soluciones por el bien de las nuevas generaciones, consider\u00f3<\/strong><\/li>\n<\/ul>\n\n\n\n<p class=\"wp-block-paragraph\">Al encabezar los trabajos del Quinto Foro Regional Sur-Sureste \u201cLa vida frente a la pantalla: el impacto de los dispositivos digitales en las infancias, adolescencias y juventudes mexicanas\u201d, impulsados por la Presidenta Claudia Sheinbaum Pardo, el secretario de Educaci\u00f3n P\u00fablica, Mario Delgado Carrillo, inform\u00f3 que ya se trabaja con las autoridades educativas de todos los estados en un acuerdo nacional sobre las reglas para el acceso y uso de celulares y pantallas en las escuelas.<\/p>\n\n\n\n<p class=\"wp-block-paragraph\">\u201cEstos foros nos permiten debatir sobre el uso excesivo de las pantallas en las escuelas, el impacto de las redes sociales en el desarrollo de adolescentes y j\u00f3venes, as\u00ed como los efectos de la inteligencia artificial en las universidades. Estos son temas que ha convocado nuestra Presidenta, Claudia Sheinbaum, y que requieren de un di\u00e1logo amplio en el que participen maestras y maestros, alumnas y alumnos, as\u00ed como investigadores\u201d, resalt\u00f3.<\/p>\n\n\n\n<p class=\"wp-block-paragraph\">En presencia de estudiantes, docentes, especialistas, investigadores, madres y padres de familia, reunidos en el Teatro del Centro Cultural Universitario de la Universidad Aut\u00f3noma del Estado de Quintana Roo (UQroo), Delgado Carrillo se\u00f1al\u00f3 que, como lo plantea la Presidenta de M\u00e9xico, se trata de una responsabilidad compartida: no solo es lo que ocurre en las escuelas, sino una responsabilidad entre madres y padres de familia, docentes, especialistas, autoridades y tambi\u00e9n las empresas de tecnolog\u00eda.<\/p>\n\n\n\n<p class=\"wp-block-paragraph\">Acompa\u00f1ado del subsecretario de Educaci\u00f3n Superior, Ricardo Villanueva Lomel\u00ed, el titular de la SEP, resalt\u00f3 que los dispositivos digitales generan afectaciones en la salud mental de los menores de edad y los pueden llevar a enfrentar crisis de ansiedad, problemas de autoestima, autolesiones, des\u00f3rdenes alimenticios y depresi\u00f3n.<\/p>\n\n\n\n<p class=\"wp-block-paragraph\">\u201cEn casos m\u00e1s extremos tambi\u00e9n estamos viendo c\u00f3mo se ponen, algunos casos, en riesgo las democracias con noticias falsas y bots que atizan el odio, la intolerancia, la convivencia de expresiones pol\u00edticas de tinte fascista. Por esa raz\u00f3n, a todos nos corresponde informarnos, dialogar, generar conciencia y hallar las mejores soluciones por el bien de las nuevas generaciones\u201d, alert\u00f3.<\/p>\n\n\n\n<p class=\"wp-block-paragraph\">Afirm\u00f3 que el reto frente al uso de las tecnolog\u00edas digitales no consiste \u00fanicamente en prohibir o imponer medidas de manera tajante, sino en construir un camino colectivo de formaci\u00f3n de conciencia que permita avanzar hacia una cultura y ciudadan\u00eda digital. Se\u00f1al\u00f3 que se busca que la inteligencia artificial no sustituya el pensamiento cr\u00edtico y que las tecnolog\u00edas contin\u00faen siendo herramientas al servicio de las personas, en lugar de que las personas se conviertan en esclavas de ellas.<\/p>\n\n\n\n<p class=\"wp-block-paragraph\">Finalmente, Delgado Carrillo destac\u00f3 que, de acuerdo con la UNESCO, m\u00e1s de 114 pa\u00edses en el mundo ya establecieron alg\u00fan tipo de regulaci\u00f3n sobre plataformas digitales, redes sociales y uso de tel\u00e9fonos celulares en las escuelas. En M\u00e9xico, agreg\u00f3, 17 entidades federativas ya cuentan con alguna regulaci\u00f3n en la materia, lo que demuestra que existe una preocupaci\u00f3n compartida y la necesidad de avanzar en acuerdos que permitan un uso responsable, consciente y seguro de estas tecnolog\u00edas en los espacios educativos.<\/p>\n\n\n\n<p class=\"wp-block-paragraph\">Con la representaci\u00f3n de la gobernadora del estado de Quintana Roo, Mara Lezama Espinosa, la secretaria de Educaci\u00f3n local, Elda Mar\u00eda Xix Eu\u00e1n, destac\u00f3 la iniciativa del Gobierno de M\u00e9xico por abrir el debate sobre el uso de dispositivos digitales en las escuelas, lo que va en sinton\u00eda con la visi\u00f3n de la jefa del Ejecutivo Federal de que la educaci\u00f3n es un pilar tambi\u00e9n de la salud.<\/p>\n\n\n\n<p class=\"wp-block-paragraph\">Agreg\u00f3 que el verdadero desaf\u00edo es ense\u00f1ar a las nuevas generaciones a relacionarse con las tecnolog\u00edas de manera cr\u00edtica, capaces de aprovechar sus ventajas, reconocer sus riesgos y, sobre todo, poner l\u00edmites a su uso para tomar decisiones responsables.<\/p>\n\n\n\n<p class=\"wp-block-paragraph\">Dijo que los aportes de las y los maestros servir\u00e1n para adecuar los salones al uso de las tecnolog\u00edas, a trav\u00e9s de una relaci\u00f3n inteligente y humana entre los estudiantes y los dispositivos digitales.<\/p>\n\n\n\n<p class=\"wp-block-paragraph\">La Oficial Nacional de Ciencias Sociales y Humanas de la UNESCO en M\u00e9xico, Paola Cicero asegur\u00f3 que para el organismo es un gusto acompa\u00f1ar este di\u00e1logo nacional, a trav\u00e9s de su participaci\u00f3n en estos foros, que muestran el compromiso del Gobierno de M\u00e9xico, para atender la importancia que este tema ha adquirido en la agenda nacional.<\/p>\n\n\n\n<p class=\"wp-block-paragraph\">Se\u00f1al\u00f3 que se trata de un asunto relacionado con el nuevo entorno tecnol\u00f3gico en el que viven las ni\u00f1as y los ni\u00f1os, quienes se informan, interact\u00faan y aprenden mediante estas herramientas, pero que tambi\u00e9n pueden afectar su vida personal y alterar sus emociones. Ante ello, destac\u00f3 que la pregunta que se busca responder es qu\u00e9 tipo de relaci\u00f3n se debe tener con esta tecnolog\u00eda.<\/p>\n\n\n\n<p class=\"wp-block-paragraph\">Al dar la bienvenida a las y los asistentes al foro, la rectora de la UQroo, Consuelo Natalia Fiorentini Ca\u00f1edo, se\u00f1al\u00f3 que las nuevas tecnolog\u00edas dejaron de ser herramientas complementarias para convertirse en elementos sustanciales para la educaci\u00f3n de las y los estudiantes. Se\u00f1al\u00f3 que el uso de la tecnolog\u00eda no es igual en todo el pa\u00eds, por lo que ser\u00eda un error reducir la discusi\u00f3n solo a decir si las pantallas son buenas o malas.<\/p>\n\n\n\n<p class=\"wp-block-paragraph\">Estuvieron presentes en el panel de inauguraci\u00f3n el titular de la Unidad de Asuntos Jur\u00eddicos y Regulaci\u00f3n de la SEP, Eur\u00edpides Flores Pacheco; del TEC de Monterrey, Mar\u00eda Claudia Uribe Salazar y de la Universidad Veracruzana, Alberto Ram\u00edrez Martinell.<\/p>\n\n\n\n<p class=\"wp-block-paragraph\">Como parte de este foro, se llevaron a cabo paneles y mesas de discusi\u00f3n, en los que se escucharon las voces y propuestas de madres y padres de familia, maestras y maestros, as\u00ed como de las y los estudiantes.<\/p>\n","protected":false},"excerpt":{"rendered":"<p>Al encabezar los trabajos del Quinto Foro Regional Sur-Sureste \u201cLa vida frente a la pantalla:&#8230;<\/p>\n","protected":false},"author":2,"featured_media":15607,"comment_status":"closed","ping_status":"open","sticky":false,"template":"","format":"standard","meta":{"_jetpack_newsletter_access":"","_jetpack_dont_email_post_to_subs":false,"_jetpack_newsletter_tier_id":0,"_jetpack_memberships_contains_paywalled_content":false,"_jetpack_feature_clip_id":0,"_jetpack_memberships_contains_paid_content":false,"footnotes":"","jetpack_publicize_message":"","jetpack_publicize_feature_enabled":true,"jetpack_social_post_already_shared":true,"jetpack_social_options":{"image_generator_settings":{"template":"highway","default_image_id":0,"font":"","enabled":false},"version":2},"jetpack_post_was_ever_published":false},"categories":[7],"tags":[],"class_list":["post-15606","post","type-post","status-publish","format-standard","has-post-thumbnail","hentry","category-monitor-nacional"],"jetpack_publicize_connections":[],"jetpack_sharing_enabled":true,"jetpack_featured_media_url":"https:\/\/monitortamaulipas.com.mx\/wp-content\/uploads\/2026\/09\/Nacional-1-2.jpeg","_links":{"self":[{"href":"https:\/\/monitortamaulipas.com.mx\/index.php?rest_route=\/wp\/v2\/posts\/15606","targetHints":{"allow":["GET"]}}],"collection":[{"href":"https:\/\/monitortamaulipas.com.mx\/index.php?rest_route=\/wp\/v2\/posts"}],"about":[{"href":"https:\/\/monitortamaulipas.com.mx\/index.php?rest_route=\/wp\/v2\/types\/post"}],"author":[{"embeddable":true,"href":"https:\/\/monitortamaulipas.com.mx\/index.php?rest_route=\/wp\/v2\/users\/2"}],"replies":[{"embeddable":true,"href":"https:\/\/monitortamaulipas.com.mx\/index.php?rest_route=%2Fwp%2Fv2%2Fcomments&post=15606"}],"version-history":[{"count":1,"href":"https:\/\/monitortamaulipas.com.mx\/index.php?rest_route=\/wp\/v2\/posts\/15606\/revisions"}],"predecessor-version":[{"id":15608,"href":"https:\/\/monitortamaulipas.com.mx\/index.php?rest_route=\/wp\/v2\/posts\/15606\/revisions\/15608"}],"wp:featuredmedia":[{"embeddable":true,"href":"https:\/\/monitortamaulipas.com.mx\/index.php?rest_route=\/wp\/v2\/media\/15607"}],"wp:attachment":[{"href":"https:\/\/monitortamaulipas.com.mx\/index.php?rest_route=%2Fwp%2Fv2%2Fmedia&parent=15606"}],"wp:term":[{"taxonomy":"category","embeddable":true,"href":"https:\/\/monitortamaulipas.com.mx\/index.php?rest_route=%2Fwp%2Fv2%2Fcategories&post=15606"},{"taxonomy":"post_tag","embeddable":true,"href":"https:\/\/monitortamaulipas.com.mx\/index.php?rest_route=%2Fwp%2Fv2%2Ftags&post=15606"}],"curies":[{"name":"wp","href":"https:\/\/api.w.org\/{rel}","templated":true}]}}