{"id":15603,"date":"2026-09-03T20:49:15","date_gmt":"2026-09-04T01:49:15","guid":{"rendered":"https:\/\/monitortamaulipas.com.mx\/?p=15603"},"modified":"2026-09-03T20:49:20","modified_gmt":"2026-09-04T01:49:20","slug":"el-secretario-marcelo-ebrard-impulsa-el-desarrollo-en-mexico-de-la-inteligencia-artificial-durante-reunion-del-g20-en-carolina-del-norte","status":"publish","type":"post","link":"https:\/\/monitortamaulipas.com.mx\/?p=15603","title":{"rendered":"El secretario Marcelo Ebrard impulsa el desarrollo en M\u00e9xico de la Inteligencia Artificial, durante reuni\u00f3n del G20 en Carolina del Norte"},"content":{"rendered":"\n<p class=\"wp-block-paragraph\"><strong>\u2022&nbsp;Ebrard se re\u00fane con el secretario de Comercio de EE. UU., Howard&nbsp;Lutnick, para avanzar en temas de comercio e innovaci\u00f3n<\/strong><\/p>\n\n\n\n<p class=\"wp-block-paragraph\"><strong>\u2022&nbsp;El CEO de&nbsp;Nvidia, Jensen&nbsp;Huang, acuerda con Ebrard visitar M\u00e9xico y promover el desarrollo de la IA en el pa\u00eds&nbsp;<\/strong><\/p>\n\n\n\n<p class=\"wp-block-paragraph\"><strong>\u2022&nbsp;\u201cLa irrupci\u00f3n de la IA en la econom\u00eda es como cuando se comenz\u00f3 a usar la energ\u00eda el\u00e9ctrica en la industria\u201d, explica&nbsp;<\/strong><\/p>\n\n\n\n<p class=\"wp-block-paragraph\">El secretario de Econom\u00eda, Marcelo Ebrard, represent\u00f3 a M\u00e9xico en la reuni\u00f3n de ministros de Innovaci\u00f3n del G20, celebrada hoy en&nbsp;ChapelHill, Carolina del Norte.&nbsp;<\/p>\n\n\n\n<p class=\"wp-block-paragraph\">Marcelo&nbsp;Ebrard particip\u00f3 en las reuniones plenarias del G20; sostuvo, adem\u00e1s, encuentros privados con ministros y altos funcionarios internacionales, as\u00ed como con directivos de algunas de las empresas m\u00e1s relevantes de Inteligencia Artificial (IA) en el mundo.<\/p>\n\n\n\n<p class=\"wp-block-paragraph\">En Carolina del Norte, el secretario&nbsp;Marcelo&nbsp;Ebrard inici\u00f3 sus actividades con un encuentro bilateral con el secretario de Comercio estadounidense, Howard&nbsp;Lutnick, con quien abord\u00f3 temas como el desarrollo tecnol\u00f3gico de la regi\u00f3n de Am\u00e9rica del Norte, as\u00ed como asuntos de la agenda comercial entre ambos pa\u00edses.<\/p>\n\n\n\n<p class=\"wp-block-paragraph\">El secretario de Econom\u00eda sostuvo una reuni\u00f3n de trabajo con Henna&nbsp;Virkkunen, vicepresidenta ejecutiva de la Comisi\u00f3n Europea para Soberan\u00eda Tecnol\u00f3gica, Seguridad y Democracia, con quien acord\u00f3 establecer una agenda&nbsp;de innovaci\u00f3n coordinada entre M\u00e9xico y la Uni\u00f3n Europea.<\/p>\n\n\n\n<p class=\"wp-block-paragraph\">Por separado, se reuni\u00f3 con Kim Jung-kwan, ministro de Comercio, Industria y recursos de la Rep\u00fablica de Corea.<\/p>\n\n\n\n<p class=\"wp-block-paragraph\"><strong>Impulso de la IA en M\u00e9xico&nbsp;<\/strong><\/p>\n\n\n\n<p class=\"wp-block-paragraph\">El G20 re\u00fane a las principales econom\u00edas del mundo, que&nbsp;en conjunto concentran cerca de&nbsp;85 por ciento del Producto Interno Bruto global y alrededor de tres cuartas partes del comercio internacional. La reuni\u00f3n ministerial de este a\u00f1o coloc\u00f3 a la IA en el centro de la agenda econ\u00f3mica multilateral, en un momento en que los pa\u00edses definen las reglas que regir\u00e1n su desarrollo, su adopci\u00f3n industrial y su gobernanza.<\/p>\n\n\n\n<p class=\"wp-block-paragraph\">Durante su visita a Carolina del Norte, el secretario Ebrard se reuni\u00f3 con algunos de los principales actores tecnol\u00f3gicos del mundo, entre ellos Jensen&nbsp;Huang, CEO de NVIDIA, Sam&nbsp;Altman, CEO de Open AI y Tom Brown,&nbsp;co-fundador de&nbsp;Anthropic.<\/p>\n\n\n\n<p class=\"wp-block-paragraph\">El secretario Ebrard y&nbsp;Huang&nbsp;acordaron organizar una&nbsp;visita&nbsp;del empresario a&nbsp;M\u00e9xico para avanzar en el desarrollo de capacidades y despliegue de la IA en nuestro pa\u00eds.<\/p>\n\n\n\n<p class=\"wp-block-paragraph\">\u201cResulta que las supercomputadoras de inteligencia artificial de NVIDIA se construyen en M\u00e9xico\u2026 Espero con entusiasmo poder visitar M\u00e9xico y ayudar a impulsar al pa\u00eds hacia la era, hacia la edad de la inteligencia artificial\u201d, expres\u00f3&nbsp;Huang&nbsp;a Ebrard.<\/p>\n\n\n\n<p class=\"wp-block-paragraph\">El titular de la Secretar\u00eda de Econom\u00eda&nbsp;expuso que M\u00e9xico debe desarrollar sus capacidades en IA dado que el impacto que \u00e9sta tendr\u00e1 en la econom\u00eda es&nbsp;tan&nbsp;disruptiva&nbsp;como la que en su momento&nbsp;tuvo&nbsp;la llegada de la energ\u00eda el\u00e9ctrica a la manufactura.<\/p>\n\n\n\n<p class=\"wp-block-paragraph\"><strong>Crecen nuevas patentes en M\u00e9xico<\/strong>&nbsp;<\/p>\n\n\n\n<p class=\"wp-block-paragraph\">Ebrard record\u00f3 que M\u00e9xico trabaja para fortalecer su capacidad productiva y la integraci\u00f3n de proveedores nacionales en cadenas de valor de la nueva econom\u00eda de datos en el marco del Plan M\u00e9xico.<\/p>\n\n\n\n<p class=\"wp-block-paragraph\">En la sesi\u00f3n dedicada a las pol\u00edticas de propiedad intelectual para la IA, Marcelo Ebrard destac\u00f3 que&nbsp;los cambios implementados al interior del IMPI derivaron en un incremento de casi el 50 por ciento en el otorgamiento de nuevas patentes en M\u00e9xico entre 2024 y 2025.<\/p>\n","protected":false},"excerpt":{"rendered":"<p>\u2022&nbsp;Ebrard se re\u00fane con el secretario de Comercio de EE. UU., Howard&nbsp;Lutnick, para avanzar en&#8230;<\/p>\n","protected":false},"author":2,"featured_media":15604,"comment_status":"closed","ping_status":"open","sticky":false,"template":"","format":"standard","meta":{"_jetpack_newsletter_access":"","_jetpack_dont_email_post_to_subs":false,"_jetpack_newsletter_tier_id":0,"_jetpack_memberships_contains_paywalled_content":false,"_jetpack_feature_clip_id":0,"_jetpack_memberships_contains_paid_content":false,"footnotes":"","jetpack_publicize_message":"","jetpack_publicize_feature_enabled":true,"jetpack_social_post_already_shared":true,"jetpack_social_options":{"image_generator_settings":{"template":"highway","default_image_id":0,"font":"","enabled":false},"version":2},"jetpack_post_was_ever_published":false},"categories":[9],"tags":[],"class_list":["post-15603","post","type-post","status-publish","format-standard","has-post-thumbnail","hentry","category-monitor-economico"],"jetpack_publicize_connections":[],"jetpack_sharing_enabled":true,"jetpack_featured_media_url":"https:\/\/monitortamaulipas.com.mx\/wp-content\/uploads\/2026\/09\/Economia-1-e1788486517529.jpeg","_links":{"self":[{"href":"https:\/\/monitortamaulipas.com.mx\/index.php?rest_route=\/wp\/v2\/posts\/15603","targetHints":{"allow":["GET"]}}],"collection":[{"href":"https:\/\/monitortamaulipas.com.mx\/index.php?rest_route=\/wp\/v2\/posts"}],"about":[{"href":"https:\/\/monitortamaulipas.com.mx\/index.php?rest_route=\/wp\/v2\/types\/post"}],"author":[{"embeddable":true,"href":"https:\/\/monitortamaulipas.com.mx\/index.php?rest_route=\/wp\/v2\/users\/2"}],"replies":[{"embeddable":true,"href":"https:\/\/monitortamaulipas.com.mx\/index.php?rest_route=%2Fwp%2Fv2%2Fcomments&post=15603"}],"version-history":[{"count":1,"href":"https:\/\/monitortamaulipas.com.mx\/index.php?rest_route=\/wp\/v2\/posts\/15603\/revisions"}],"predecessor-version":[{"id":15605,"href":"https:\/\/monitortamaulipas.com.mx\/index.php?rest_route=\/wp\/v2\/posts\/15603\/revisions\/15605"}],"wp:featuredmedia":[{"embeddable":true,"href":"https:\/\/monitortamaulipas.com.mx\/index.php?rest_route=\/wp\/v2\/media\/15604"}],"wp:attachment":[{"href":"https:\/\/monitortamaulipas.com.mx\/index.php?rest_route=%2Fwp%2Fv2%2Fmedia&parent=15603"}],"wp:term":[{"taxonomy":"category","embeddable":true,"href":"https:\/\/monitortamaulipas.com.mx\/index.php?rest_route=%2Fwp%2Fv2%2Fcategories&post=15603"},{"taxonomy":"post_tag","embeddable":true,"href":"https:\/\/monitortamaulipas.com.mx\/index.php?rest_route=%2Fwp%2Fv2%2Ftags&post=15603"}],"curies":[{"name":"wp","href":"https:\/\/api.w.org\/{rel}","templated":true}]}}