{"id":15578,"date":"2026-09-03T20:17:51","date_gmt":"2026-09-04T01:17:51","guid":{"rendered":"https:\/\/monitortamaulipas.com.mx\/?p=15578"},"modified":"2026-09-03T20:17:55","modified_gmt":"2026-09-04T01:17:55","slug":"inicia-ietam-recepcion-de-manifestaciones-de-intencion-de-partidos-politicos-para-participar-en-el-proceso-electoral-ordinario-2026-2027","status":"publish","type":"post","link":"https:\/\/monitortamaulipas.com.mx\/?p=15578","title":{"rendered":"Inicia IETAM recepci\u00f3n de manifestaciones de intenci\u00f3n de partidos pol\u00edticos para participar en el Proceso Electoral\u00a0Ordinario\u00a02026-2027"},"content":{"rendered":"\n<p class=\"wp-block-paragraph\">En cumplimiento a lo establecido en los Puntos Primero y Segundo del Acuerdo No. 35\/2026, aprobado por el Consejo General del Instituto Electoral de Tamaulipas (IETAM), este jueves 3 de septiembre inici\u00f3 la recepci\u00f3n de las manifestaciones de intenci\u00f3n y documentaci\u00f3n correspondiente de los partidos pol\u00edticos que participar\u00e1n en el Proceso Electoral Ordinario 2026-2027, en el que las y los tamaulipecos habremos de renovar la integraci\u00f3n del Congreso del Estado y los 43 ayuntamientos.<\/p>\n\n\n\n<p class=\"wp-block-paragraph\">El Consejero Presidente del IETAM, Mtro. Juan Jos\u00e9 Ramos Charre, reconoci\u00f3 el papel fundamental que desempe\u00f1an los partidos pol\u00edticos como instrumentos de representaci\u00f3n, participaci\u00f3n ciudadana y formaci\u00f3n de la voluntad popular en los procesos democr\u00e1ticos.<\/p>\n\n\n\n<p class=\"wp-block-paragraph\">Se\u00f1al\u00f3 que la documentaci\u00f3n presentada ser\u00e1 turnada al \u00e1rea ejecutiva correspondiente del Instituto para su an\u00e1lisis y revisi\u00f3n, de conformidad con lo establecido en los art\u00edculos 74 y 75 de la Ley Electoral del Estado de Tamaulipas y en el Acuerdo referido.<\/p>\n\n\n\n<p class=\"wp-block-paragraph\">En este sentido, indic\u00f3 que, una vez verificado el cumplimiento de los requisitos establecidos en la normativa electoral, se proceder\u00e1, en su caso, a la entrega de la constancia de participaci\u00f3n durante la sesi\u00f3n de inicio del Proceso Electoral Ordinario 2026-2027, que tendr\u00e1 verificativo el pr\u00f3ximo domingo 13 de septiembre.<\/p>\n\n\n\n<p class=\"wp-block-paragraph\">La manifestaci\u00f3n de intenci\u00f3n constituye un acto relevante previo al inicio formal del proceso electoral, ya que permite a los institutos pol\u00edticos dar cumplimiento a las obligaciones previstas en la legislaci\u00f3n electoral y continuar con las actividades preparatorias para su participaci\u00f3n en los comicios.<\/p>\n\n\n\n<p class=\"wp-block-paragraph\">De acuerdo con la agenda establecida, en primer&nbsp;t\u00e9rmino&nbsp;acudi\u00f3 ante el IETAM la dirigencia estatal de Movimiento Ciudadano, encabezada por Gustavo C\u00e1rdenas Guti\u00e9rrez, Delegado Nacional, y Roberto Lee Ponce, Coordinador Estatal, acompa\u00f1ados de militantes y simpatizantes de este instituto pol\u00edtico.<\/p>\n\n\n\n<p class=\"wp-block-paragraph\">El acto protocolario se llev\u00f3 a cabo en la Sala de Capacitaci\u00f3n del IETAM, con la presencia de las consejeras electorales Marcia Laura Garza Robles y Mayra Gisela Lugo Rodr\u00edguez; los consejeros electorales Eliseo Garc\u00eda Gonz\u00e1lez y Alfredo D\u00edaz&nbsp;D\u00edaz, as\u00ed como el Secretario Ejecutivo, Juan de Dios \u00c1lvarez Ortiz.<\/p>\n\n\n\n<p class=\"wp-block-paragraph\">El Proceso Electoral Ordinario 2026-2027 en Tamaulipas dar\u00e1 inicio formalmente el pr\u00f3ximo domingo 13 de septiembre, fecha a partir de la cual comenzar\u00e1n las actividades correspondientes a la organizaci\u00f3n y desarrollo de las elecciones para la renovaci\u00f3n del Congreso del Estado y los 43 ayuntamientos.<\/p>\n\n\n\n<p class=\"wp-block-paragraph\">Ser\u00e1 durante el transcurso de los pr\u00f3ximos d\u00edas cuando acudan ante el Instituto Electoral de Tamaulipas las representaciones de los partidos pol\u00edticos&nbsp;nacionales, quienes deber\u00e1n presentar el escrito de manifestaci\u00f3n de intenci\u00f3n para participar en el Proceso Electoral Ordinario 2026-2027, teniendo como plazo m\u00e1ximo el pr\u00f3ximo jueves 10 de septiembre, a las 16:00 horas.<\/p>\n","protected":false},"excerpt":{"rendered":"<p>En cumplimiento a lo establecido en los Puntos Primero y Segundo del Acuerdo No. 35\/2026,&#8230;<\/p>\n","protected":false},"author":2,"featured_media":15579,"comment_status":"closed","ping_status":"open","sticky":false,"template":"","format":"standard","meta":{"_jetpack_newsletter_access":"","_jetpack_dont_email_post_to_subs":false,"_jetpack_newsletter_tier_id":0,"_jetpack_memberships_contains_paywalled_content":false,"_jetpack_feature_clip_id":0,"_jetpack_memberships_contains_paid_content":false,"footnotes":"","jetpack_publicize_message":"","jetpack_publicize_feature_enabled":true,"jetpack_social_post_already_shared":true,"jetpack_social_options":{"image_generator_settings":{"template":"highway","default_image_id":0,"font":"","enabled":false},"version":2},"jetpack_post_was_ever_published":false},"categories":[6],"tags":[],"class_list":["post-15578","post","type-post","status-publish","format-standard","has-post-thumbnail","hentry","category-monitor-estatal"],"jetpack_publicize_connections":[],"jetpack_sharing_enabled":true,"jetpack_featured_media_url":"https:\/\/monitortamaulipas.com.mx\/wp-content\/uploads\/2026\/09\/Estado-1-2.jpeg","_links":{"self":[{"href":"https:\/\/monitortamaulipas.com.mx\/index.php?rest_route=\/wp\/v2\/posts\/15578","targetHints":{"allow":["GET"]}}],"collection":[{"href":"https:\/\/monitortamaulipas.com.mx\/index.php?rest_route=\/wp\/v2\/posts"}],"about":[{"href":"https:\/\/monitortamaulipas.com.mx\/index.php?rest_route=\/wp\/v2\/types\/post"}],"author":[{"embeddable":true,"href":"https:\/\/monitortamaulipas.com.mx\/index.php?rest_route=\/wp\/v2\/users\/2"}],"replies":[{"embeddable":true,"href":"https:\/\/monitortamaulipas.com.mx\/index.php?rest_route=%2Fwp%2Fv2%2Fcomments&post=15578"}],"version-history":[{"count":1,"href":"https:\/\/monitortamaulipas.com.mx\/index.php?rest_route=\/wp\/v2\/posts\/15578\/revisions"}],"predecessor-version":[{"id":15580,"href":"https:\/\/monitortamaulipas.com.mx\/index.php?rest_route=\/wp\/v2\/posts\/15578\/revisions\/15580"}],"wp:featuredmedia":[{"embeddable":true,"href":"https:\/\/monitortamaulipas.com.mx\/index.php?rest_route=\/wp\/v2\/media\/15579"}],"wp:attachment":[{"href":"https:\/\/monitortamaulipas.com.mx\/index.php?rest_route=%2Fwp%2Fv2%2Fmedia&parent=15578"}],"wp:term":[{"taxonomy":"category","embeddable":true,"href":"https:\/\/monitortamaulipas.com.mx\/index.php?rest_route=%2Fwp%2Fv2%2Fcategories&post=15578"},{"taxonomy":"post_tag","embeddable":true,"href":"https:\/\/monitortamaulipas.com.mx\/index.php?rest_route=%2Fwp%2Fv2%2Ftags&post=15578"}],"curies":[{"name":"wp","href":"https:\/\/api.w.org\/{rel}","templated":true}]}}