{"id":15572,"date":"2026-09-03T20:10:11","date_gmt":"2026-09-04T01:10:11","guid":{"rendered":"https:\/\/monitortamaulipas.com.mx\/?p=15572"},"modified":"2026-09-03T20:10:16","modified_gmt":"2026-09-04T01:10:16","slug":"primera-llamada-presenta-itca-la-edicion-2026-del-festival-internacional-en-la-costa-del-seno-mexicano","status":"publish","type":"post","link":"https:\/\/monitortamaulipas.com.mx\/?p=15572","title":{"rendered":"Primera llamada: Presenta ITCA la edici\u00f3n 2026 del Festival Internacional en la Costa del Seno Mexicano"},"content":{"rendered":"\n<p class=\"wp-block-paragraph\">-Este a\u00f1o el Festival se realizar\u00e1 del 2 al 11 de octubre en los 43 municipios del estado, con m\u00e1s de 1200 artistas girando por el territorio tamaulipeco. Los eventos son en su totalidad de entrada gratuita<\/p>\n\n\n\n<p class=\"wp-block-paragraph\">Septiembre 03 de 2026<\/p>\n\n\n\n<p class=\"wp-block-paragraph\">Ciudad Victoria, Tamaulipas.- La fiesta cultural de Tamaulipas vuelve este 2026 gracias al impulso del gobernador Am\u00e9rico Villarreal Anaya, quien reconoce en el festival una tradici\u00f3n que por 33 a\u00f1os ha sido estandarte de la cultura en nuestro estado pero adem\u00e1s, ve en \u00e9l un catalizador de inclusi\u00f3n y transformaci\u00f3n social.<\/p>\n\n\n\n<p class=\"wp-block-paragraph\">Este a\u00f1o la inauguraci\u00f3n oficial se llevar\u00e1 a cabo en el Centro de Arte y Cultura del Parque Cultural Reynosa con la presentaci\u00f3n del Ballet Folkl\u00f3rico de M\u00e9xico de Amalia Hern\u00e1ndez, con el inicio simult\u00e1neo en cada regi\u00f3n tamaulipeca.<\/p>\n\n\n\n<p class=\"wp-block-paragraph\">\u201cSeguimos impulsando el rumbo que tom\u00f3 el festival en 2025, buscando que la fiesta cultural de Tamaulipas sea un espacio diverso donde todas las personas est\u00e9n incluidas\u201d, extern\u00f3 H\u00e9ctor Romero-Lecanda, director general del Instituto Tamaulipeco para la Cultura y las Artes (ITCA).<\/p>\n\n\n\n<p class=\"wp-block-paragraph\">&#8220;Porque la encomienda del gobernador es que cada comunidad en Tamaulipas, sin importar distancias geogr\u00e1ficas, pueda ejercer su derecho a la cultura, desde la ni\u00f1ez hasta los adultos mayores, desde las cabeceras municipales hasta los ejidos y poblados con menos acceso cultural&#8221;, reiter\u00f3 Romero- Lecanda.<\/p>\n\n\n\n<p class=\"wp-block-paragraph\">M\u00c1S DE 1200 ARTISTAS GIRANDO EN TAMAULIPAS<br>Este a\u00f1o la programaci\u00f3n del Festival Internacional en la Costa del Seno Mexicano se conforma por 85 propuestas tamaulipecas, nacionales e internacionales, que se traducir\u00e1n en m\u00e1s de 300 presentaciones art\u00edsticas y acciones culturales por todo el estado.<\/p>\n\n\n\n<p class=\"wp-block-paragraph\">La cartelera internacional se destaca por invitados de Argentina, Puerto Rico, Brasil, Cuba, Francia, Irlanda, Australia, Senegal y M\u00e9xico, fortaleciendo el encuentro multicultural en nuestro estado.<\/p>\n\n\n\n<p class=\"wp-block-paragraph\">Entre los espect\u00e1culos internacionales destacan Manoella Torres con su espect\u00e1culo &#8220;Sin cuenta&#8221;, el reconocido cantante y compositor argentino Nahuel Penissi, Momi Maiga y Rita Donte, quienes representan la fusi\u00f3n de g\u00e9neros de ra\u00edz afrocubana, Irish Dance Theatre con el espect\u00e1culo de danza &#8220;Leaving Ireland&#8221; y Sampling is beautiful que desde Francia llegan con una propuesta \u00fanica de jazz.<\/p>\n\n\n\n<p class=\"wp-block-paragraph\">Por otra parte, la programaci\u00f3n se nutre con 28 agrupaciones nacionales como el Ballet Folkl\u00f3rico de M\u00e9xico de Amalia Hern\u00e1ndez, Leticia de Altamirano y Los Panchos, Cynthia S\u00e1nchez y Antiqva Metropoli y la Compa\u00f1\u00eda Bestias Creativas, entre otros.<\/p>\n\n\n\n<p class=\"wp-block-paragraph\">El Festival es tambi\u00e9n una oportunidad para dar voz y difusi\u00f3n al talento tamaulipeco, por lo que ser\u00e1n 49 propuestas de artistas provenientes de nuestro estado, los que fortalecer\u00e1n esta fiesta, con proyectos de gran calidad, resultado de la convocatoria emitida en febrero de este a\u00f1o.<\/p>\n\n\n\n<p class=\"wp-block-paragraph\">IDENTIDAD Y PRODUCCI\u00d3N ORIGINAL<br>En 2025 se realiz\u00f3 la producci\u00f3n original &#8220;Polvo enamorado&#8221;, espect\u00e1culo musical a cargo del Gobierno del Estado de Tamaulipas para el Festival. Este a\u00f1o tocar\u00e1 el turno a la danza contempor\u00e1nea con la producci\u00f3n original de &#8220;Entre viento y marea&#8221;.<\/p>\n\n\n\n<p class=\"wp-block-paragraph\">El proyecto dirigido por la maestra tamaulipeca Cecilia Lugo y que contar\u00e1 con la participaci\u00f3n de Jaramar Soto, el Centro de Producci\u00f3n de Danza Contempor\u00e1nea (CEPRODAC) del Instituto Nacional de Bellas Artes y Literatura y un ensamble de bailarines de diversas regiones de Tamaulipas.<\/p>\n\n\n\n<p class=\"wp-block-paragraph\">La trig\u00e9sima tercera edici\u00f3n del FICSM ofrecer\u00e1 propuestas dirigidas a ni\u00f1as, ni\u00f1os, j\u00f3venes y adultos, con espect\u00e1culos que abarcan desde producciones familiares hasta propuestas de creaci\u00f3n contempor\u00e1nea.<\/p>\n\n\n\n<p class=\"wp-block-paragraph\">Con obras de teatro para infancias, espect\u00e1culos musicales, danza tradicional y contempor\u00e1nea, \u00f3pera, bolero, jazz, rock, m\u00fasica popular y propuestas multidisciplinarias, el Gobierno de Tamaulipas, a trav\u00e9s de la Secretar\u00eda de Bienestar Social y el Instituto Tamaulipeco para la Cultura y las Artes busca recuperar el sentido comunitario en el espacio p\u00fablico, como un c\u00edrculo virtuoso de bienestar, econom\u00eda local y desarrollo cultural.<\/p>\n\n\n\n<p class=\"wp-block-paragraph\">EL FESTIVAL EN DATOS:<br>Estados invitados: Hidalgo y Veracruz<br>Del 2 al 11 de octubre de 2026<br>43 municipios | 10 d\u00edas | +300 presentaciones | +1,200 artistas<\/p>\n\n\n\n<p class=\"wp-block-paragraph\">CONSULTA<br>La cartelera completa del FICSM 2026, por municipios y por artistas:<br><a href=\"https:\/\/www.itcadigital.mx\/festival\">https:\/\/www.itcadigital.mx\/festival<\/a><\/p>\n\n\n\n<p class=\"wp-block-paragraph\">Kit de prensa:<br><a href=\"https:\/\/drive.google.com\/drive\/folders\/192pZaGwOp6H05yW4Nv3TEnx3_B5AU-kD?usp=drive_link\">https:\/\/drive.google.com\/drive\/folders\/192pZaGwOp6H05yW4Nv3TEnx3_B5AU-kD?usp=drive_link<\/a><\/p>\n\n\n\n<p class=\"wp-block-paragraph\">Lista de m\u00fasica de artistas que forman parte de la programaci\u00f3n:<br>Spotify: <a href=\"https:\/\/open.spotify.com\/playlist\/2E2e2zaL6aiiQG2eo2UvdT?si=R_dfulpoTKKhg2F4lVHg-g\">https:\/\/open.spotify.com\/playlist\/2E2e2zaL6aiiQG2eo2UvdT?si=R_dfulpoTKKhg2F4lVHg-g<\/a><\/p>\n\n\n\n<figure class=\"wp-block-gallery has-nested-images columns-default is-cropped wp-block-gallery-1 is-layout-flex wp-block-gallery-is-layout-flex\">\n<figure class=\"wp-block-image size-large\"><img fetchpriority=\"high\" decoding=\"async\" width=\"1024\" height=\"681\" data-id=\"15576\" src=\"https:\/\/monitortamaulipas.com.mx\/wp-content\/uploads\/2026\/09\/Cultura-2-1024x681.jpeg\" alt=\"\" class=\"wp-image-15576\" srcset=\"https:\/\/monitortamaulipas.com.mx\/wp-content\/uploads\/2026\/09\/Cultura-2-1024x681.jpeg 1024w, https:\/\/monitortamaulipas.com.mx\/wp-content\/uploads\/2026\/09\/Cultura-2-300x200.jpeg 300w, https:\/\/monitortamaulipas.com.mx\/wp-content\/uploads\/2026\/09\/Cultura-2-768x511.jpeg 768w, https:\/\/monitortamaulipas.com.mx\/wp-content\/uploads\/2026\/09\/Cultura-2-1536x1021.jpeg 1536w, https:\/\/monitortamaulipas.com.mx\/wp-content\/uploads\/2026\/09\/Cultura-2.jpeg 1600w\" sizes=\"(max-width: 1024px) 100vw, 1024px\" \/><\/figure>\n\n\n\n<figure class=\"wp-block-image size-large\"><img decoding=\"async\" width=\"1024\" height=\"683\" data-id=\"15574\" src=\"https:\/\/monitortamaulipas.com.mx\/wp-content\/uploads\/2026\/09\/Cultura-3-1024x683.jpeg\" alt=\"\" class=\"wp-image-15574\" srcset=\"https:\/\/monitortamaulipas.com.mx\/wp-content\/uploads\/2026\/09\/Cultura-3-1024x683.jpeg 1024w, https:\/\/monitortamaulipas.com.mx\/wp-content\/uploads\/2026\/09\/Cultura-3-300x200.jpeg 300w, https:\/\/monitortamaulipas.com.mx\/wp-content\/uploads\/2026\/09\/Cultura-3-768x512.jpeg 768w, https:\/\/monitortamaulipas.com.mx\/wp-content\/uploads\/2026\/09\/Cultura-3-1536x1024.jpeg 1536w, https:\/\/monitortamaulipas.com.mx\/wp-content\/uploads\/2026\/09\/Cultura-3.jpeg 1600w\" sizes=\"(max-width: 1024px) 100vw, 1024px\" \/><\/figure>\n\n\n\n<figure class=\"wp-block-image size-large\"><img decoding=\"async\" width=\"1024\" height=\"682\" data-id=\"15575\" src=\"https:\/\/monitortamaulipas.com.mx\/wp-content\/uploads\/2026\/09\/Cultura-4-1024x682.jpeg\" alt=\"\" class=\"wp-image-15575\" srcset=\"https:\/\/monitortamaulipas.com.mx\/wp-content\/uploads\/2026\/09\/Cultura-4-1024x682.jpeg 1024w, https:\/\/monitortamaulipas.com.mx\/wp-content\/uploads\/2026\/09\/Cultura-4-300x200.jpeg 300w, https:\/\/monitortamaulipas.com.mx\/wp-content\/uploads\/2026\/09\/Cultura-4-768x512.jpeg 768w, https:\/\/monitortamaulipas.com.mx\/wp-content\/uploads\/2026\/09\/Cultura-4-1536x1023.jpeg 1536w, https:\/\/monitortamaulipas.com.mx\/wp-content\/uploads\/2026\/09\/Cultura-4.jpeg 1600w\" sizes=\"(max-width: 1024px) 100vw, 1024px\" \/><\/figure>\n<\/figure>\n","protected":false},"excerpt":{"rendered":"<p>-Este a\u00f1o el Festival se realizar\u00e1 del 2 al 11 de octubre en los 43&#8230;<\/p>\n","protected":false},"author":2,"featured_media":15573,"comment_status":"closed","ping_status":"open","sticky":false,"template":"","format":"standard","meta":{"_jetpack_newsletter_access":"","_jetpack_dont_email_post_to_subs":false,"_jetpack_newsletter_tier_id":0,"_jetpack_memberships_contains_paywalled_content":false,"_jetpack_feature_clip_id":0,"_jetpack_memberships_contains_paid_content":false,"footnotes":"","jetpack_publicize_message":"","jetpack_publicize_feature_enabled":true,"jetpack_social_post_already_shared":true,"jetpack_social_options":{"image_generator_settings":{"template":"highway","default_image_id":0,"font":"","enabled":false},"version":2},"jetpack_post_was_ever_published":false},"categories":[11],"tags":[],"class_list":["post-15572","post","type-post","status-publish","format-standard","has-post-thumbnail","hentry","category-monitor-en-la-cultura-y-los-espectaculos"],"jetpack_publicize_connections":[],"jetpack_sharing_enabled":true,"jetpack_featured_media_url":"https:\/\/monitortamaulipas.com.mx\/wp-content\/uploads\/2026\/09\/Cultura-1.jpeg","_links":{"self":[{"href":"https:\/\/monitortamaulipas.com.mx\/index.php?rest_route=\/wp\/v2\/posts\/15572","targetHints":{"allow":["GET"]}}],"collection":[{"href":"https:\/\/monitortamaulipas.com.mx\/index.php?rest_route=\/wp\/v2\/posts"}],"about":[{"href":"https:\/\/monitortamaulipas.com.mx\/index.php?rest_route=\/wp\/v2\/types\/post"}],"author":[{"embeddable":true,"href":"https:\/\/monitortamaulipas.com.mx\/index.php?rest_route=\/wp\/v2\/users\/2"}],"replies":[{"embeddable":true,"href":"https:\/\/monitortamaulipas.com.mx\/index.php?rest_route=%2Fwp%2Fv2%2Fcomments&post=15572"}],"version-history":[{"count":1,"href":"https:\/\/monitortamaulipas.com.mx\/index.php?rest_route=\/wp\/v2\/posts\/15572\/revisions"}],"predecessor-version":[{"id":15577,"href":"https:\/\/monitortamaulipas.com.mx\/index.php?rest_route=\/wp\/v2\/posts\/15572\/revisions\/15577"}],"wp:featuredmedia":[{"embeddable":true,"href":"https:\/\/monitortamaulipas.com.mx\/index.php?rest_route=\/wp\/v2\/media\/15573"}],"wp:attachment":[{"href":"https:\/\/monitortamaulipas.com.mx\/index.php?rest_route=%2Fwp%2Fv2%2Fmedia&parent=15572"}],"wp:term":[{"taxonomy":"category","embeddable":true,"href":"https:\/\/monitortamaulipas.com.mx\/index.php?rest_route=%2Fwp%2Fv2%2Fcategories&post=15572"},{"taxonomy":"post_tag","embeddable":true,"href":"https:\/\/monitortamaulipas.com.mx\/index.php?rest_route=%2Fwp%2Fv2%2Ftags&post=15572"}],"curies":[{"name":"wp","href":"https:\/\/api.w.org\/{rel}","templated":true}]}}