{"id":15549,"date":"2026-09-02T19:26:01","date_gmt":"2026-09-03T00:26:01","guid":{"rendered":"https:\/\/monitortamaulipas.com.mx\/?p=15549"},"modified":"2026-09-02T19:26:43","modified_gmt":"2026-09-03T00:26:43","slug":"coordina-hugo-resendez-trabajos-de-sesion-99-de-mesa-de-seguridad","status":"publish","type":"post","link":"https:\/\/monitortamaulipas.com.mx\/?p=15549","title":{"rendered":"Coordina Hugo Res\u00e9ndez trabajos de sesi\u00f3n 99 de Mesa de Seguridad."},"content":{"rendered":"\n<p class=\"wp-block-paragraph\">Cd. Victoria, 2 de septiembre de 2026.- El secretario del Ayuntamiento de Victoria, Hugo Res\u00e9ndez Silva, presidi\u00f3 la sesi\u00f3n 99 de la Mesa de Seguridad Municipal, en la que, por instrucci\u00f3n del alcalde Lalo Gatt\u00e1s, coordin\u00f3 los trabajos de colaboraci\u00f3n institucional para reforzar las estrategias de prevenci\u00f3n y paz social en la Capital.<\/p>\n\n\n\n<p class=\"wp-block-paragraph\">En la reuni\u00f3n de trabajo, participaron representantes de las fuerzas de seguridad federales, estatales y municipales, quienes analizaron la incidencia y dieron seguimiento a los operativos de vigilancia en los distintos sectores de la ciudad.<\/p>\n\n\n\n<p class=\"wp-block-paragraph\">&#8220;Por instrucci\u00f3n del alcalde Lalo Gatt\u00e1s seguimos trabajando en equipo, reforzando la prevenci\u00f3n y sumando esfuerzos para que Victoria se mantenga en paz&#8221;, se\u00f1al\u00f3.<\/p>\n\n\n\n<p class=\"wp-block-paragraph\">Res\u00e9ndez Silva destac\u00f3 que, por indicaciones del presidente municipal, se mantiene la coordinaci\u00f3n permanente con la Guardia Estatal, Guardia Nacional, SEDENA, Fiscal\u00eda del Estado, Fiscal\u00eda de la Rep\u00fablica, Tribunal de Justicia, Secretar\u00eda de Educaci\u00f3n y CFE, para atender y garantizar la tranquilidad de las familias victorenses.<\/p>\n\n\n\n<figure class=\"wp-block-image size-large\"><img fetchpriority=\"high\" decoding=\"async\" width=\"1024\" height=\"682\" src=\"https:\/\/monitortamaulipas.com.mx\/wp-content\/uploads\/2026\/09\/Municipio-2-1-1024x682.jpeg\" alt=\"\" class=\"wp-image-15551\" srcset=\"https:\/\/monitortamaulipas.com.mx\/wp-content\/uploads\/2026\/09\/Municipio-2-1-1024x682.jpeg 1024w, https:\/\/monitortamaulipas.com.mx\/wp-content\/uploads\/2026\/09\/Municipio-2-1-300x200.jpeg 300w, https:\/\/monitortamaulipas.com.mx\/wp-content\/uploads\/2026\/09\/Municipio-2-1-768x511.jpeg 768w, https:\/\/monitortamaulipas.com.mx\/wp-content\/uploads\/2026\/09\/Municipio-2-1.jpeg 1280w\" sizes=\"(max-width: 1024px) 100vw, 1024px\" \/><\/figure>\n","protected":false},"excerpt":{"rendered":"<p>Cd. Victoria, 2 de septiembre de 2026.- El secretario del Ayuntamiento de Victoria, Hugo Res\u00e9ndez&#8230;<\/p>\n","protected":false},"author":2,"featured_media":15550,"comment_status":"closed","ping_status":"open","sticky":false,"template":"","format":"standard","meta":{"_jetpack_newsletter_access":"","_jetpack_dont_email_post_to_subs":false,"_jetpack_newsletter_tier_id":0,"_jetpack_memberships_contains_paywalled_content":false,"_jetpack_feature_clip_id":0,"_jetpack_memberships_contains_paid_content":false,"footnotes":"","jetpack_publicize_message":"","jetpack_publicize_feature_enabled":true,"jetpack_social_post_already_shared":true,"jetpack_social_options":{"image_generator_settings":{"template":"highway","default_image_id":0,"font":"","enabled":false},"version":2},"jetpack_post_was_ever_published":false},"categories":[4],"tags":[],"class_list":["post-15549","post","type-post","status-publish","format-standard","has-post-thumbnail","hentry","category-monitor-capitalino"],"jetpack_publicize_connections":[],"jetpack_sharing_enabled":true,"jetpack_featured_media_url":"https:\/\/monitortamaulipas.com.mx\/wp-content\/uploads\/2026\/09\/Municipio-1-1.jpeg","_links":{"self":[{"href":"https:\/\/monitortamaulipas.com.mx\/index.php?rest_route=\/wp\/v2\/posts\/15549","targetHints":{"allow":["GET"]}}],"collection":[{"href":"https:\/\/monitortamaulipas.com.mx\/index.php?rest_route=\/wp\/v2\/posts"}],"about":[{"href":"https:\/\/monitortamaulipas.com.mx\/index.php?rest_route=\/wp\/v2\/types\/post"}],"author":[{"embeddable":true,"href":"https:\/\/monitortamaulipas.com.mx\/index.php?rest_route=\/wp\/v2\/users\/2"}],"replies":[{"embeddable":true,"href":"https:\/\/monitortamaulipas.com.mx\/index.php?rest_route=%2Fwp%2Fv2%2Fcomments&post=15549"}],"version-history":[{"count":1,"href":"https:\/\/monitortamaulipas.com.mx\/index.php?rest_route=\/wp\/v2\/posts\/15549\/revisions"}],"predecessor-version":[{"id":15552,"href":"https:\/\/monitortamaulipas.com.mx\/index.php?rest_route=\/wp\/v2\/posts\/15549\/revisions\/15552"}],"wp:featuredmedia":[{"embeddable":true,"href":"https:\/\/monitortamaulipas.com.mx\/index.php?rest_route=\/wp\/v2\/media\/15550"}],"wp:attachment":[{"href":"https:\/\/monitortamaulipas.com.mx\/index.php?rest_route=%2Fwp%2Fv2%2Fmedia&parent=15549"}],"wp:term":[{"taxonomy":"category","embeddable":true,"href":"https:\/\/monitortamaulipas.com.mx\/index.php?rest_route=%2Fwp%2Fv2%2Fcategories&post=15549"},{"taxonomy":"post_tag","embeddable":true,"href":"https:\/\/monitortamaulipas.com.mx\/index.php?rest_route=%2Fwp%2Fv2%2Ftags&post=15549"}],"curies":[{"name":"wp","href":"https:\/\/api.w.org\/{rel}","templated":true}]}}