{"id":15540,"date":"2026-09-01T20:29:38","date_gmt":"2026-09-02T01:29:38","guid":{"rendered":"https:\/\/monitortamaulipas.com.mx\/?p=15540"},"modified":"2026-09-01T20:29:41","modified_gmt":"2026-09-02T01:29:41","slug":"primer-ciclo-escolar-en-el-que-ya-se-cuenta-con-cobertura-universal-de-becas-para-educacion-basica-y-media-superior","status":"publish","type":"post","link":"https:\/\/monitortamaulipas.com.mx\/?p=15540","title":{"rendered":"Primer ciclo escolar en el que ya se cuenta con cobertura universal de becas para Educaci\u00f3n B\u00e1sica y Media Superior"},"content":{"rendered":"\n<ul class=\"wp-block-list\">\n<li><strong>El titular de la SEP inform\u00f3 que regresan a clases m\u00e1s de 28 millones de alumnos y alumnas de Educaci\u00f3n B\u00e1sica y Educaci\u00f3n Media Superior, as\u00ed como 1.6 millones de maestros y maestras en m\u00e1s de 250 mil escuelas en todo el pa\u00eds<\/strong><\/li>\n\n\n\n<li><strong>\u201cEl ABC de las Emociones\u201d es una estrategia nacional que atiende la salud mental de las y los adolescentes y j\u00f3venes de 14 a 18 a\u00f1os: Tania Rodr\u00edguez Mora, subsecretaria de Educaci\u00f3n Media Superior<\/strong><\/li>\n<\/ul>\n\n\n\n<p class=\"wp-block-paragraph\">En el marco del inicio de clases en la Escuela Secundaria T\u00e9cnica No. 10 \u201cArtes Gr\u00e1ficas\u201d, en la Ciudad de M\u00e9xico, el secretario de Educaci\u00f3n P\u00fablica, Mario Delgado Carrillo, afirm\u00f3 que este nuevo ciclo escolar 2026-2027 es el primero con cobertura universal de becas, por lo que todas las y los estudiantes de primaria, secundaria y bachillerato reciben su apoyo econ\u00f3mico para ejercer su derecho a la educaci\u00f3n, como lo promueve la Presidenta Claudia Sheinbaum Pardo.<\/p>\n\n\n\n<p class=\"wp-block-paragraph\">Durante su participaci\u00f3n en \u201cLa ma\u00f1anera del pueblo\u201d, encabezada por la Presidenta de M\u00e9xico, el titular de la SEP inform\u00f3 que hoy regresan a clases m\u00e1s de 28 millones de alumnas y alumnos de Educaci\u00f3n B\u00e1sica y Educaci\u00f3n Media Superior, adem\u00e1s de 1.6 millones de maestras y maestros que acompa\u00f1ar\u00e1n este nuevo ciclo educativo en m\u00e1s de 250 mil escuelas de todos los rincones del pa\u00eds.<\/p>\n\n\n\n<p class=\"wp-block-paragraph\">\u201cEstamos muy contentos, muy contentas de este regreso porque es diferente. Este ciclo ya todas las ni\u00f1as y ni\u00f1os de primarias p\u00fablicas recibieron la Beca Rita Cetina de apoyo para \u00fatiles y uniformes escolares; casi 10 millones de ni\u00f1os y ni\u00f1as tienen su beca. Y, adem\u00e1s, en secundaria, como ustedes, van a recibir la Beca Rita Cetina; adem\u00e1s, todos los j\u00f3venes de media superior ya tienen su beca\u201d, coment\u00f3.<\/p>\n\n\n\n<p class=\"wp-block-paragraph\">Asimismo, durante el arranque de la estrategia \u201cEl ABC de las Emociones\u201d, Delgado Carrillo coment\u00f3 que esta iniciativa de la jefa del Ejecutivo Federal llegar\u00e1 a las escuelas secundarias y bachilleratos, a trav\u00e9s de materiales y gu\u00edas para estudiantes, docentes y familias, y se destinar\u00e1 una hora semanal para aprender a reconocer, nombrar y expresar las emociones.<\/p>\n\n\n\n<p class=\"wp-block-paragraph\">Esta iniciativa, dijo, busca fortalecer el bienestar socioemocional desde la comunidad educativa, promoviendo que ni\u00f1as, ni\u00f1os y adolescentes comprendan lo que sienten, sepan comunicarlo y reconozcan que pedir ayuda a tiempo es un acto de valent\u00eda, al integrar raz\u00f3n y emoci\u00f3n como elementos fundamentales para su desarrollo integral.<\/p>\n\n\n\n<p class=\"wp-block-paragraph\">Por su parte, la subsecretaria de Educaci\u00f3n Media Superior, Tania Rodr\u00edguez Mora, indic\u00f3 que \u201cEl ABC de las Emociones\u201d es una estrategia nacional dirigida a adolescentes y j\u00f3venes de 14 a 18 a\u00f1os \u2014tercero de secundaria y educaci\u00f3n media superior\u2014, con un enfoque preventivo y comunitario para cuidar su bienestar socioemocional, mediante la participaci\u00f3n de estudiantes, docentes y madres y padres de familia, a fin de fortalecer los lazos de comunicaci\u00f3n. Para ello, se cuenta con 16 millones de gu\u00edas en tres presentaciones: 7.5 millones dirigidas a j\u00f3venes, 7.5 millones a madres y padres de familia, y un mill\u00f3n a docentes.<\/p>\n\n\n\n<p class=\"wp-block-paragraph\">Subray\u00f3 que es una prioridad para el Gobierno de M\u00e9xico trabajar conjuntamente en la formaci\u00f3n y el bienestar socioemocional de las y los adolescentes y j\u00f3venes del pa\u00eds, as\u00ed como atender de manera integral el cuidado de la salud emocional, mediante el trabajo con las gu\u00edas durante una hora a la semana en las aulas, la participaci\u00f3n de brigadas m\u00e9dicas y de salud, funcionarios p\u00fablicos y sesiones en m\u00e1s de 100 espacios comunitarios p\u00fablicos.<\/p>\n\n\n\n<p class=\"wp-block-paragraph\">Asimismo, mencion\u00f3 que se contar\u00e1 con atenci\u00f3n permanente a trav\u00e9s de la L\u00ednea de la Vida: 800 911 2000, las 24 horas, los siete d\u00edas de la semana. Tambi\u00e9n se puede consultar el sitio oficial&nbsp;<a href=\"http:\/\/www.gob.mx\/lineadelavida\">www.gob.mx\/lineadelavida<\/a>. El servicio es gratuito y est\u00e1 disponible para todo el p\u00fablico, expuso.<\/p>\n\n\n\n<p class=\"wp-block-paragraph\">Finalmente, Delgado Carrillo inform\u00f3 que, durante el Consejo T\u00e9cnico Escolar, Fase Intensiva, la SEP realiz\u00f3 la Consulta Nacional en Educaci\u00f3n B\u00e1sica sobre el uso y regulaci\u00f3n de dispositivos digitales, con el prop\u00f3sito de conocer la experiencia y opini\u00f3n de maestras y maestros sobre la presencia de pantallas, celulares y otros dispositivos digitales en las escuelas.<\/p>\n\n\n\n<p class=\"wp-block-paragraph\">Detall\u00f3 que la participaci\u00f3n fue muy amplia: 565 mil 396 docentes respondieron el cuestionario, de los cuales 81 por ciento se manifest\u00f3 a favor de contar con lineamientos y reglas que garanticen un uso seguro y con fines pedag\u00f3gicos de estas tecnolog\u00edas.<\/p>\n\n\n\n<p class=\"wp-block-paragraph\">Entre las principales situaciones detectadas, dijo, 40 por ciento considera que los celulares dificultan mantener la atenci\u00f3n, 38 por ciento que interrumpen las actividades escolares, 34 por ciento que propician el abandono de espacios de convivencia y 38.7 por ciento advierte que conflictos originados en redes sociales se trasladan al aula y a la escuela.<\/p>\n\n\n\n<p class=\"wp-block-paragraph\">Delgado Carrillo se\u00f1al\u00f3 que, a partir de estas opiniones, las maestras y los maestros plantean soluciones concretas: 51 por ciento propone establecer protocolos para atender situaciones de riesgo, adem\u00e1s de fortalecer los acuerdos y la colaboraci\u00f3n con madres y padres de familia para acompa\u00f1ar el acceso de ni\u00f1as, ni\u00f1os y adolescentes a las tecnolog\u00edas.<\/p>\n\n\n\n<p class=\"wp-block-paragraph\">\u201cEn la SEP continuaremos revisando estas aportaciones para definir reglas que permitan aprovechar la tecnolog\u00eda con sentido educativo, pero tambi\u00e9n proteger el bienestar y la convivencia de las comunidades escolares\u201d, agreg\u00f3.<\/p>\n","protected":false},"excerpt":{"rendered":"<p>En el marco del inicio de clases en la Escuela Secundaria T\u00e9cnica No. 10 \u201cArtes&#8230;<\/p>\n","protected":false},"author":2,"featured_media":15541,"comment_status":"closed","ping_status":"open","sticky":false,"template":"","format":"standard","meta":{"_jetpack_newsletter_access":"","_jetpack_dont_email_post_to_subs":false,"_jetpack_newsletter_tier_id":0,"_jetpack_memberships_contains_paywalled_content":false,"_jetpack_feature_clip_id":0,"_jetpack_memberships_contains_paid_content":false,"footnotes":"","jetpack_publicize_message":"","jetpack_publicize_feature_enabled":true,"jetpack_social_post_already_shared":true,"jetpack_social_options":{"image_generator_settings":{"template":"highway","default_image_id":0,"font":"","enabled":false},"version":2},"jetpack_post_was_ever_published":false},"categories":[7],"tags":[],"class_list":["post-15540","post","type-post","status-publish","format-standard","has-post-thumbnail","hentry","category-monitor-nacional"],"jetpack_publicize_connections":[],"jetpack_sharing_enabled":true,"jetpack_featured_media_url":"https:\/\/monitortamaulipas.com.mx\/wp-content\/uploads\/2026\/09\/Nacional-2.jpeg","_links":{"self":[{"href":"https:\/\/monitortamaulipas.com.mx\/index.php?rest_route=\/wp\/v2\/posts\/15540","targetHints":{"allow":["GET"]}}],"collection":[{"href":"https:\/\/monitortamaulipas.com.mx\/index.php?rest_route=\/wp\/v2\/posts"}],"about":[{"href":"https:\/\/monitortamaulipas.com.mx\/index.php?rest_route=\/wp\/v2\/types\/post"}],"author":[{"embeddable":true,"href":"https:\/\/monitortamaulipas.com.mx\/index.php?rest_route=\/wp\/v2\/users\/2"}],"replies":[{"embeddable":true,"href":"https:\/\/monitortamaulipas.com.mx\/index.php?rest_route=%2Fwp%2Fv2%2Fcomments&post=15540"}],"version-history":[{"count":1,"href":"https:\/\/monitortamaulipas.com.mx\/index.php?rest_route=\/wp\/v2\/posts\/15540\/revisions"}],"predecessor-version":[{"id":15542,"href":"https:\/\/monitortamaulipas.com.mx\/index.php?rest_route=\/wp\/v2\/posts\/15540\/revisions\/15542"}],"wp:featuredmedia":[{"embeddable":true,"href":"https:\/\/monitortamaulipas.com.mx\/index.php?rest_route=\/wp\/v2\/media\/15541"}],"wp:attachment":[{"href":"https:\/\/monitortamaulipas.com.mx\/index.php?rest_route=%2Fwp%2Fv2%2Fmedia&parent=15540"}],"wp:term":[{"taxonomy":"category","embeddable":true,"href":"https:\/\/monitortamaulipas.com.mx\/index.php?rest_route=%2Fwp%2Fv2%2Fcategories&post=15540"},{"taxonomy":"post_tag","embeddable":true,"href":"https:\/\/monitortamaulipas.com.mx\/index.php?rest_route=%2Fwp%2Fv2%2Ftags&post=15540"}],"curies":[{"name":"wp","href":"https:\/\/api.w.org\/{rel}","templated":true}]}}