{"id":15531,"date":"2026-09-01T20:19:28","date_gmt":"2026-09-02T01:19:28","guid":{"rendered":"https:\/\/monitortamaulipas.com.mx\/?p=15531"},"modified":"2026-09-01T20:19:33","modified_gmt":"2026-09-02T01:19:33","slug":"coloca-americo-primera-piedra-del-museo-interpretativo-de-la-tortuga-lora-en-soto-la-marina","status":"publish","type":"post","link":"https:\/\/monitortamaulipas.com.mx\/?p=15531","title":{"rendered":"Coloca Am\u00e9rico primera piedra del Museo Interpretativo de la Tortuga Lora en Soto la Marina"},"content":{"rendered":"\n<p class=\"wp-block-paragraph\">Agosto 31 de 2026<\/p>\n\n\n\n<p class=\"wp-block-paragraph\">Soto la Marina, Tamaulipas.- Con el prop\u00f3sito de tener un espacio en donde se difunda la riqueza natural de esta regi\u00f3n, que contribuya a fortalecer el desarrollo tur\u00edstico y reconocer a la tortuga lora como una especie emblem\u00e1tica de la costa tamaulipeca, el gobernador Am\u00e9rico Villarreal Anaya coloc\u00f3 la primera piedra para la edificaci\u00f3n del Museo Interpretativo de la Tortuga Lora, en el que se invertir\u00e1n alrededor de 49 millones de pesos.<\/p>\n\n\n\n<p class=\"wp-block-paragraph\">La primera etapa de este nuevo recinto, que se ubicar\u00e1 a tan solo 200 metros de la playa del poblado La Pesca, contempla un conjunto de obras de poco m\u00e1s de 9,000 metros cuadrados, con \u00e1reas de exhibici\u00f3n y divulgaci\u00f3n para el p\u00fablico, espacios de servicio para las y los visitantes y un \u00e1rea dedicada a la rehabilitaci\u00f3n de tortugas, adem\u00e1s de criterios de accesibilidad y de manejo responsable del agua y la energ\u00eda.<\/p>\n\n\n\n<p class=\"wp-block-paragraph\">En su mensaje, el gobernador Am\u00e9rico Villarreal Anaya afirm\u00f3 que con estas acciones el Gobierno del Estado refrenda su compromiso para el cuidado de los recursos naturales, que son la fuente para poder contar con recursos sustentables que le den viabilidad y crecimiento a nuestra sociedad y a las futuras generaciones.<\/p>\n\n\n\n<p class=\"wp-block-paragraph\">Destac\u00f3 que Tamaulipas se ha distinguido por la protecci\u00f3n a la tortuga lora y su acci\u00f3n ha podido favorecer que se vuelva a restablecer y se vaya poblando nuevamente de esta importante especie en este ciclo de cuidado del medioambiente.<\/p>\n\n\n\n<p class=\"wp-block-paragraph\">&#8220;Es un placer estar aqu\u00ed hoy con ustedes y dar fe de que iniciamos esta obra y ya no nos vamos a parar, ingeniero Cepeda, hasta que vengamos aqu\u00ed con ustedes, en el segundo semestre del 2027 y con la presidenta Glynnis, que tanto est\u00e1 pendiente del impulso de este gran municipio, para venir a cortar el list\u00f3n y venir a disfrutar de estas instalaciones&#8221;, expres\u00f3.<\/p>\n\n\n\n<p class=\"wp-block-paragraph\">El secretario de Obras P\u00fablicas, Pedro Cepeda Anaya, explic\u00f3 que la primera etapa de este museo comprende todos los trabajos preliminares, cimentaciones y superestructura, preparando el terreno y los cimientos para levantar el cuerpo del edificio.<\/p>\n\n\n\n<p class=\"wp-block-paragraph\">&#8220;Estas acciones brindar\u00e1n un espacio para que las y los ni\u00f1os de Soto la Marina conozcan de cerca una especie que anida en su propia costa. A las y los visitantes de esta hermosa playa les daremos una raz\u00f3n m\u00e1s para quedarse un d\u00eda m\u00e1s y a las familias que viven del turismo, va a ser un atractivo abierto todo el a\u00f1o&#8221;, mencion\u00f3.<\/p>\n\n\n\n<p class=\"wp-block-paragraph\">Karl Heinz Becker, secretario de Desarrollo Urbano y Medio Ambiente, asegur\u00f3 que esta obra representa la historia de todo lo que se ha trabajado en la recuperaci\u00f3n y protecci\u00f3n de la tortuga lora y destac\u00f3 que al d\u00eda de hoy se han reportado hasta 20 mil nidos de esta especie.<\/p>\n\n\n\n<p class=\"wp-block-paragraph\">&#8220;Entonces la tendencia va hacia arriba y este museo va a poder representar eso, el honor de quienes lo estuvieron trabajando y el parteaguas de d\u00f3nde vamos a redoblar esfuerzos para las siguientes generaciones&#8221;, mencion\u00f3.<\/p>\n\n\n\n<p class=\"wp-block-paragraph\">Al agradecer el apoyo del gobernador por las diversas obras que se realizan en Soto L<br>la Marina, la presidenta municipal, Glynnis Georgina Jim\u00e9nez V\u00e1zquez, dio a conocer que del 11 de junio a la fecha la playa La Pesca ha recibido m\u00e1s de 350,000 turistas, cifra que sin lugar a dudas se incrementar\u00e1 con este nuevo espacio.<\/p>\n\n\n\n<p class=\"wp-block-paragraph\">&#8220;Muchas gracias por la inversi\u00f3n que est\u00e1 haciendo en la playa m\u00e1s bonita de Tamaulipas, no se va a arrepentir&#8221;, mencion\u00f3.<\/p>\n\n\n\n<p class=\"wp-block-paragraph\">Antes de encabezar este evento, el gobernador presidi\u00f3 los trabajos de la Mesa de Paz que se realiz\u00f3 en las instalaciones del Sector Naval La Pesca con los representantes de las distintas instituciones de seguridad.<\/p>\n\n\n\n<figure class=\"wp-block-gallery has-nested-images columns-default is-cropped wp-block-gallery-1 is-layout-flex wp-block-gallery-is-layout-flex\">\n<figure class=\"wp-block-image size-large\"><img fetchpriority=\"high\" decoding=\"async\" width=\"1024\" height=\"683\" data-id=\"15535\" src=\"https:\/\/monitortamaulipas.com.mx\/wp-content\/uploads\/2026\/09\/Portada-3-1024x683.jpeg\" alt=\"\" class=\"wp-image-15535\" srcset=\"https:\/\/monitortamaulipas.com.mx\/wp-content\/uploads\/2026\/09\/Portada-3-1024x683.jpeg 1024w, https:\/\/monitortamaulipas.com.mx\/wp-content\/uploads\/2026\/09\/Portada-3-300x200.jpeg 300w, https:\/\/monitortamaulipas.com.mx\/wp-content\/uploads\/2026\/09\/Portada-3-768x512.jpeg 768w, https:\/\/monitortamaulipas.com.mx\/wp-content\/uploads\/2026\/09\/Portada-3.jpeg 1440w\" sizes=\"(max-width: 1024px) 100vw, 1024px\" \/><\/figure>\n\n\n\n<figure class=\"wp-block-image size-large\"><img decoding=\"async\" width=\"1024\" height=\"683\" data-id=\"15534\" src=\"https:\/\/monitortamaulipas.com.mx\/wp-content\/uploads\/2026\/09\/Portada-4-1024x683.jpeg\" alt=\"\" class=\"wp-image-15534\" srcset=\"https:\/\/monitortamaulipas.com.mx\/wp-content\/uploads\/2026\/09\/Portada-4-1024x683.jpeg 1024w, https:\/\/monitortamaulipas.com.mx\/wp-content\/uploads\/2026\/09\/Portada-4-300x200.jpeg 300w, https:\/\/monitortamaulipas.com.mx\/wp-content\/uploads\/2026\/09\/Portada-4-768x512.jpeg 768w, https:\/\/monitortamaulipas.com.mx\/wp-content\/uploads\/2026\/09\/Portada-4.jpeg 1440w\" sizes=\"(max-width: 1024px) 100vw, 1024px\" \/><\/figure>\n\n\n\n<figure class=\"wp-block-image size-large\"><img decoding=\"async\" width=\"1024\" height=\"683\" data-id=\"15533\" src=\"https:\/\/monitortamaulipas.com.mx\/wp-content\/uploads\/2026\/09\/Portada-5-1024x683.jpeg\" alt=\"\" class=\"wp-image-15533\" srcset=\"https:\/\/monitortamaulipas.com.mx\/wp-content\/uploads\/2026\/09\/Portada-5-1024x683.jpeg 1024w, https:\/\/monitortamaulipas.com.mx\/wp-content\/uploads\/2026\/09\/Portada-5-300x200.jpeg 300w, https:\/\/monitortamaulipas.com.mx\/wp-content\/uploads\/2026\/09\/Portada-5-768x512.jpeg 768w, https:\/\/monitortamaulipas.com.mx\/wp-content\/uploads\/2026\/09\/Portada-5.jpeg 1440w\" sizes=\"(max-width: 1024px) 100vw, 1024px\" \/><\/figure>\n<\/figure>\n","protected":false},"excerpt":{"rendered":"<p>Agosto 31 de 2026 Soto la Marina, Tamaulipas.- Con el prop\u00f3sito de tener un espacio&#8230;<\/p>\n","protected":false},"author":2,"featured_media":15532,"comment_status":"closed","ping_status":"open","sticky":false,"template":"","format":"standard","meta":{"_jetpack_newsletter_access":"","_jetpack_dont_email_post_to_subs":false,"_jetpack_newsletter_tier_id":0,"_jetpack_memberships_contains_paywalled_content":false,"_jetpack_feature_clip_id":0,"_jetpack_memberships_contains_paid_content":false,"footnotes":"","jetpack_publicize_message":"","jetpack_publicize_feature_enabled":true,"jetpack_social_post_already_shared":true,"jetpack_social_options":{"image_generator_settings":{"template":"highway","default_image_id":0,"font":"","enabled":false},"version":2},"jetpack_post_was_ever_published":false},"categories":[1],"tags":[],"class_list":["post-15531","post","type-post","status-publish","format-standard","has-post-thumbnail","hentry","category-principal"],"jetpack_publicize_connections":[],"jetpack_sharing_enabled":true,"jetpack_featured_media_url":"https:\/\/monitortamaulipas.com.mx\/wp-content\/uploads\/2026\/09\/Portada-2.jpeg","_links":{"self":[{"href":"https:\/\/monitortamaulipas.com.mx\/index.php?rest_route=\/wp\/v2\/posts\/15531","targetHints":{"allow":["GET"]}}],"collection":[{"href":"https:\/\/monitortamaulipas.com.mx\/index.php?rest_route=\/wp\/v2\/posts"}],"about":[{"href":"https:\/\/monitortamaulipas.com.mx\/index.php?rest_route=\/wp\/v2\/types\/post"}],"author":[{"embeddable":true,"href":"https:\/\/monitortamaulipas.com.mx\/index.php?rest_route=\/wp\/v2\/users\/2"}],"replies":[{"embeddable":true,"href":"https:\/\/monitortamaulipas.com.mx\/index.php?rest_route=%2Fwp%2Fv2%2Fcomments&post=15531"}],"version-history":[{"count":1,"href":"https:\/\/monitortamaulipas.com.mx\/index.php?rest_route=\/wp\/v2\/posts\/15531\/revisions"}],"predecessor-version":[{"id":15536,"href":"https:\/\/monitortamaulipas.com.mx\/index.php?rest_route=\/wp\/v2\/posts\/15531\/revisions\/15536"}],"wp:featuredmedia":[{"embeddable":true,"href":"https:\/\/monitortamaulipas.com.mx\/index.php?rest_route=\/wp\/v2\/media\/15532"}],"wp:attachment":[{"href":"https:\/\/monitortamaulipas.com.mx\/index.php?rest_route=%2Fwp%2Fv2%2Fmedia&parent=15531"}],"wp:term":[{"taxonomy":"category","embeddable":true,"href":"https:\/\/monitortamaulipas.com.mx\/index.php?rest_route=%2Fwp%2Fv2%2Fcategories&post=15531"},{"taxonomy":"post_tag","embeddable":true,"href":"https:\/\/monitortamaulipas.com.mx\/index.php?rest_route=%2Fwp%2Fv2%2Ftags&post=15531"}],"curies":[{"name":"wp","href":"https:\/\/api.w.org\/{rel}","templated":true}]}}