{"id":15517,"date":"2026-09-01T20:04:19","date_gmt":"2026-09-02T01:04:19","guid":{"rendered":"https:\/\/monitortamaulipas.com.mx\/?p=15517"},"modified":"2026-09-01T20:04:24","modified_gmt":"2026-09-02T01:04:24","slug":"impulsan-prevencion-y-atencion-del-maltrato-animal-en-tamaulipas","status":"publish","type":"post","link":"https:\/\/monitortamaulipas.com.mx\/?p=15517","title":{"rendered":"Impulsan prevenci\u00f3n y atenci\u00f3n del maltrato animal en Tamaulipas"},"content":{"rendered":"\n<p class=\"wp-block-paragraph\">Fortalecer la protecci\u00f3n de los animales y promover una cultura de respeto, empat\u00eda y prevenci\u00f3n de la violencia son los objetivos de dos iniciativas promovidas por la diputada Cynthia Lizabeth Jaime Castillo, cuyo tr\u00e1mite legislativo avanz\u00f3 durante la sesi\u00f3n de la Diputaci\u00f3n Permanente.<\/p>\n\n\n\n<p class=\"wp-block-paragraph\">Una de las propuestas plantea reformar la Ley de Protecci\u00f3n a los Animales de Tamaulipas, con el prop\u00f3sito de ampliar las facultades de los ayuntamientos para capacitar y asesorar a las personas servidoras p\u00fablicas encargadas de prevenir, atender y sancionar la violencia contra los animales, as\u00ed como establecer protocolos para su rescate, cuidado y protecci\u00f3n.<\/p>\n\n\n\n<p class=\"wp-block-paragraph\">Al dar lectura a esta iniciativa, el diputado Claudio Alberto de Leija Hinojosa destac\u00f3 la importancia de contar con personal capacitado, criterios uniformes y protocolos claros para actuar ante situaciones de maltrato.<\/p>\n\n\n\n<p class=\"wp-block-paragraph\">\u201cLos animales no pueden presentar una denuncia, explicar su sufrimiento ni exigir por s\u00ed mismos que una autoridad intervenga; ellos dependen de nuestra capacidad para reconocer su vulnerabilidad y de la voluntad de nuestras instituciones para responder ante ella\u201d, expres\u00f3.<\/p>\n\n\n\n<p class=\"wp-block-paragraph\">La segunda iniciativa consiste en un Punto de Acuerdo para solicitar al Sistema Estatal de Protecci\u00f3n Integral de los Derechos de Ni\u00f1as, Ni\u00f1os y Adolescentes de Tamaulipas que, en coordinaci\u00f3n con la Secretar\u00eda de Educaci\u00f3n y la Procuradur\u00eda de Protecci\u00f3n de Ni\u00f1as, Ni\u00f1os y Adolescentes del DIF Tamaulipas, impulse di\u00e1logos en escuelas de todos los niveles sobre la importancia de prevenir el maltrato animal, fomentar la empat\u00eda e identificar posibles signos de violencia.<\/p>\n\n\n\n<p class=\"wp-block-paragraph\">Con estas acciones, se busca fortalecer la respuesta institucional ante el maltrato animal y, al mismo tiempo, impulsar desde las escuelas una cultura de respeto y empat\u00eda que contribuya a la prevenci\u00f3n de la violencia y al fortalecimiento del tejido social.<\/p>\n\n\n\n<p class=\"wp-block-paragraph\">Ambas propuestas fueron consideradas procedentes por la Diputaci\u00f3n Permanente para la elaboraci\u00f3n de los respectivos proyectos de dictamen, mismos que ser\u00e1n integrados al informe que este \u00f3rgano legislativo rendir\u00e1 al Pleno al concluir el periodo de receso.<\/p>\n","protected":false},"excerpt":{"rendered":"<p>Fortalecer la protecci\u00f3n de los animales y promover una cultura de respeto, empat\u00eda y prevenci\u00f3n&#8230;<\/p>\n","protected":false},"author":2,"featured_media":15518,"comment_status":"closed","ping_status":"open","sticky":false,"template":"","format":"standard","meta":{"_jetpack_newsletter_access":"","_jetpack_dont_email_post_to_subs":false,"_jetpack_newsletter_tier_id":0,"_jetpack_memberships_contains_paywalled_content":false,"_jetpack_feature_clip_id":0,"_jetpack_memberships_contains_paid_content":false,"footnotes":"","jetpack_publicize_message":"","jetpack_publicize_feature_enabled":true,"jetpack_social_post_already_shared":true,"jetpack_social_options":{"image_generator_settings":{"template":"highway","default_image_id":0,"font":"","enabled":false},"version":2},"jetpack_post_was_ever_published":false},"categories":[6],"tags":[],"class_list":["post-15517","post","type-post","status-publish","format-standard","has-post-thumbnail","hentry","category-monitor-estatal"],"jetpack_publicize_connections":[],"jetpack_sharing_enabled":true,"jetpack_featured_media_url":"https:\/\/monitortamaulipas.com.mx\/wp-content\/uploads\/2026\/09\/Estado-1.jpeg","_links":{"self":[{"href":"https:\/\/monitortamaulipas.com.mx\/index.php?rest_route=\/wp\/v2\/posts\/15517","targetHints":{"allow":["GET"]}}],"collection":[{"href":"https:\/\/monitortamaulipas.com.mx\/index.php?rest_route=\/wp\/v2\/posts"}],"about":[{"href":"https:\/\/monitortamaulipas.com.mx\/index.php?rest_route=\/wp\/v2\/types\/post"}],"author":[{"embeddable":true,"href":"https:\/\/monitortamaulipas.com.mx\/index.php?rest_route=\/wp\/v2\/users\/2"}],"replies":[{"embeddable":true,"href":"https:\/\/monitortamaulipas.com.mx\/index.php?rest_route=%2Fwp%2Fv2%2Fcomments&post=15517"}],"version-history":[{"count":1,"href":"https:\/\/monitortamaulipas.com.mx\/index.php?rest_route=\/wp\/v2\/posts\/15517\/revisions"}],"predecessor-version":[{"id":15519,"href":"https:\/\/monitortamaulipas.com.mx\/index.php?rest_route=\/wp\/v2\/posts\/15517\/revisions\/15519"}],"wp:featuredmedia":[{"embeddable":true,"href":"https:\/\/monitortamaulipas.com.mx\/index.php?rest_route=\/wp\/v2\/media\/15518"}],"wp:attachment":[{"href":"https:\/\/monitortamaulipas.com.mx\/index.php?rest_route=%2Fwp%2Fv2%2Fmedia&parent=15517"}],"wp:term":[{"taxonomy":"category","embeddable":true,"href":"https:\/\/monitortamaulipas.com.mx\/index.php?rest_route=%2Fwp%2Fv2%2Fcategories&post=15517"},{"taxonomy":"post_tag","embeddable":true,"href":"https:\/\/monitortamaulipas.com.mx\/index.php?rest_route=%2Fwp%2Fv2%2Ftags&post=15517"}],"curies":[{"name":"wp","href":"https:\/\/api.w.org\/{rel}","templated":true}]}}