{"id":15506,"date":"2026-08-31T21:09:27","date_gmt":"2026-09-01T02:09:27","guid":{"rendered":"https:\/\/monitortamaulipas.com.mx\/?p=15506"},"modified":"2026-08-31T21:10:25","modified_gmt":"2026-09-01T02:10:25","slug":"en-septiembre-inician-seis-vedas-en-baja-california-baja-california-sur-tamaulipas-y-tabasco","status":"publish","type":"post","link":"https:\/\/monitortamaulipas.com.mx\/?p=15506","title":{"rendered":"En septiembre inician seis vedas en Baja California, Baja California Sur, Tamaulipas y Tabasco"},"content":{"rendered":"\n<h2 class=\"wp-block-heading\">Las medidas se establecieron con base en las opiniones t\u00e9cnicas del Instituto Mexicano de Investigaci\u00f3n en Pesca y Acuacultura Sustentables (IMIPAS)<\/h2>\n\n\n\n<p class=\"wp-block-paragraph\">Las vedas tienen como fin proteger la biodiversidad y asegurar la viabilidad econ\u00f3mica de las comunidades pesqueras<\/p>\n\n\n\n<ul class=\"wp-block-list\">\n<li>Las medidas se establecieron con base en las opiniones t\u00e9cnicas del Instituto Mexicano de Investigaci\u00f3n en Pesca y Acuacultura Sustentables (IMIPAS)<\/li>\n\n\n\n<li>Conapesca mantiene disponible el n\u00famero telef\u00f3nico 669 915 6913 para recibir denuncias de\u00a0 pesca ilegal<\/li>\n<\/ul>\n\n\n\n<p class=\"wp-block-paragraph\">La Comisi\u00f3n Nacional de Acuacultura y Pesca (Conapesca) informa que en septiembre se tendr\u00e1n seis periodos de veda en los estados de Baja California, Baja California Sur, Tamaulipas y Tabasco, con la finalidad de proteger la biodiversidad y asegurar la viabilidad econ\u00f3mica de las comunidades pesqueras que dependen de esta actividad a largo plazo.<\/p>\n\n\n\n<p class=\"wp-block-paragraph\">El organismo \u2014adscrito a la Secretar\u00eda de Agricultura y Desarrollo Rural (AGRICULTURA)\u2014 se\u00f1ala que en el noveno mes tambi\u00e9n se podr\u00e1 aprovechar la pesca de curvina golfina, bagre, osti\u00f3n de roca, tilapia, langosta, cangrejo azul y camar\u00f3n del Golfo.<\/p>\n\n\n\n<p class=\"wp-block-paragraph\">Las medidas se establecieron a partir de las opiniones t\u00e9cnicas del Instituto Mexicano de Investigaci\u00f3n en Pesca y Acuacultura Sustentables (IMIPAS), que trabaja con base en el monitoreo de ciclos de reproducci\u00f3n, las tallas m\u00ednimas de captura y los vol\u00famenes de las poblaciones disponibles.<\/p>\n\n\n\n<p class=\"wp-block-paragraph\">De manera particular, la Conapesca detalla que en los pr\u00f3ximos 30 d\u00edas se suspender\u00e1 la pesca de:<\/p>\n\n\n\n<ul class=\"wp-block-list\">\n<li><strong>Abul\u00f3n (<em>Haliotis corrugata, Haliotis fulgens, Haliotis rufescens, Haliotis cracherodii<\/em>\u00a0y\u00a0<em>Haliotis sorenseni<\/em>)<\/strong>: A partir del 1 de septiembre en las Zonas II y III \u2014comprendidas entre Punta Malarrimo y Punta Holcomb, en Baja California Sur\u2014. Culmina el 31 de enero de 2027; m\u00e1s detalles\u00a0<a href=\"https:\/\/dof.gob.mx\/nota_detalle.php?codigo=5623156&amp;fecha=07\/07\/2021#gsc.tab=0\">aqu\u00ed<\/a>.<\/li>\n\n\n\n<li><strong>Almeja chocolata (<em>Megapitaria squalida<\/em>)<\/strong>: Desde el primer d\u00eda del mes de septiembre y hasta el 31 de diciembre en el sistema lagunar Bah\u00eda Magdalena-Almejas, en Baja California Sur.<\/li>\n\n\n\n<li><strong>Lisa (<em>Mugil cephalus<\/em>)<\/strong><strong>:<\/strong>\u00a0La veda estar\u00e1 vigente del 1 de septiembre al 10 de noviembre en la Laguna Madre, ubicada en Tamaulipas.<\/li>\n\n\n\n<li><strong>Liseta\u00a0<em>(Mugil curema<\/em>)<\/strong>: Inicia el 1 de septiembre y culmina el 10 de noviembre en la Laguna Madre, en Tamaulipas.<\/li>\n\n\n\n<li><strong>Pulpo verde (<em>Octopus hubbsorum<\/em>)<\/strong>: Desde el 1 de septiembre en Bah\u00eda de los \u00c1ngeles, Baja California, y concluye el 30 de noviembre.<\/li>\n\n\n\n<li><strong>Osti\u00f3n (<em>Crassostrea virginica<\/em>)<\/strong>: Del 15 de septiembre hasta el 31 de octubre en los sistemas lagunarios estuarinos de Tabasco.<\/li>\n<\/ul>\n\n\n\n<p class=\"wp-block-paragraph\">Adem\u00e1s, precisa que el aprovechamiento ser\u00e1 para las siguientes especies:<\/p>\n\n\n\n<ul class=\"wp-block-list\">\n<li><strong>Curvina golfina (<em>Cynoscion othonopterus<\/em>)<\/strong>: Del 1 de septiembre de 2026 y hasta el 30 de abril de 2027 en el Alto Golfo de California y Delta del R\u00edo Colorado.<\/li>\n\n\n\n<li><strong>Bagre (<em>Ictalurus<\/em>\u00a0<em>dugessi<\/em>)<\/strong>: A partir del 1 de septiembre y hasta el 30 de abril de 2027 en el Lago de Chapala, ubicado entre Jalisco y Michoac\u00e1n.<\/li>\n\n\n\n<li><strong>Osti\u00f3n de roca (<em>Crassostrea iridescens<\/em>)<\/strong>: Del 1 de septiembre al 31 de mayo de 2027 en aguas marinas y estuarinas de jurisdicci\u00f3n federal desde Sinaloa a Chiapas.<\/li>\n\n\n\n<li><strong>Tilapia (<em>Oreochromis<\/em>\u00a0spp)<\/strong>: Desde el 1 de septiembre en la presa Santa Rosa, en el estado de Jalisco, hasta el\u00a0 30 de junio de 2027.<\/li>\n\n\n\n<li><strong>Langosta (<em>Panulirus inflatus, Panulirus gracilis\u00a0<\/em>y\u00a0<em>Panulirus interruptus<\/em>):\u00a0<\/strong>A partir del 15 de septiembre y hasta el 15 de febrero de 2027 en la Zona I, que abarca la costa occidental de Baja California y parte de la zona norte de Baja California Sur. Respecto a la Zona II en Baja California Sur, aplica a partir del 25 de septiembre de 2026 al 28 de febrero de 2027.<\/li>\n\n\n\n<li><strong>Cangrejo azul (<em>Cardisoma guanhumi<\/em>)<\/strong>: Del 16 de septiembre al 30 de junio de 2027 en las costas veracruzanas y otras regiones del Golfo de M\u00e9xico.<\/li>\n\n\n\n<li><strong>Camar\u00f3n del Golfo:\u00a0<\/strong>Iniciar\u00e1 el 16 de septiembre desde la frontera con Estados Unidos, en Tamaulipas, y hasta la desembocadura del R\u00edo Coatzacoalcos, Veracruz.<\/li>\n<\/ul>\n","protected":false},"excerpt":{"rendered":"<p>Las medidas se establecieron con base en las opiniones t\u00e9cnicas del Instituto Mexicano de Investigaci\u00f3n&#8230;<\/p>\n","protected":false},"author":2,"featured_media":15507,"comment_status":"closed","ping_status":"open","sticky":false,"template":"","format":"standard","meta":{"_jetpack_newsletter_access":"","_jetpack_dont_email_post_to_subs":false,"_jetpack_newsletter_tier_id":0,"_jetpack_memberships_contains_paywalled_content":false,"_jetpack_feature_clip_id":0,"_jetpack_memberships_contains_paid_content":false,"footnotes":"","jetpack_publicize_message":"","jetpack_publicize_feature_enabled":true,"jetpack_social_post_already_shared":true,"jetpack_social_options":{"image_generator_settings":{"template":"highway","default_image_id":0,"font":"","enabled":false},"version":2},"jetpack_post_was_ever_published":false},"categories":[7],"tags":[],"class_list":["post-15506","post","type-post","status-publish","format-standard","has-post-thumbnail","hentry","category-monitor-nacional"],"jetpack_publicize_connections":[],"jetpack_sharing_enabled":true,"jetpack_featured_media_url":"https:\/\/monitortamaulipas.com.mx\/wp-content\/uploads\/2026\/08\/Nacional-2-17.jpeg","_links":{"self":[{"href":"https:\/\/monitortamaulipas.com.mx\/index.php?rest_route=\/wp\/v2\/posts\/15506","targetHints":{"allow":["GET"]}}],"collection":[{"href":"https:\/\/monitortamaulipas.com.mx\/index.php?rest_route=\/wp\/v2\/posts"}],"about":[{"href":"https:\/\/monitortamaulipas.com.mx\/index.php?rest_route=\/wp\/v2\/types\/post"}],"author":[{"embeddable":true,"href":"https:\/\/monitortamaulipas.com.mx\/index.php?rest_route=\/wp\/v2\/users\/2"}],"replies":[{"embeddable":true,"href":"https:\/\/monitortamaulipas.com.mx\/index.php?rest_route=%2Fwp%2Fv2%2Fcomments&post=15506"}],"version-history":[{"count":1,"href":"https:\/\/monitortamaulipas.com.mx\/index.php?rest_route=\/wp\/v2\/posts\/15506\/revisions"}],"predecessor-version":[{"id":15508,"href":"https:\/\/monitortamaulipas.com.mx\/index.php?rest_route=\/wp\/v2\/posts\/15506\/revisions\/15508"}],"wp:featuredmedia":[{"embeddable":true,"href":"https:\/\/monitortamaulipas.com.mx\/index.php?rest_route=\/wp\/v2\/media\/15507"}],"wp:attachment":[{"href":"https:\/\/monitortamaulipas.com.mx\/index.php?rest_route=%2Fwp%2Fv2%2Fmedia&parent=15506"}],"wp:term":[{"taxonomy":"category","embeddable":true,"href":"https:\/\/monitortamaulipas.com.mx\/index.php?rest_route=%2Fwp%2Fv2%2Fcategories&post=15506"},{"taxonomy":"post_tag","embeddable":true,"href":"https:\/\/monitortamaulipas.com.mx\/index.php?rest_route=%2Fwp%2Fv2%2Ftags&post=15506"}],"curies":[{"name":"wp","href":"https:\/\/api.w.org\/{rel}","templated":true}]}}