{"id":15490,"date":"2026-08-31T20:54:39","date_gmt":"2026-09-01T01:54:39","guid":{"rendered":"https:\/\/monitortamaulipas.com.mx\/?p=15490"},"modified":"2026-08-31T20:59:45","modified_gmt":"2026-09-01T01:59:45","slug":"arranca-lalo-gattas-ciclo-escolar-2026-2027-en-victoria","status":"publish","type":"post","link":"https:\/\/monitortamaulipas.com.mx\/?p=15490","title":{"rendered":"Arranca Lalo Gatt\u00e1s ciclo escolar 2026-2027 en\u00a0Victoria."},"content":{"rendered":"\n<p class=\"wp-block-paragraph\">Cd. Victoria, 31 de agosto de 2026.- En la escuela primaria Ford 74, el alcalde Lalo Gatt\u00e1s puso en marcha el inicio del ciclo escolar 2026-2027, junto al secretario de Salud Dr. Ricardo Gerardo Guerrero Morales con qui\u00e9n entreg\u00f3 libros de texto y paquetes de \u00fatiles escolares.&nbsp;<\/p>\n\n\n\n<p class=\"wp-block-paragraph\">Ante el representante de la Secretar\u00eda&nbsp; de Educaci\u00f3n, Juan Vital Rom\u00e1n y de la Secci\u00f3n XXX del SNTE Rub\u00e9n Otoniel Jim\u00e9nez, convoc\u00f3 a la comunidad educativa de la Ford 74 a disfrutar, aprender y so\u00f1ar en el nuevo a\u00f1o escolar&nbsp;<\/p>\n\n\n\n<p class=\"wp-block-paragraph\">En la ceremonia, el Dr. Ricardo Gerardo Guerrero Morales, representante del gobernador del Estado, destac\u00f3 la participaci\u00f3n de los maestros que guiar\u00e1n el aprendizaje de las ni\u00f1as y ni\u00f1os de educaci\u00f3n b\u00e1sica.<\/p>\n\n\n\n<p class=\"wp-block-paragraph\">En el inicio de la actividad educativa, la alumna Regina Becerra Cruz elev\u00f3 su voz para agradecer al gobernador Am\u00e9rico Villarreal Anaya y al alcalde Lalo Gatt\u00e1s B\u00e1ez por apoyar y tener a la educaci\u00f3n como prioridad de sus gobiernos.<\/p>\n\n\n\n<figure class=\"wp-block-gallery has-nested-images columns-default is-cropped wp-block-gallery-1 is-layout-flex wp-block-gallery-is-layout-flex\">\n<figure class=\"wp-block-image size-large\"><img fetchpriority=\"high\" decoding=\"async\" width=\"1024\" height=\"682\" data-id=\"15495\" src=\"https:\/\/monitortamaulipas.com.mx\/wp-content\/uploads\/2026\/08\/Deportes-2-3-1024x682.jpeg\" alt=\"\" class=\"wp-image-15495\" srcset=\"https:\/\/monitortamaulipas.com.mx\/wp-content\/uploads\/2026\/08\/Deportes-2-3-1024x682.jpeg 1024w, https:\/\/monitortamaulipas.com.mx\/wp-content\/uploads\/2026\/08\/Deportes-2-3-300x200.jpeg 300w, https:\/\/monitortamaulipas.com.mx\/wp-content\/uploads\/2026\/08\/Deportes-2-3-768x511.jpeg 768w, https:\/\/monitortamaulipas.com.mx\/wp-content\/uploads\/2026\/08\/Deportes-2-3.jpeg 1280w\" sizes=\"(max-width: 1024px) 100vw, 1024px\" \/><\/figure>\n\n\n\n<figure class=\"wp-block-image size-large\"><img decoding=\"async\" width=\"1024\" height=\"682\" data-id=\"15494\" src=\"https:\/\/monitortamaulipas.com.mx\/wp-content\/uploads\/2026\/08\/Deportes-3-3-1024x682.jpeg\" alt=\"\" class=\"wp-image-15494\" srcset=\"https:\/\/monitortamaulipas.com.mx\/wp-content\/uploads\/2026\/08\/Deportes-3-3-1024x682.jpeg 1024w, https:\/\/monitortamaulipas.com.mx\/wp-content\/uploads\/2026\/08\/Deportes-3-3-300x200.jpeg 300w, https:\/\/monitortamaulipas.com.mx\/wp-content\/uploads\/2026\/08\/Deportes-3-3-768x511.jpeg 768w, https:\/\/monitortamaulipas.com.mx\/wp-content\/uploads\/2026\/08\/Deportes-3-3.jpeg 1280w\" sizes=\"(max-width: 1024px) 100vw, 1024px\" \/><\/figure>\n\n\n\n<figure class=\"wp-block-image size-large\"><img decoding=\"async\" width=\"1024\" height=\"682\" data-id=\"15493\" src=\"https:\/\/monitortamaulipas.com.mx\/wp-content\/uploads\/2026\/08\/Deportes-4-1-1024x682.jpeg\" alt=\"\" class=\"wp-image-15493\" srcset=\"https:\/\/monitortamaulipas.com.mx\/wp-content\/uploads\/2026\/08\/Deportes-4-1-1024x682.jpeg 1024w, https:\/\/monitortamaulipas.com.mx\/wp-content\/uploads\/2026\/08\/Deportes-4-1-300x200.jpeg 300w, https:\/\/monitortamaulipas.com.mx\/wp-content\/uploads\/2026\/08\/Deportes-4-1-768x511.jpeg 768w, https:\/\/monitortamaulipas.com.mx\/wp-content\/uploads\/2026\/08\/Deportes-4-1.jpeg 1280w\" sizes=\"(max-width: 1024px) 100vw, 1024px\" \/><\/figure>\n<\/figure>\n","protected":false},"excerpt":{"rendered":"<p>Cd. Victoria, 31 de agosto de 2026.- En la escuela primaria Ford 74, el alcalde&#8230;<\/p>\n","protected":false},"author":2,"featured_media":15491,"comment_status":"closed","ping_status":"open","sticky":false,"template":"","format":"standard","meta":{"_jetpack_newsletter_access":"","_jetpack_dont_email_post_to_subs":false,"_jetpack_newsletter_tier_id":0,"_jetpack_memberships_contains_paywalled_content":false,"_jetpack_feature_clip_id":0,"_jetpack_memberships_contains_paid_content":false,"footnotes":"","jetpack_publicize_message":"","jetpack_publicize_feature_enabled":true,"jetpack_social_post_already_shared":true,"jetpack_social_options":{"image_generator_settings":{"template":"highway","default_image_id":0,"font":"","enabled":false},"version":2},"jetpack_post_was_ever_published":false},"categories":[4],"tags":[],"class_list":["post-15490","post","type-post","status-publish","format-standard","has-post-thumbnail","hentry","category-monitor-capitalino"],"jetpack_publicize_connections":[],"jetpack_sharing_enabled":true,"jetpack_featured_media_url":"https:\/\/monitortamaulipas.com.mx\/wp-content\/uploads\/2026\/08\/municipio-1.webp","_links":{"self":[{"href":"https:\/\/monitortamaulipas.com.mx\/index.php?rest_route=\/wp\/v2\/posts\/15490","targetHints":{"allow":["GET"]}}],"collection":[{"href":"https:\/\/monitortamaulipas.com.mx\/index.php?rest_route=\/wp\/v2\/posts"}],"about":[{"href":"https:\/\/monitortamaulipas.com.mx\/index.php?rest_route=\/wp\/v2\/types\/post"}],"author":[{"embeddable":true,"href":"https:\/\/monitortamaulipas.com.mx\/index.php?rest_route=\/wp\/v2\/users\/2"}],"replies":[{"embeddable":true,"href":"https:\/\/monitortamaulipas.com.mx\/index.php?rest_route=%2Fwp%2Fv2%2Fcomments&post=15490"}],"version-history":[{"count":2,"href":"https:\/\/monitortamaulipas.com.mx\/index.php?rest_route=\/wp\/v2\/posts\/15490\/revisions"}],"predecessor-version":[{"id":15496,"href":"https:\/\/monitortamaulipas.com.mx\/index.php?rest_route=\/wp\/v2\/posts\/15490\/revisions\/15496"}],"wp:featuredmedia":[{"embeddable":true,"href":"https:\/\/monitortamaulipas.com.mx\/index.php?rest_route=\/wp\/v2\/media\/15491"}],"wp:attachment":[{"href":"https:\/\/monitortamaulipas.com.mx\/index.php?rest_route=%2Fwp%2Fv2%2Fmedia&parent=15490"}],"wp:term":[{"taxonomy":"category","embeddable":true,"href":"https:\/\/monitortamaulipas.com.mx\/index.php?rest_route=%2Fwp%2Fv2%2Fcategories&post=15490"},{"taxonomy":"post_tag","embeddable":true,"href":"https:\/\/monitortamaulipas.com.mx\/index.php?rest_route=%2Fwp%2Fv2%2Ftags&post=15490"}],"curies":[{"name":"wp","href":"https:\/\/api.w.org\/{rel}","templated":true}]}}