{"id":15487,"date":"2026-08-31T20:50:37","date_gmt":"2026-09-01T01:50:37","guid":{"rendered":"https:\/\/monitortamaulipas.com.mx\/?p=15487"},"modified":"2026-08-31T20:50:42","modified_gmt":"2026-09-01T01:50:42","slug":"con-educacion-y-preparacion-jovenes-de-tamaulipas-construyen-mejores-oportunidades-hector-joel-villegas","status":"publish","type":"post","link":"https:\/\/monitortamaulipas.com.mx\/?p=15487","title":{"rendered":"Con educaci\u00f3n y preparaci\u00f3n, j\u00f3venes de Tamaulipas construyen mejores oportunidades: H\u00e9ctor Joel Villegas"},"content":{"rendered":"\n<p class=\"wp-block-paragraph\">Agosto 31 de 2026<\/p>\n\n\n\n<p class=\"wp-block-paragraph\">R\u00edo Bravo, Tamaulipas.- Con el compromiso de seguir fortaleciendo la educaci\u00f3n y brindar mejores oportunidades a las nuevas generaciones, el secretario general de Gobierno, H\u00e9ctor Joel Villegas Gonz\u00e1lez, encabez\u00f3, en representaci\u00f3n del gobernador Am\u00e9rico Villarreal Anaya, encabez\u00f3 el arranque del ciclo escolar 2026-2027 en el CONALEP R\u00edo Bravo.<\/p>\n\n\n\n<p class=\"wp-block-paragraph\">Durante el acto, Villegas Gonz\u00e1lez reconoci\u00f3 el trabajo del director del plantel, Horacio Tovar Cano, as\u00ed como de docentes, personal administrativo y directivo, por su contribuci\u00f3n al fortalecimiento de la instituci\u00f3n educativa y a la formaci\u00f3n de las y los j\u00f3venes tamaulipecos.<\/p>\n\n\n\n<p class=\"wp-block-paragraph\">Ante estudiantes y representantes de la comunidad educativa, el secretario general de Gobierno destac\u00f3 que la educaci\u00f3n representa una de las principales herramientas para alcanzar mejores oportunidades y construir un proyecto de vida con mayores posibilidades de desarrollo.<\/p>\n\n\n\n<p class=\"wp-block-paragraph\">Se\u00f1al\u00f3 que la preparaci\u00f3n acad\u00e9mica debe ir acompa\u00f1ada de esfuerzo, disciplina y perseverancia, al tiempo que exhort\u00f3 a las y los estudiantes a aprovechar los conocimientos que reciben de sus maestras y maestros, as\u00ed como el respaldo de sus familias.<\/p>\n\n\n\n<p class=\"wp-block-paragraph\">\u201cLas oportunidades se construyen tambi\u00e9n con preparaci\u00f3n. Si estamos preparados y llega una oportunidad, podemos aprovecharla y alcanzar nuestras metas\u201d, expres\u00f3.<\/p>\n\n\n\n<p class=\"wp-block-paragraph\">Asimismo, destac\u00f3 que las y los j\u00f3venes tienen la capacidad de aspirar a grandes objetivos y, con dedicaci\u00f3n, convertirse en profesionistas, servidores p\u00fablicos, empresarios o desempe\u00f1arse en cualquier \u00e1mbito que se propongan desarrollar.<\/p>\n\n\n\n<p class=\"wp-block-paragraph\">Villegas Gonz\u00e1lez resalt\u00f3 tambi\u00e9n la importancia de trabajar en equipo y mantener una convivencia basada en el respeto y la solidaridad, al considerar que la fortaleza de una instituci\u00f3n educativa no depende \u00fanicamente de su infraestructura, sino principalmente de las personas que forman parte de ella.<\/p>\n\n\n\n<p class=\"wp-block-paragraph\">El secretario general de Gobierno record\u00f3 adem\u00e1s su v\u00ednculo con R\u00edo Bravo y se\u00f1al\u00f3 que, durante su etapa como presidente municipal, se impulsaron acciones para mejorar las condiciones de infraestructura del CONALEP, entre ellas la construcci\u00f3n de la techumbre del plantel.<\/p>\n\n\n\n<p class=\"wp-block-paragraph\">Finalmente, transmiti\u00f3 a nombre del gobernador, Am\u00e9rico Villarreal Anaya un mensaje de felicitaci\u00f3n y buenos deseos a las y los estudiantes, docentes y familias, al tiempo que reiter\u00f3 el compromiso del Gobierno de Tamaulipas de continuar impulsando acciones que fortalezcan la educaci\u00f3n y generen mejores condiciones para el desarrollo de las juventudes.<\/p>\n\n\n\n<p class=\"wp-block-paragraph\">Con el inicio del ciclo escolar 2026-2027, el Gobierno de Tamaulipas refrenda su compromiso de acompa\u00f1ar a las nuevas generaciones en su formaci\u00f3n acad\u00e9mica y contribuir a que cuenten con las herramientas necesarias para construir un mejor futuro.<\/p>\n","protected":false},"excerpt":{"rendered":"<p>Agosto 31 de 2026 R\u00edo Bravo, Tamaulipas.- Con el compromiso de seguir fortaleciendo la educaci\u00f3n&#8230;<\/p>\n","protected":false},"author":2,"featured_media":15488,"comment_status":"closed","ping_status":"open","sticky":false,"template":"","format":"standard","meta":{"_jetpack_newsletter_access":"","_jetpack_dont_email_post_to_subs":false,"_jetpack_newsletter_tier_id":0,"_jetpack_memberships_contains_paywalled_content":false,"_jetpack_feature_clip_id":0,"_jetpack_memberships_contains_paid_content":false,"footnotes":"","jetpack_publicize_message":"","jetpack_publicize_feature_enabled":true,"jetpack_social_post_already_shared":true,"jetpack_social_options":{"image_generator_settings":{"template":"highway","default_image_id":0,"font":"","enabled":false},"version":2},"jetpack_post_was_ever_published":false},"categories":[6],"tags":[],"class_list":["post-15487","post","type-post","status-publish","format-standard","has-post-thumbnail","hentry","category-monitor-estatal"],"jetpack_publicize_connections":[],"jetpack_sharing_enabled":true,"jetpack_featured_media_url":"https:\/\/monitortamaulipas.com.mx\/wp-content\/uploads\/2026\/08\/Estatal-3-17.jpeg","_links":{"self":[{"href":"https:\/\/monitortamaulipas.com.mx\/index.php?rest_route=\/wp\/v2\/posts\/15487","targetHints":{"allow":["GET"]}}],"collection":[{"href":"https:\/\/monitortamaulipas.com.mx\/index.php?rest_route=\/wp\/v2\/posts"}],"about":[{"href":"https:\/\/monitortamaulipas.com.mx\/index.php?rest_route=\/wp\/v2\/types\/post"}],"author":[{"embeddable":true,"href":"https:\/\/monitortamaulipas.com.mx\/index.php?rest_route=\/wp\/v2\/users\/2"}],"replies":[{"embeddable":true,"href":"https:\/\/monitortamaulipas.com.mx\/index.php?rest_route=%2Fwp%2Fv2%2Fcomments&post=15487"}],"version-history":[{"count":1,"href":"https:\/\/monitortamaulipas.com.mx\/index.php?rest_route=\/wp\/v2\/posts\/15487\/revisions"}],"predecessor-version":[{"id":15489,"href":"https:\/\/monitortamaulipas.com.mx\/index.php?rest_route=\/wp\/v2\/posts\/15487\/revisions\/15489"}],"wp:featuredmedia":[{"embeddable":true,"href":"https:\/\/monitortamaulipas.com.mx\/index.php?rest_route=\/wp\/v2\/media\/15488"}],"wp:attachment":[{"href":"https:\/\/monitortamaulipas.com.mx\/index.php?rest_route=%2Fwp%2Fv2%2Fmedia&parent=15487"}],"wp:term":[{"taxonomy":"category","embeddable":true,"href":"https:\/\/monitortamaulipas.com.mx\/index.php?rest_route=%2Fwp%2Fv2%2Fcategories&post=15487"},{"taxonomy":"post_tag","embeddable":true,"href":"https:\/\/monitortamaulipas.com.mx\/index.php?rest_route=%2Fwp%2Fv2%2Ftags&post=15487"}],"curies":[{"name":"wp","href":"https:\/\/api.w.org\/{rel}","templated":true}]}}