{"id":15481,"date":"2026-08-31T20:43:38","date_gmt":"2026-09-01T01:43:38","guid":{"rendered":"https:\/\/monitortamaulipas.com.mx\/?p=15481"},"modified":"2026-08-31T20:43:44","modified_gmt":"2026-09-01T01:43:44","slug":"refuerza-congreso-proteccion-a-estudiantes-contra-escuelas-irregulares","status":"publish","type":"post","link":"https:\/\/monitortamaulipas.com.mx\/?p=15481","title":{"rendered":"Refuerza Congreso protecci\u00f3n a estudiantes contra escuelas irregulares"},"content":{"rendered":"\n<p class=\"wp-block-paragraph\">Para evitar que estudiantes sean v\u00edctimas de escuelas que ofrecen servicios educativos sin autorizaci\u00f3n, as\u00ed como de quienes expiden t\u00edtulos y diplomas que no tienen validez oficial, la Diputaci\u00f3n Permanente aprob\u00f3 por unanimidad dos iniciativas para fortalecer las sanciones contra estas pr\u00e1cticas.<\/p>\n\n\n\n<p class=\"wp-block-paragraph\">Durante la sesi\u00f3n, la diputada Francisca Castro Armenta dio lectura a las propuestas de la diputada Yuriria Iturbe V\u00e1zquez y del diputado Isidro Jes\u00fas Vargas Fern\u00e1ndez, y expres\u00f3 su respaldo al considerar que ambas acciones legislativas brindan mayor certeza y seguridad jur\u00eddica a la comunidad educativa.<\/p>\n\n\n\n<p class=\"wp-block-paragraph\">\u201cResulta necesario establecer las condiciones penales que permitan brindar mayor certeza y seguridad jur\u00eddica en estos procesos\u201d, resalt\u00f3.<\/p>\n\n\n\n<p class=\"wp-block-paragraph\">La acci\u00f3n legislativa de la diputada Yuriria Iturbe plantea reformar las fracciones XIX y XX, as\u00ed como adicionar la fracci\u00f3n XXI al art\u00edculo 418 del C\u00f3digo Penal de Tamaulipas, a fin de incorporar como fraude la expedici\u00f3n, entrega u ofrecimiento de t\u00edtulos, diplomas o grados acad\u00e9micos sin la autenticaci\u00f3n oficial correspondiente.<\/p>\n\n\n\n<p class=\"wp-block-paragraph\">Mientras que la propuesta del diputado Isidro Vargas busca reformar el primer p\u00e1rrafo del art\u00edculo 189 Ter del mismo ordenamiento, con el objetivo de incrementar de cuatro a ocho a\u00f1os de prisi\u00f3n y de mil a dos mil UMAs la sanci\u00f3n por impartir servicios educativos sin autorizaci\u00f3n o reconocimiento de validez oficial, aplic\u00e1ndose la pena por cada instituci\u00f3n que opere en estas condiciones.<\/p>\n\n\n\n<p class=\"wp-block-paragraph\">La legisladora Castro Armenta destac\u00f3 que ambas propuestas cuentan con opiniones favorables de la Secretar\u00eda de Educaci\u00f3n y de la&nbsp;Fiscal\u00eda General&nbsp;de Justicia de Tamaulipas, al contribuir a fortalecer la respuesta penal y proteger el patrimonio y la certeza jur\u00eddica de las y los estudiantes.<\/p>\n\n\n\n<p class=\"wp-block-paragraph\">Finalmente, la presidenta de la Diputaci\u00f3n Permanente, diputada Lucero Deosdady Mart\u00ednez L\u00f3pez, cit\u00f3 a sesi\u00f3n el pr\u00f3ximo lunes 7 de septiembre, a las 11:00 horas.<\/p>\n","protected":false},"excerpt":{"rendered":"<p>Para evitar que estudiantes sean v\u00edctimas de escuelas que ofrecen servicios educativos sin autorizaci\u00f3n, as\u00ed&#8230;<\/p>\n","protected":false},"author":2,"featured_media":15482,"comment_status":"closed","ping_status":"open","sticky":false,"template":"","format":"standard","meta":{"_jetpack_newsletter_access":"","_jetpack_dont_email_post_to_subs":false,"_jetpack_newsletter_tier_id":0,"_jetpack_memberships_contains_paywalled_content":false,"_jetpack_feature_clip_id":0,"_jetpack_memberships_contains_paid_content":false,"footnotes":"","jetpack_publicize_message":"","jetpack_publicize_feature_enabled":true,"jetpack_social_post_already_shared":true,"jetpack_social_options":{"image_generator_settings":{"template":"highway","default_image_id":0,"font":"","enabled":false},"version":2},"jetpack_post_was_ever_published":false},"categories":[6],"tags":[],"class_list":["post-15481","post","type-post","status-publish","format-standard","has-post-thumbnail","hentry","category-monitor-estatal"],"jetpack_publicize_connections":[],"jetpack_sharing_enabled":true,"jetpack_featured_media_url":"https:\/\/monitortamaulipas.com.mx\/wp-content\/uploads\/2026\/08\/Estado-1-7.jpeg","_links":{"self":[{"href":"https:\/\/monitortamaulipas.com.mx\/index.php?rest_route=\/wp\/v2\/posts\/15481","targetHints":{"allow":["GET"]}}],"collection":[{"href":"https:\/\/monitortamaulipas.com.mx\/index.php?rest_route=\/wp\/v2\/posts"}],"about":[{"href":"https:\/\/monitortamaulipas.com.mx\/index.php?rest_route=\/wp\/v2\/types\/post"}],"author":[{"embeddable":true,"href":"https:\/\/monitortamaulipas.com.mx\/index.php?rest_route=\/wp\/v2\/users\/2"}],"replies":[{"embeddable":true,"href":"https:\/\/monitortamaulipas.com.mx\/index.php?rest_route=%2Fwp%2Fv2%2Fcomments&post=15481"}],"version-history":[{"count":1,"href":"https:\/\/monitortamaulipas.com.mx\/index.php?rest_route=\/wp\/v2\/posts\/15481\/revisions"}],"predecessor-version":[{"id":15483,"href":"https:\/\/monitortamaulipas.com.mx\/index.php?rest_route=\/wp\/v2\/posts\/15481\/revisions\/15483"}],"wp:featuredmedia":[{"embeddable":true,"href":"https:\/\/monitortamaulipas.com.mx\/index.php?rest_route=\/wp\/v2\/media\/15482"}],"wp:attachment":[{"href":"https:\/\/monitortamaulipas.com.mx\/index.php?rest_route=%2Fwp%2Fv2%2Fmedia&parent=15481"}],"wp:term":[{"taxonomy":"category","embeddable":true,"href":"https:\/\/monitortamaulipas.com.mx\/index.php?rest_route=%2Fwp%2Fv2%2Fcategories&post=15481"},{"taxonomy":"post_tag","embeddable":true,"href":"https:\/\/monitortamaulipas.com.mx\/index.php?rest_route=%2Fwp%2Fv2%2Ftags&post=15481"}],"curies":[{"name":"wp","href":"https:\/\/api.w.org\/{rel}","templated":true}]}}