{"id":12748,"date":"2026-04-30T19:24:14","date_gmt":"2026-05-01T00:24:14","guid":{"rendered":"http:\/\/monitortamaulipas.com.mx\/?p=12748"},"modified":"2026-04-30T19:24:18","modified_gmt":"2026-05-01T00:24:18","slug":"proyecto-de-la-uat-fortalece-el-desarrollo-turistico-y-cultural-de-tamaulipas","status":"publish","type":"post","link":"https:\/\/monitortamaulipas.com.mx\/?p=12748","title":{"rendered":"Proyecto de la UAT fortalece el desarrollo tur\u00edstico y cultural de Tamaulipas"},"content":{"rendered":"\n<p><\/p>\n\n\n\n<p><strong>&#8220;<\/strong>&nbsp;En una muestra del compromiso con la investigaci\u00f3n aplicada y la vinculaci\u00f3n institucional, el rector de la Universidad Aut\u00f3noma de Tamaulipas (UAT) D\u00e1maso Anaya Alvarado encabez\u00f3 junto con el secretario de Turismo de Tamaulipas, Benjam\u00edn Hern\u00e1ndez Rodr\u00edguez, y el director general del Consejo Tamaulipeco de Ciencia y Tecnolog\u00eda (COTACYT), Julio Mart\u00ednez Burnes, la presentaci\u00f3n y entrega de resultados finales del proyecto \u201cResignificaci\u00f3n del patrimonio tur\u00edstico tangible e intangible de Tamaulipas\u201d.&nbsp;<strong>&#8220;<\/strong><\/p>\n\n\n\n<p>El resultado de esta investigaci\u00f3n aporta herramientas para diversificar la vocaci\u00f3n tur\u00edstica de la entidad y fortalece la preservaci\u00f3n de su riqueza cultural y natural, destac\u00f3 el rector D\u00e1maso Anaya en su mensaje.<\/p>\n\n\n\n<p>Durante la reuni\u00f3n celebrada en las oficinas del COTACYT, el rector subray\u00f3 que este proyecto responde a una necesidad estrat\u00e9gica para comprender y potenciar la riqueza patrimonial de Tamaulipas, incorporando nuevas perspectivas como el turismo rural, ecol\u00f3gico, comunitario y de monta\u00f1a, bajo una visi\u00f3n integral y sostenible.<\/p>\n\n\n\n<p>Se\u00f1al\u00f3 que esta iniciativa demuestra c\u00f3mo la investigaci\u00f3n universitaria puede traducirse en herramientas con impacto social, al aportar conocimiento \u00fatil para fortalecer la actividad tur\u00edstica, preservar el patrimonio y contribuir al desarrollo econ\u00f3mico y cultural de las regiones.<\/p>\n\n\n\n<p>A\u00f1adi\u00f3 que los resultados presentados \u201cson evidencia concreta de que la Universidad Aut\u00f3noma de Tamaulipas mantiene una presencia firme y competitiva en las convocatorias p\u00fablicas de ciencia, tecnolog\u00eda y cultura, sustentada en el rigor acad\u00e9mico y en el compromiso con la sociedad\u201d.<\/p>\n\n\n\n<p>Por su parte, el director general del COTACYT, Julio Mart\u00ednez Burnes, subray\u00f3 que este trabajo forma parte del programa estatal de impulso a la investigaci\u00f3n cient\u00edfica, desarrollo tecnol\u00f3gico e innovaci\u00f3n, orientado a atender prioridades del estado mediante proyectos construidos desde la colaboraci\u00f3n entre academia y gobierno.<\/p>\n\n\n\n<p>En su intervenci\u00f3n, el secretario de Turismo, Benjam\u00edn Hern\u00e1ndez Rodr\u00edguez, destac\u00f3 que este trabajo fortalece al sector al integrar conocimiento, planeaci\u00f3n y profesionalizaci\u00f3n para consolidar nuevos productos tur\u00edsticos. Se\u00f1al\u00f3 que el inventario estatal elaborado por la UAT y el diplomado para gu\u00edas representan herramientas clave para beneficiar a las comunidades, elevar la calidad de la oferta tur\u00edstica e impulsar mayor bienestar y derrama econ\u00f3mica en las regiones.<\/p>\n\n\n\n<p>La exposici\u00f3n de resultados estuvo a cargo del investigador de la UAT y responsable t\u00e9cnico del proyecto, Octavio Herrera P\u00e9rez, quien explic\u00f3 que se integra un inventario del patrimonio tur\u00edstico natural y cultural de los 43 municipios de Tamaulipas, acompa\u00f1ado de un portafolio de servicios tur\u00edsticos y una base de datos especializada que servir\u00e1 para fortalecer la planeaci\u00f3n, promoci\u00f3n y dise\u00f1o de rutas tur\u00edsticas regionales.<\/p>\n\n\n\n<p>Entre los resultados destaca tambi\u00e9n la realizaci\u00f3n de un diplomado para gu\u00edas tur\u00edsticos orientado a enriquecer la interpretaci\u00f3n hist\u00f3rica, cultural y patrimonial de los destinos tamaulipecos.<\/p>\n\n\n\n<p>Formalizando la conclusi\u00f3n exitosa de este proyecto, se entregaron constancias al equipo de investigaci\u00f3n, as\u00ed como la Carta Finiquito a la UAT y la Carta de Recepci\u00f3n de Resultados a la Secretar\u00eda de Turismo.<\/p>\n\n\n\n<figure class=\"wp-block-gallery has-nested-images columns-default is-cropped wp-block-gallery-1 is-layout-flex wp-block-gallery-is-layout-flex\">\n<figure class=\"wp-block-image size-large\"><img fetchpriority=\"high\" decoding=\"async\" width=\"900\" height=\"600\" data-id=\"12750\" src=\"http:\/\/monitortamaulipas.com.mx\/wp-content\/uploads\/2026\/04\/Estatal-11-2.jpeg\" alt=\"\" class=\"wp-image-12750\" srcset=\"https:\/\/monitortamaulipas.com.mx\/wp-content\/uploads\/2026\/04\/Estatal-11-2.jpeg 900w, https:\/\/monitortamaulipas.com.mx\/wp-content\/uploads\/2026\/04\/Estatal-11-2-300x200.jpeg 300w, https:\/\/monitortamaulipas.com.mx\/wp-content\/uploads\/2026\/04\/Estatal-11-2-768x512.jpeg 768w\" sizes=\"(max-width: 900px) 100vw, 900px\" \/><\/figure>\n\n\n\n<figure class=\"wp-block-image size-large\"><img decoding=\"async\" width=\"900\" height=\"600\" data-id=\"12751\" src=\"http:\/\/monitortamaulipas.com.mx\/wp-content\/uploads\/2026\/04\/Estatal-12.jpeg\" alt=\"\" class=\"wp-image-12751\" srcset=\"https:\/\/monitortamaulipas.com.mx\/wp-content\/uploads\/2026\/04\/Estatal-12.jpeg 900w, https:\/\/monitortamaulipas.com.mx\/wp-content\/uploads\/2026\/04\/Estatal-12-300x200.jpeg 300w, https:\/\/monitortamaulipas.com.mx\/wp-content\/uploads\/2026\/04\/Estatal-12-768x512.jpeg 768w\" sizes=\"(max-width: 900px) 100vw, 900px\" \/><\/figure>\n<\/figure>\n","protected":false},"excerpt":{"rendered":"<p>&#8220;&nbsp;En una muestra del compromiso con la investigaci\u00f3n aplicada y la vinculaci\u00f3n institucional, el rector&#8230;<\/p>\n","protected":false},"author":2,"featured_media":12749,"comment_status":"closed","ping_status":"open","sticky":false,"template":"","format":"standard","meta":{"_jetpack_memberships_contains_paid_content":false,"footnotes":"","jetpack_publicize_message":"","jetpack_publicize_feature_enabled":true,"jetpack_social_post_already_shared":true,"jetpack_social_options":{"image_generator_settings":{"template":"highway","default_image_id":0,"font":"","enabled":false},"version":2}},"categories":[6],"tags":[],"class_list":["post-12748","post","type-post","status-publish","format-standard","has-post-thumbnail","hentry","category-monitor-estatal"],"jetpack_publicize_connections":[],"jetpack_featured_media_url":"https:\/\/monitortamaulipas.com.mx\/wp-content\/uploads\/2026\/04\/Estatal-10-2.jpeg","jetpack_sharing_enabled":true,"_links":{"self":[{"href":"https:\/\/monitortamaulipas.com.mx\/index.php?rest_route=\/wp\/v2\/posts\/12748","targetHints":{"allow":["GET"]}}],"collection":[{"href":"https:\/\/monitortamaulipas.com.mx\/index.php?rest_route=\/wp\/v2\/posts"}],"about":[{"href":"https:\/\/monitortamaulipas.com.mx\/index.php?rest_route=\/wp\/v2\/types\/post"}],"author":[{"embeddable":true,"href":"https:\/\/monitortamaulipas.com.mx\/index.php?rest_route=\/wp\/v2\/users\/2"}],"replies":[{"embeddable":true,"href":"https:\/\/monitortamaulipas.com.mx\/index.php?rest_route=%2Fwp%2Fv2%2Fcomments&post=12748"}],"version-history":[{"count":1,"href":"https:\/\/monitortamaulipas.com.mx\/index.php?rest_route=\/wp\/v2\/posts\/12748\/revisions"}],"predecessor-version":[{"id":12752,"href":"https:\/\/monitortamaulipas.com.mx\/index.php?rest_route=\/wp\/v2\/posts\/12748\/revisions\/12752"}],"wp:featuredmedia":[{"embeddable":true,"href":"https:\/\/monitortamaulipas.com.mx\/index.php?rest_route=\/wp\/v2\/media\/12749"}],"wp:attachment":[{"href":"https:\/\/monitortamaulipas.com.mx\/index.php?rest_route=%2Fwp%2Fv2%2Fmedia&parent=12748"}],"wp:term":[{"taxonomy":"category","embeddable":true,"href":"https:\/\/monitortamaulipas.com.mx\/index.php?rest_route=%2Fwp%2Fv2%2Fcategories&post=12748"},{"taxonomy":"post_tag","embeddable":true,"href":"https:\/\/monitortamaulipas.com.mx\/index.php?rest_route=%2Fwp%2Fv2%2Ftags&post=12748"}],"curies":[{"name":"wp","href":"https:\/\/api.w.org\/{rel}","templated":true}]}}