{"id":12745,"date":"2026-04-30T19:18:43","date_gmt":"2026-05-01T00:18:43","guid":{"rendered":"http:\/\/monitortamaulipas.com.mx\/?p=12745"},"modified":"2026-04-30T19:19:24","modified_gmt":"2026-05-01T00:19:24","slug":"apoyaran-campesinos-de-sembrando-vida-en-restauracion-de-32-areas-naturales-protegidas","status":"publish","type":"post","link":"https:\/\/monitortamaulipas.com.mx\/?p=12745","title":{"rendered":"Apoyar\u00e1n campesinos de Sembrando Vida en restauraci\u00f3n de 32 \u00e1reas naturales protegidas"},"content":{"rendered":"\n<h2 class=\"wp-block-heading\">Las acciones tendr\u00e1n impacto en 24 estados, 509 n\u00facleos agrarios, m\u00e1s de 600 municipios, 21 tipos de ecosistemas, 32 \u00c1reas Naturales Protegidas y 60 \u00c1reas Destinadas Voluntariamente a la Conservaci\u00f3n<\/h2>\n\n\n\n<p>Firma del convenio de colaboraci\u00f3n para coordinar acciones de restauraci\u00f3n, conservaci\u00f3n y producci\u00f3n agroecol\u00f3gica en \u00c1reas Naturales Protegidas<\/p>\n\n\n\n<ul class=\"wp-block-list\">\n<li><strong>La estrategia favorecer\u00e1 h\u00e1bitats y rutas de fauna de especies como el jaguar, el color\u00edn siete colores, el milano tijereta, el zumbador canelo y el pel\u00edcano blanco americano.<\/strong><\/li>\n<\/ul>\n\n\n\n<p>La Subsecretar\u00eda de Inclusi\u00f3n Productiva y Desarrollo Rural de la Secretar\u00eda de Bienestar y la Comisi\u00f3n Nacional de \u00c1reas Naturales Protegidas (CONANP) firmaron un convenio de colaboraci\u00f3n para coordinar acciones de restauraci\u00f3n, conservaci\u00f3n y producci\u00f3n agroecol\u00f3gica en \u00c1reas Naturales Protegidas y sus zonas de influencia.<\/p>\n\n\n\n<p>El acuerdo fue suscrito por la subsecretaria Columba Jazm\u00edn L\u00f3pez Guti\u00e9rrez y por el comisionado nacional de \u00c1reas Naturales Protegidas, Pedro Carlos \u00c1lvarez Icaza Longoria. Su objetivo es que Sembrando Vida contribuya a la gesti\u00f3n sostenible de estos territorios mediante la recuperaci\u00f3n de \u00e1reas degradadas, la transici\u00f3n agroecol\u00f3gica, la conservaci\u00f3n de paisajes bioculturales y el fortalecimiento de los medios de vida de las comunidades rurales.<\/p>\n\n\n\n<p>Durante el acto, L\u00f3pez Guti\u00e9rrez se\u00f1al\u00f3 que este convenio permitir\u00e1 que las actividades productivas se realicen con respeto a la normatividad de las \u00c1reas Naturales Protegidas. \u201cEste convenio enmarca la coordinaci\u00f3n para que, en las \u00c1reas Naturales Protegidas, se lleven a cabo actividades que respeten y conserven el medio ambiente. Nos corresponde fortalecer la capacitaci\u00f3n y la asesor\u00eda t\u00e9cnica para que las y los sembradores conozcan y cumplan los lineamientos, y as\u00ed contribuir a conservar mejor la naturaleza\u201d, destac\u00f3.<\/p>\n\n\n\n<p>Durante el acto, L\u00f3pez Guti\u00e9rrez se\u00f1al\u00f3 que este convenio permitir\u00e1 que las actividades productivas se realicen con respeto a la normatividad de las \u00c1reas Naturales Protegidas. \u201cEste convenio enmarca la coordinaci\u00f3n para que, en las \u00c1reas Naturales Protegidas, se lleven a cabo actividades que respeten y conserven el medio ambiente. Nos corresponde fortalecer la capacitaci\u00f3n y la asesor\u00eda t\u00e9cnica para que las y los sembradores conozcan y cumplan los lineamientos, y as\u00ed contribuir a conservar mejor la naturaleza\u201d, destac\u00f3.<\/p>\n\n\n\n<p>La estrategia de restauraci\u00f3n y conectividad ecol\u00f3gica contempla el establecimiento de 300 millones de plantas en 2026, entre ellas 199 especies nativas, 31 especies end\u00e9micas y 16 especies incluidas en la NOM-059-SEMARNAT-2010. Estas acciones se realizan con el apoyo de 18 mil 505 viveros comunitarios y buscan contribuir a la restauraci\u00f3n del suelo, la infiltraci\u00f3n del agua, la generaci\u00f3n de ox\u00edgeno y la recuperaci\u00f3n de h\u00e1bitats.<\/p>\n\n\n\n<p>En la pen\u00ednsula de Yucat\u00e1n, se prev\u00e9 trabajar en mil 390 hect\u00e1reas para corredores bioculturales basados en los sistemas tradicionales mayas conocidos como Tolch\u00e9s, con el prop\u00f3sito de favorecer la conectividad entre Calakmul y Sian Ka\u2019an, en 43 localidades de Campeche y Quintana Roo, de las cuales la mitad son comunidades mayas.<\/p>\n\n\n\n<p>Estas acciones tambi\u00e9n favorecen la conservaci\u00f3n de rutas de fauna y h\u00e1bitats de especies como el jaguar, el zumbador canelo, el pel\u00edcano blanco americano, el color\u00edn siete colores, el milano tijereta, el \u00e1guila negra menor, el saraguato de manto, el achoque de P\u00e1tzcuaro, la rana de \u00e1rbol y la culebra suelera cola plana.<\/p>\n\n\n\n<p>Por su parte, Pedro Carlos \u00c1lvarez Icaza Longoria destac\u00f3 el esfuerzo que hace el Programa Sembrando Vida ayuda a transformar el campo mexicano desde la ra\u00edz, \u201cesta visi\u00f3n que ustedes est\u00e1n impulsando, por supuesto, desde la mitad anterior con el Presidente Andr\u00e9s Manuel L\u00f3pez Obrador, y ahora con nuestra l\u00edder presidenta Claudia Sheinbaum Pardo, me parece que vamos a lograr cuatro cosas centrales, restaurar ecosistemas degradados, proteger nuestra biodiversidad, recuperar nuestros paisajes bioculturales y por supuesto generar empleos e ingresos para el bienestar de las familias.\u201d<\/p>\n\n\n\n<p>El convenio tambi\u00e9n contempla capacitaci\u00f3n, asistencia t\u00e9cnica, intercambio de conocimiento biocultural, educaci\u00f3n ambiental, uso de informaci\u00f3n geogr\u00e1fica, fortalecimiento de capacidades locales y elaboraci\u00f3n de planes de trabajo espec\u00edficos para dar seguimiento a las acciones en territorio.<\/p>\n\n\n\n<p>Con esta alianza, el Gobierno de M\u00e9xico fortalece una estrategia que coloca a las comunidades campesinas como protagonistas de la restauraci\u00f3n ambiental y del desarrollo rural, bajo la convicci\u00f3n de que conservar la naturaleza tambi\u00e9n significa generar bienestar, justicia y futuro para quienes viven y trabajan la tierra.<\/p>\n\n\n\n<p><a>Contesta nuestra encuesta de satisfacci\u00f3n.&nbsp;<\/a><\/p>\n\n\n\n<hr class=\"wp-block-separator has-alpha-channel-opacity\"\/>\n\n\n\n<p>\u00bfC\u00f3mo fue tu experiencia en gob.mx?<\/p>\n\n\n\n<figure class=\"wp-block-image\"><img decoding=\"async\" src=\"https:\/\/framework-gb.cdn.gob.mx\/assets\/images\/icons\/survey\/ico-survey-good.svg\" alt=\"\"\/><\/figure>\n\n\n\n<figure class=\"wp-block-image\"><img decoding=\"async\" src=\"https:\/\/framework-gb.cdn.gob.mx\/assets\/images\/icons\/survey\/ico-survey-neutral.svg\" alt=\"\"\/><\/figure>\n\n\n\n<figure class=\"wp-block-image\"><img decoding=\"async\" src=\"https:\/\/framework-gb.cdn.gob.mx\/assets\/images\/icons\/survey\/ico-survey-bad.svg\" alt=\"\"\/><\/figure>\n","protected":false},"excerpt":{"rendered":"<p>Las acciones tendr\u00e1n impacto en 24 estados, 509 n\u00facleos agrarios, m\u00e1s de 600 municipios, 21&#8230;<\/p>\n","protected":false},"author":2,"featured_media":12746,"comment_status":"closed","ping_status":"open","sticky":false,"template":"","format":"standard","meta":{"_jetpack_memberships_contains_paid_content":false,"footnotes":"","jetpack_publicize_message":"","jetpack_publicize_feature_enabled":true,"jetpack_social_post_already_shared":true,"jetpack_social_options":{"image_generator_settings":{"template":"highway","default_image_id":0,"font":"","enabled":false},"version":2}},"categories":[7],"tags":[],"class_list":["post-12745","post","type-post","status-publish","format-standard","has-post-thumbnail","hentry","category-monitor-nacional"],"jetpack_publicize_connections":[],"jetpack_featured_media_url":"https:\/\/monitortamaulipas.com.mx\/wp-content\/uploads\/2026\/04\/Nacional-2-16.jpeg","jetpack_sharing_enabled":true,"_links":{"self":[{"href":"https:\/\/monitortamaulipas.com.mx\/index.php?rest_route=\/wp\/v2\/posts\/12745","targetHints":{"allow":["GET"]}}],"collection":[{"href":"https:\/\/monitortamaulipas.com.mx\/index.php?rest_route=\/wp\/v2\/posts"}],"about":[{"href":"https:\/\/monitortamaulipas.com.mx\/index.php?rest_route=\/wp\/v2\/types\/post"}],"author":[{"embeddable":true,"href":"https:\/\/monitortamaulipas.com.mx\/index.php?rest_route=\/wp\/v2\/users\/2"}],"replies":[{"embeddable":true,"href":"https:\/\/monitortamaulipas.com.mx\/index.php?rest_route=%2Fwp%2Fv2%2Fcomments&post=12745"}],"version-history":[{"count":1,"href":"https:\/\/monitortamaulipas.com.mx\/index.php?rest_route=\/wp\/v2\/posts\/12745\/revisions"}],"predecessor-version":[{"id":12747,"href":"https:\/\/monitortamaulipas.com.mx\/index.php?rest_route=\/wp\/v2\/posts\/12745\/revisions\/12747"}],"wp:featuredmedia":[{"embeddable":true,"href":"https:\/\/monitortamaulipas.com.mx\/index.php?rest_route=\/wp\/v2\/media\/12746"}],"wp:attachment":[{"href":"https:\/\/monitortamaulipas.com.mx\/index.php?rest_route=%2Fwp%2Fv2%2Fmedia&parent=12745"}],"wp:term":[{"taxonomy":"category","embeddable":true,"href":"https:\/\/monitortamaulipas.com.mx\/index.php?rest_route=%2Fwp%2Fv2%2Fcategories&post=12745"},{"taxonomy":"post_tag","embeddable":true,"href":"https:\/\/monitortamaulipas.com.mx\/index.php?rest_route=%2Fwp%2Fv2%2Ftags&post=12745"}],"curies":[{"name":"wp","href":"https:\/\/api.w.org\/{rel}","templated":true}]}}