{"id":12727,"date":"2026-04-30T19:03:54","date_gmt":"2026-05-01T00:03:54","guid":{"rendered":"http:\/\/monitortamaulipas.com.mx\/?p=12727"},"modified":"2026-04-30T19:03:58","modified_gmt":"2026-05-01T00:03:58","slug":"festejan-lucy-y-lalo-aninas-y-ninos-en-su-dia","status":"publish","type":"post","link":"https:\/\/monitortamaulipas.com.mx\/?p=12727","title":{"rendered":"Festejan Lucy y Lalo ani\u00f1as y ni\u00f1os en su d\u00eda."},"content":{"rendered":"\n<p>Cd. Victoria, 30 de abril de 2026.- En el marco de los festejos del D\u00eda del Ni\u00f1o y la Ni\u00f1a, la presidenta del Sistema DIF Lucy de Gatt\u00e1s y el alcalde de Victoria Eduardo Gatt\u00e1s B\u00e1ez, organizaron alegre convivio a alumnos de jardines, escuelas primarias y asociaciones civiles.<\/p>\n\n\n\n<p>En su mensaje de felicitaci\u00f3n, coincidieron en que el 30 de abril es un fecha muy especial en la que se reconoce la alegr\u00eda, la esperanza y reafirma el compromiso de promover actividades que fortalezcan el bienestar de la ni\u00f1ez.<\/p>\n\n\n\n<p>&#8220;Ustedes nos ense\u00f1an todos los d\u00edas ni\u00f1as y ni\u00f1os el valor de la alegr\u00eda y la esperanza, el DIF Victoria les desea que su d\u00eda est\u00e9 lleno de sonrisas, amor y momentos inolvidables&#8221;, manifest\u00f3 Lucy de Gatt\u00e1s en el inicio de las festividades realizadas en la explanada del DIF Victoria.<\/p>\n\n\n\n<p>El alcalde Eduardo Gatt\u00e1s B\u00e1ez se uni\u00f3 a los festejos, que cont\u00f3 con la presentaci\u00f3n oficial de la nueva mascota del DIF Victoria +AMOR, entrega de regalos, dulces, refrigerio, reconocimientos a ni\u00f1as y ni\u00f1os destacados en las artes y el deporte, y entrada gratuita al circo Fantastic Soley Circus.<\/p>\n\n\n\n<figure class=\"wp-block-gallery has-nested-images columns-default is-cropped wp-block-gallery-1 is-layout-flex wp-block-gallery-is-layout-flex\">\n<figure class=\"wp-block-image size-large\"><img fetchpriority=\"high\" decoding=\"async\" width=\"1024\" height=\"682\" data-id=\"12729\" src=\"http:\/\/monitortamaulipas.com.mx\/wp-content\/uploads\/2026\/04\/Municipio-2-16-1024x682.jpeg\" alt=\"\" class=\"wp-image-12729\" srcset=\"https:\/\/monitortamaulipas.com.mx\/wp-content\/uploads\/2026\/04\/Municipio-2-16-1024x682.jpeg 1024w, https:\/\/monitortamaulipas.com.mx\/wp-content\/uploads\/2026\/04\/Municipio-2-16-300x200.jpeg 300w, https:\/\/monitortamaulipas.com.mx\/wp-content\/uploads\/2026\/04\/Municipio-2-16-768x512.jpeg 768w, https:\/\/monitortamaulipas.com.mx\/wp-content\/uploads\/2026\/04\/Municipio-2-16.jpeg 1280w\" sizes=\"(max-width: 1024px) 100vw, 1024px\" \/><\/figure>\n\n\n\n<figure class=\"wp-block-image size-large\"><img decoding=\"async\" width=\"1024\" height=\"682\" data-id=\"12730\" src=\"http:\/\/monitortamaulipas.com.mx\/wp-content\/uploads\/2026\/04\/Municipio-3-17-1024x682.jpeg\" alt=\"\" class=\"wp-image-12730\" srcset=\"https:\/\/monitortamaulipas.com.mx\/wp-content\/uploads\/2026\/04\/Municipio-3-17-1024x682.jpeg 1024w, https:\/\/monitortamaulipas.com.mx\/wp-content\/uploads\/2026\/04\/Municipio-3-17-300x200.jpeg 300w, https:\/\/monitortamaulipas.com.mx\/wp-content\/uploads\/2026\/04\/Municipio-3-17-768x512.jpeg 768w, https:\/\/monitortamaulipas.com.mx\/wp-content\/uploads\/2026\/04\/Municipio-3-17.jpeg 1280w\" sizes=\"(max-width: 1024px) 100vw, 1024px\" \/><\/figure>\n\n\n\n<figure class=\"wp-block-image size-large\"><img decoding=\"async\" width=\"1024\" height=\"682\" data-id=\"12731\" src=\"http:\/\/monitortamaulipas.com.mx\/wp-content\/uploads\/2026\/04\/Municipio-4-16-1024x682.jpeg\" alt=\"\" class=\"wp-image-12731\" srcset=\"https:\/\/monitortamaulipas.com.mx\/wp-content\/uploads\/2026\/04\/Municipio-4-16-1024x682.jpeg 1024w, https:\/\/monitortamaulipas.com.mx\/wp-content\/uploads\/2026\/04\/Municipio-4-16-300x200.jpeg 300w, https:\/\/monitortamaulipas.com.mx\/wp-content\/uploads\/2026\/04\/Municipio-4-16-768x512.jpeg 768w, https:\/\/monitortamaulipas.com.mx\/wp-content\/uploads\/2026\/04\/Municipio-4-16.jpeg 1280w\" sizes=\"(max-width: 1024px) 100vw, 1024px\" \/><\/figure>\n\n\n\n<figure class=\"wp-block-image size-large\"><img loading=\"lazy\" decoding=\"async\" width=\"1024\" height=\"682\" data-id=\"12732\" src=\"http:\/\/monitortamaulipas.com.mx\/wp-content\/uploads\/2026\/04\/Municipio-5-6-1024x682.jpeg\" alt=\"\" class=\"wp-image-12732\" srcset=\"https:\/\/monitortamaulipas.com.mx\/wp-content\/uploads\/2026\/04\/Municipio-5-6-1024x682.jpeg 1024w, https:\/\/monitortamaulipas.com.mx\/wp-content\/uploads\/2026\/04\/Municipio-5-6-300x200.jpeg 300w, https:\/\/monitortamaulipas.com.mx\/wp-content\/uploads\/2026\/04\/Municipio-5-6-768x512.jpeg 768w, https:\/\/monitortamaulipas.com.mx\/wp-content\/uploads\/2026\/04\/Municipio-5-6.jpeg 1280w\" sizes=\"(max-width: 1024px) 100vw, 1024px\" \/><\/figure>\n<\/figure>\n","protected":false},"excerpt":{"rendered":"<p>Cd. Victoria, 30 de abril de 2026.- En el marco de los festejos del D\u00eda&#8230;<\/p>\n","protected":false},"author":2,"featured_media":12728,"comment_status":"closed","ping_status":"open","sticky":false,"template":"","format":"standard","meta":{"_jetpack_memberships_contains_paid_content":false,"footnotes":"","jetpack_publicize_message":"","jetpack_publicize_feature_enabled":true,"jetpack_social_post_already_shared":true,"jetpack_social_options":{"image_generator_settings":{"template":"highway","default_image_id":0,"font":"","enabled":false},"version":2}},"categories":[4],"tags":[],"class_list":["post-12727","post","type-post","status-publish","format-standard","has-post-thumbnail","hentry","category-monitor-capitalino"],"jetpack_publicize_connections":[],"jetpack_featured_media_url":"https:\/\/monitortamaulipas.com.mx\/wp-content\/uploads\/2026\/04\/Municipio-1-17.jpeg","jetpack_sharing_enabled":true,"_links":{"self":[{"href":"https:\/\/monitortamaulipas.com.mx\/index.php?rest_route=\/wp\/v2\/posts\/12727","targetHints":{"allow":["GET"]}}],"collection":[{"href":"https:\/\/monitortamaulipas.com.mx\/index.php?rest_route=\/wp\/v2\/posts"}],"about":[{"href":"https:\/\/monitortamaulipas.com.mx\/index.php?rest_route=\/wp\/v2\/types\/post"}],"author":[{"embeddable":true,"href":"https:\/\/monitortamaulipas.com.mx\/index.php?rest_route=\/wp\/v2\/users\/2"}],"replies":[{"embeddable":true,"href":"https:\/\/monitortamaulipas.com.mx\/index.php?rest_route=%2Fwp%2Fv2%2Fcomments&post=12727"}],"version-history":[{"count":1,"href":"https:\/\/monitortamaulipas.com.mx\/index.php?rest_route=\/wp\/v2\/posts\/12727\/revisions"}],"predecessor-version":[{"id":12733,"href":"https:\/\/monitortamaulipas.com.mx\/index.php?rest_route=\/wp\/v2\/posts\/12727\/revisions\/12733"}],"wp:featuredmedia":[{"embeddable":true,"href":"https:\/\/monitortamaulipas.com.mx\/index.php?rest_route=\/wp\/v2\/media\/12728"}],"wp:attachment":[{"href":"https:\/\/monitortamaulipas.com.mx\/index.php?rest_route=%2Fwp%2Fv2%2Fmedia&parent=12727"}],"wp:term":[{"taxonomy":"category","embeddable":true,"href":"https:\/\/monitortamaulipas.com.mx\/index.php?rest_route=%2Fwp%2Fv2%2Fcategories&post=12727"},{"taxonomy":"post_tag","embeddable":true,"href":"https:\/\/monitortamaulipas.com.mx\/index.php?rest_route=%2Fwp%2Fv2%2Ftags&post=12727"}],"curies":[{"name":"wp","href":"https:\/\/api.w.org\/{rel}","templated":true}]}}