{"id":12715,"date":"2026-04-30T18:49:04","date_gmt":"2026-04-30T23:49:04","guid":{"rendered":"http:\/\/monitortamaulipas.com.mx\/?p=12715"},"modified":"2026-04-30T18:49:08","modified_gmt":"2026-04-30T23:49:08","slug":"en-sesion-ordinaria-del-consejo-general-del-ietam-presentan-consejerias-electorales-informes-de-comisiones","status":"publish","type":"post","link":"https:\/\/monitortamaulipas.com.mx\/?p=12715","title":{"rendered":"En sesi\u00f3n ordinaria del Consejo General del IETAM, presentan\u00a0consejer\u00edas electorales\u00a0informes de comisiones"},"content":{"rendered":"\n<p>En el marco de la sesi\u00f3n ordinaria correspondiente al mes de abril, celebrada este mi\u00e9rcoles 29,&nbsp;el Consejo General del Instituto Electoral de Tamaulipas (IETAM)&nbsp;las consejer\u00edas electorales presentaron sus respectivos informes de comisiones.<\/p>\n\n\n\n<p>La Consejera Electoral Marcia Laura Garza Robles, presidenta de la Comisi\u00f3n de Igualdad de G\u00e9nero y No Discriminaci\u00f3n&nbsp;present\u00f3&nbsp;el informe especial denominado&nbsp;<em>\u201cParticipaci\u00f3n Pol\u00edtica de las Mujeres en Tamaulipas, Proceso Electoral Extraordinario 2024-2025\u201d<\/em>,&nbsp;destac\u00f3 que durante el Proceso Electoral&nbsp;Judicial&nbsp;Extraordinario 2024-2025 se registraron un total de 342 candidaturas, de las cuales 157 correspondieron a mujeres y 185 a hombres.<\/p>\n\n\n\n<p>Asimismo, se\u00f1al\u00f3 que los resultados de&nbsp;ese&nbsp;proceso electoral reflejan una reconfiguraci\u00f3n significativa en la integraci\u00f3n del Poder Judicial del&nbsp;Estado. En el caso de las magistraturas, resultaron electas 11 mujeres de un total de 19 cargos, lo que representa el 58 por ciento de integraci\u00f3n femenina.<\/p>\n\n\n\n<p>En lo que respecta a los juzgados, se alcanz\u00f3 una integraci\u00f3n plenamente paritaria, al ser electas 64 mujeres de un total de 128 cargos, equivalente al 50 por ciento, manteni\u00e9ndose este equilibrio tanto en juzgados de primera instancia como en juzgados menores.<\/p>\n\n\n\n<p>La Consejera Garza Robles subray\u00f3 tambi\u00e9n la implementaci\u00f3n de mecanismos institucionales orientados a fortalecer la participaci\u00f3n pol\u00edtica de las mujeres, entre ellos la&nbsp;<em>Red de Mujeres Juzgadoras<\/em>, estrategia que permiti\u00f3 brindar acompa\u00f1amiento, orientaci\u00f3n y canales de atenci\u00f3n durante el proceso electoral. A trav\u00e9s de esta red participaron 77 mujeres, de las cuales 38 resultaron electas, dando continuidad al acompa\u00f1amiento institucional en la etapa posterior al proceso.<\/p>\n\n\n\n<p>Por su parte, el&nbsp;Consejero Electoral Eliseo Garc\u00eda Gonz\u00e1lez, presidente de la Comisi\u00f3n de Educaci\u00f3n C\u00edvica,&nbsp;Difusi\u00f3n&nbsp;y Capacitaci\u00f3n, inform\u00f3&nbsp;entre otras actividades,&nbsp;sobre la realizaci\u00f3n de diversas pl\u00e1ticas virtuales y presenciales en materia de educaci\u00f3n c\u00edvica y participaci\u00f3n ciudadana en distintos municipios de la entidad, como parte del proyecto&nbsp;<em>Foro Abierto a la Democracia<\/em>.<\/p>\n\n\n\n<p>As\u00ed tambi\u00e9n, el Consejero Electoral Alfredo D\u00edaz&nbsp;D\u00edaz, presidente de la Comisi\u00f3n de Prerrogativas, Partidos y Agrupaciones Pol\u00edticas, present\u00f3 el informe correspondiente al periodo del 17 de febrero al 17 de abril, destacando la actualizaci\u00f3n y verificaci\u00f3n de libros<\/p>\n\n\n\n<p>de registro, el an\u00e1lisis de acuerdos emitidos por el Instituto Nacional Electoral y la atenci\u00f3n a diversos requerimientos de informaci\u00f3n.<\/p>\n\n\n\n<p>La Consejera Electoral Mayra Gisela Lugo Rodr\u00edguez, presidenta de la Comisi\u00f3n de Organizaci\u00f3n Electoral, inform\u00f3 sobre los avances en la actualizaci\u00f3n de instrumentos normativos derivados de las experiencias de procesos electorales anteriores, entre ellos&nbsp;los&nbsp;lineamientos para la destrucci\u00f3n de material electoral, manuales de supervisi\u00f3n de producci\u00f3n electoral y reglamentaci\u00f3n para la designaci\u00f3n de consejer\u00edas.<\/p>\n\n\n\n<p>De igual manera,&nbsp;el Consejero Electoral Eliseo Garc\u00eda Gonz\u00e1lez, en su calidad de presidente de la Comisi\u00f3n de Seguimiento al Servicio Profesional Electoral Nacional, report\u00f3 avances en la emisi\u00f3n de lineamientos y marcos normativos para la selecci\u00f3n e integraci\u00f3n de personal, fortaleciendo con ello el Servicio Profesional Electoral Nacional.<\/p>\n\n\n\n<p>Asimismo, la Secretar\u00eda Ejecutiva present\u00f3 el informe de actividades correspondiente al primer trimestre de 2026, el cual contempla el seguimiento al cumplimiento de acuerdos del Consejo General, los medios de impugnaci\u00f3n interpuestos contra actos y resoluciones del Instituto, as\u00ed como las actividades desarrolladas por la Oficial\u00eda Electoral.<\/p>\n\n\n\n<p>Por otra parte,&nbsp;el \u00d3rgano Interno de Control&nbsp;del Instituto&nbsp;rindi\u00f3 su informe anual 2025, correspondiente al periodo del 16 de agosto al 31 de diciembre de 2025, destacando las acciones de revisi\u00f3n, observaci\u00f3n, recomendaci\u00f3n y mejora implementadas para fortalecer el control interno, garantizar el cumplimiento normativo y promover la mejora continua en el ejercicio de los recursos p\u00fablicos.<\/p>\n\n\n\n<p>Previo al inicio de la sesi\u00f3n ordinaria,&nbsp;se&nbsp;guard\u00f3&nbsp;un minuto de silencio en memoria del C.Juan Carlos \u00c1vila Medina, quien se desempe\u00f1\u00f3 como auxiliar de la Direcci\u00f3n Ejecutiva de Organizaci\u00f3n y Log\u00edstica Electoral del Instituto.<\/p>\n\n\n\n<p>Asimismo, se dio cuenta que el 28 de abril del a\u00f1o en curso, se recibi\u00f3 comunicado de la Presidencia de la Mesa Directiva de&nbsp;la 66 Legislatura del Congreso del Estado Libre y Soberano de Tamaulipas, informando que mediante Acuerdo 66\/359, se admiti\u00f3 la renuncia de la C. Frida Denisse G\u00f3mez Puga, al cargo de Titular del \u00d3rgano Interno de Control del IETAM, a partir del 22 de abril, haciendo la declaratoria de vacancia del cargo, en esa misma fecha.<\/p>\n\n\n\n<p>El IETAM hace del conocimiento de la ciudadan\u00eda el presente comunicado con fines de divulgaci\u00f3n; no obstante,&nbsp;los informes presentados&nbsp;por el \u00f3rgano colegiado, corresponden a la \u00fanica versi\u00f3n oficial, pudiendo consultarse en el siguiente enlace:<\/p>\n\n\n\n<figure class=\"wp-block-gallery has-nested-images columns-default is-cropped wp-block-gallery-1 is-layout-flex wp-block-gallery-is-layout-flex\">\n<figure class=\"wp-block-image size-large\"><img fetchpriority=\"high\" decoding=\"async\" width=\"1024\" height=\"808\" data-id=\"12718\" src=\"http:\/\/monitortamaulipas.com.mx\/wp-content\/uploads\/2026\/04\/Estatal-2-12-1024x808.jpeg\" alt=\"\" class=\"wp-image-12718\" srcset=\"https:\/\/monitortamaulipas.com.mx\/wp-content\/uploads\/2026\/04\/Estatal-2-12-1024x808.jpeg 1024w, https:\/\/monitortamaulipas.com.mx\/wp-content\/uploads\/2026\/04\/Estatal-2-12-300x237.jpeg 300w, https:\/\/monitortamaulipas.com.mx\/wp-content\/uploads\/2026\/04\/Estatal-2-12-768x606.jpeg 768w, https:\/\/monitortamaulipas.com.mx\/wp-content\/uploads\/2026\/04\/Estatal-2-12.jpeg 1298w\" sizes=\"(max-width: 1024px) 100vw, 1024px\" \/><\/figure>\n\n\n\n<figure class=\"wp-block-image size-large\"><img decoding=\"async\" width=\"1024\" height=\"682\" data-id=\"12719\" src=\"http:\/\/monitortamaulipas.com.mx\/wp-content\/uploads\/2026\/04\/Estatal-3-11-1024x682.jpeg\" alt=\"\" class=\"wp-image-12719\" srcset=\"https:\/\/monitortamaulipas.com.mx\/wp-content\/uploads\/2026\/04\/Estatal-3-11-1024x682.jpeg 1024w, https:\/\/monitortamaulipas.com.mx\/wp-content\/uploads\/2026\/04\/Estatal-3-11-300x200.jpeg 300w, https:\/\/monitortamaulipas.com.mx\/wp-content\/uploads\/2026\/04\/Estatal-3-11-768x512.jpeg 768w, https:\/\/monitortamaulipas.com.mx\/wp-content\/uploads\/2026\/04\/Estatal-3-11-1536x1024.jpeg 1536w, https:\/\/monitortamaulipas.com.mx\/wp-content\/uploads\/2026\/04\/Estatal-3-11-2048x1365.jpeg 2048w\" sizes=\"(max-width: 1024px) 100vw, 1024px\" \/><\/figure>\n\n\n\n<figure class=\"wp-block-image size-large\"><img decoding=\"async\" width=\"1024\" height=\"885\" data-id=\"12717\" src=\"http:\/\/monitortamaulipas.com.mx\/wp-content\/uploads\/2026\/04\/Estatal-4-5-1024x885.jpeg\" alt=\"\" class=\"wp-image-12717\" srcset=\"https:\/\/monitortamaulipas.com.mx\/wp-content\/uploads\/2026\/04\/Estatal-4-5-1024x885.jpeg 1024w, https:\/\/monitortamaulipas.com.mx\/wp-content\/uploads\/2026\/04\/Estatal-4-5-300x259.jpeg 300w, https:\/\/monitortamaulipas.com.mx\/wp-content\/uploads\/2026\/04\/Estatal-4-5-768x664.jpeg 768w, https:\/\/monitortamaulipas.com.mx\/wp-content\/uploads\/2026\/04\/Estatal-4-5.jpeg 1185w\" sizes=\"(max-width: 1024px) 100vw, 1024px\" \/><\/figure>\n<\/figure>\n","protected":false},"excerpt":{"rendered":"<p>En el marco de la sesi\u00f3n ordinaria correspondiente al mes de abril, celebrada este mi\u00e9rcoles&#8230;<\/p>\n","protected":false},"author":2,"featured_media":12716,"comment_status":"closed","ping_status":"open","sticky":false,"template":"","format":"standard","meta":{"_jetpack_memberships_contains_paid_content":false,"footnotes":"","jetpack_publicize_message":"","jetpack_publicize_feature_enabled":true,"jetpack_social_post_already_shared":true,"jetpack_social_options":{"image_generator_settings":{"template":"highway","default_image_id":0,"font":"","enabled":false},"version":2}},"categories":[6],"tags":[],"class_list":["post-12715","post","type-post","status-publish","format-standard","has-post-thumbnail","hentry","category-monitor-estatal"],"jetpack_publicize_connections":[],"jetpack_featured_media_url":"https:\/\/monitortamaulipas.com.mx\/wp-content\/uploads\/2026\/04\/Estatdo-1.jpeg","jetpack_sharing_enabled":true,"_links":{"self":[{"href":"https:\/\/monitortamaulipas.com.mx\/index.php?rest_route=\/wp\/v2\/posts\/12715","targetHints":{"allow":["GET"]}}],"collection":[{"href":"https:\/\/monitortamaulipas.com.mx\/index.php?rest_route=\/wp\/v2\/posts"}],"about":[{"href":"https:\/\/monitortamaulipas.com.mx\/index.php?rest_route=\/wp\/v2\/types\/post"}],"author":[{"embeddable":true,"href":"https:\/\/monitortamaulipas.com.mx\/index.php?rest_route=\/wp\/v2\/users\/2"}],"replies":[{"embeddable":true,"href":"https:\/\/monitortamaulipas.com.mx\/index.php?rest_route=%2Fwp%2Fv2%2Fcomments&post=12715"}],"version-history":[{"count":1,"href":"https:\/\/monitortamaulipas.com.mx\/index.php?rest_route=\/wp\/v2\/posts\/12715\/revisions"}],"predecessor-version":[{"id":12720,"href":"https:\/\/monitortamaulipas.com.mx\/index.php?rest_route=\/wp\/v2\/posts\/12715\/revisions\/12720"}],"wp:featuredmedia":[{"embeddable":true,"href":"https:\/\/monitortamaulipas.com.mx\/index.php?rest_route=\/wp\/v2\/media\/12716"}],"wp:attachment":[{"href":"https:\/\/monitortamaulipas.com.mx\/index.php?rest_route=%2Fwp%2Fv2%2Fmedia&parent=12715"}],"wp:term":[{"taxonomy":"category","embeddable":true,"href":"https:\/\/monitortamaulipas.com.mx\/index.php?rest_route=%2Fwp%2Fv2%2Fcategories&post=12715"},{"taxonomy":"post_tag","embeddable":true,"href":"https:\/\/monitortamaulipas.com.mx\/index.php?rest_route=%2Fwp%2Fv2%2Ftags&post=12715"}],"curies":[{"name":"wp","href":"https:\/\/api.w.org\/{rel}","templated":true}]}}