{"id":12661,"date":"2026-04-28T19:53:23","date_gmt":"2026-04-29T00:53:23","guid":{"rendered":"http:\/\/monitortamaulipas.com.mx\/?p=12661"},"modified":"2026-04-28T19:53:31","modified_gmt":"2026-04-29T00:53:31","slug":"entregan-en-nuevo-laredo-distintivos-hecho-en-tamaulipas-hecho-en-mexico-y-creditos-del-fondo-tamaulipas","status":"publish","type":"post","link":"https:\/\/monitortamaulipas.com.mx\/?p=12661","title":{"rendered":"Entregan en Nuevo Laredo distintivos \u201cHecho en Tamaulipas\u201d, \u201cHecho en M\u00e9xico\u201d y cr\u00e9ditos del Fondo Tamaulipas"},"content":{"rendered":"\n<p>Abril 28 de 2026<\/p>\n\n\n\n<p>Nuevo Laredo, Tamaulipas.\u2013 Con el prop\u00f3sito de fortalecer el desarrollo de las micro, peque\u00f1as y medianas empresas en la regi\u00f3n, la secretaria de Econom\u00eda, Ninfa Cant\u00fa De\u00e1ndar, encabez\u00f3 la entrega de distintivos \u201cHecho en Tamaulipas\u201d y \u201cHecho en M\u00e9xico\u201d, as\u00ed como de cr\u00e9ditos del Fondo Tamaulipas, en un evento que reuni\u00f3 a l\u00edderes empresariales y representantes de instituciones de educaci\u00f3n superior del municipio.<\/p>\n\n\n\n<p>Durante la ceremonia, se otorgaron 63 distintivos a 23 emprendedores, reconociendo a empresas que han alcanzado est\u00e1ndares de calidad, reputaci\u00f3n y valor agregado, lo que les permite ampliar sus oportunidades de acceso a mercados, ferias, exposiciones y cadenas comerciales.<\/p>\n\n\n\n<p>El distintivo \u201cHecho en Tamaulipas\u201d acredita a productos y servicios elaborados en la entidad bajo criterios de calidad y pertenencia, fortaleciendo el consumo local. Por su parte, el distintivo \u201cHecho en M\u00e9xico\u201d impulsa la proyecci\u00f3n nacional e internacional de productos elaborados en el pa\u00eds, priorizando el uso de insumos nacionales y el cumplimiento de est\u00e1ndares alineados con la Agenda 2030.<\/p>\n\n\n\n<p>En el mismo acto, se entregaron financiamientos a trav\u00e9s del Fondo Tamaulipas, como parte de una estrategia de inclusi\u00f3n financiera. Se otorgaron cr\u00e9ditos de los programas Credibienestar y Microemprendedor por un monto total de 793 mil pesos, adem\u00e1s de apoyos del Programa de Microcr\u00e9ditos a cinco n\u00facleos solidarios integrados por 26 beneficiarios, por un monto adicional de 142 mil pesos.<\/p>\n\n\n\n<p>Estos apoyos tienen como finalidad impulsar el crecimiento de negocios locales, facilitar el acceso al cr\u00e9dito en condiciones accesibles y fortalecer la econom\u00eda familiar mediante el desarrollo de actividades productivas.<\/p>\n\n\n\n<p>La titular de la Secretar\u00eda de Econom\u00eda destac\u00f3 que estas acciones forman parte de la pol\u00edtica econ\u00f3mica impulsada por el gobernador Am\u00e9rico Villarreal Anaya, orientada a generar oportunidades de crecimiento, elevar la competitividad empresarial y consolidar un ecosistema productivo con identidad local y proyecci\u00f3n global.<\/p>\n\n\n\n<p>Asimismo, reconoci\u00f3 el respaldo del gobierno municipal de Nuevo Laredo, encabezado por Carmen Lilia Canturosas Villarreal, as\u00ed como la colaboraci\u00f3n interinstitucional para fortalecer el desarrollo econ\u00f3mico regional.<\/p>\n\n\n\n<p>En el evento tambi\u00e9n participaron autoridades y representantes del sector empresarial, entre ellos Miguel \u00c1ngel Carrillo, Abraham Rodr\u00edguez, Mariana \u00c1lvarez y Guadalupe Arlem Gonz\u00e1lez.<\/p>\n\n\n\n<figure class=\"wp-block-gallery has-nested-images columns-default is-cropped wp-block-gallery-1 is-layout-flex wp-block-gallery-is-layout-flex\">\n<figure class=\"wp-block-image size-large\"><img fetchpriority=\"high\" decoding=\"async\" width=\"1024\" height=\"576\" data-id=\"12663\" src=\"http:\/\/monitortamaulipas.com.mx\/wp-content\/uploads\/2026\/04\/Estatal-4-4-1024x576.jpeg\" alt=\"\" class=\"wp-image-12663\" srcset=\"https:\/\/monitortamaulipas.com.mx\/wp-content\/uploads\/2026\/04\/Estatal-4-4-1024x576.jpeg 1024w, https:\/\/monitortamaulipas.com.mx\/wp-content\/uploads\/2026\/04\/Estatal-4-4-300x169.jpeg 300w, https:\/\/monitortamaulipas.com.mx\/wp-content\/uploads\/2026\/04\/Estatal-4-4-768x432.jpeg 768w, https:\/\/monitortamaulipas.com.mx\/wp-content\/uploads\/2026\/04\/Estatal-4-4-1536x864.jpeg 1536w, https:\/\/monitortamaulipas.com.mx\/wp-content\/uploads\/2026\/04\/Estatal-4-4.jpeg 1600w\" sizes=\"(max-width: 1024px) 100vw, 1024px\" \/><\/figure>\n\n\n\n<figure class=\"wp-block-image size-large\"><img decoding=\"async\" width=\"1024\" height=\"339\" data-id=\"12664\" src=\"http:\/\/monitortamaulipas.com.mx\/wp-content\/uploads\/2026\/04\/Estatal-5-3-1024x339.jpeg\" alt=\"\" class=\"wp-image-12664\" srcset=\"https:\/\/monitortamaulipas.com.mx\/wp-content\/uploads\/2026\/04\/Estatal-5-3-1024x339.jpeg 1024w, https:\/\/monitortamaulipas.com.mx\/wp-content\/uploads\/2026\/04\/Estatal-5-3-300x99.jpeg 300w, https:\/\/monitortamaulipas.com.mx\/wp-content\/uploads\/2026\/04\/Estatal-5-3-768x254.jpeg 768w, https:\/\/monitortamaulipas.com.mx\/wp-content\/uploads\/2026\/04\/Estatal-5-3-1536x509.jpeg 1536w, https:\/\/monitortamaulipas.com.mx\/wp-content\/uploads\/2026\/04\/Estatal-5-3.jpeg 1600w\" sizes=\"(max-width: 1024px) 100vw, 1024px\" \/><\/figure>\n<\/figure>\n","protected":false},"excerpt":{"rendered":"<p>Abril 28 de 2026 Nuevo Laredo, Tamaulipas.\u2013 Con el prop\u00f3sito de fortalecer el desarrollo de&#8230;<\/p>\n","protected":false},"author":2,"featured_media":12662,"comment_status":"closed","ping_status":"open","sticky":false,"template":"","format":"standard","meta":{"_jetpack_memberships_contains_paid_content":false,"footnotes":"","jetpack_publicize_message":"","jetpack_publicize_feature_enabled":true,"jetpack_social_post_already_shared":true,"jetpack_social_options":{"image_generator_settings":{"template":"highway","default_image_id":0,"font":"","enabled":false},"version":2}},"categories":[6],"tags":[],"class_list":["post-12661","post","type-post","status-publish","format-standard","has-post-thumbnail","hentry","category-monitor-estatal"],"jetpack_publicize_connections":[],"jetpack_featured_media_url":"https:\/\/monitortamaulipas.com.mx\/wp-content\/uploads\/2026\/04\/Estatal-3-9.jpeg","jetpack_sharing_enabled":true,"_links":{"self":[{"href":"https:\/\/monitortamaulipas.com.mx\/index.php?rest_route=\/wp\/v2\/posts\/12661","targetHints":{"allow":["GET"]}}],"collection":[{"href":"https:\/\/monitortamaulipas.com.mx\/index.php?rest_route=\/wp\/v2\/posts"}],"about":[{"href":"https:\/\/monitortamaulipas.com.mx\/index.php?rest_route=\/wp\/v2\/types\/post"}],"author":[{"embeddable":true,"href":"https:\/\/monitortamaulipas.com.mx\/index.php?rest_route=\/wp\/v2\/users\/2"}],"replies":[{"embeddable":true,"href":"https:\/\/monitortamaulipas.com.mx\/index.php?rest_route=%2Fwp%2Fv2%2Fcomments&post=12661"}],"version-history":[{"count":1,"href":"https:\/\/monitortamaulipas.com.mx\/index.php?rest_route=\/wp\/v2\/posts\/12661\/revisions"}],"predecessor-version":[{"id":12665,"href":"https:\/\/monitortamaulipas.com.mx\/index.php?rest_route=\/wp\/v2\/posts\/12661\/revisions\/12665"}],"wp:featuredmedia":[{"embeddable":true,"href":"https:\/\/monitortamaulipas.com.mx\/index.php?rest_route=\/wp\/v2\/media\/12662"}],"wp:attachment":[{"href":"https:\/\/monitortamaulipas.com.mx\/index.php?rest_route=%2Fwp%2Fv2%2Fmedia&parent=12661"}],"wp:term":[{"taxonomy":"category","embeddable":true,"href":"https:\/\/monitortamaulipas.com.mx\/index.php?rest_route=%2Fwp%2Fv2%2Fcategories&post=12661"},{"taxonomy":"post_tag","embeddable":true,"href":"https:\/\/monitortamaulipas.com.mx\/index.php?rest_route=%2Fwp%2Fv2%2Ftags&post=12661"}],"curies":[{"name":"wp","href":"https:\/\/api.w.org\/{rel}","templated":true}]}}