{"id":12614,"date":"2026-04-27T21:03:06","date_gmt":"2026-04-28T02:03:06","guid":{"rendered":"http:\/\/monitortamaulipas.com.mx\/?p=12614"},"modified":"2026-04-27T21:03:10","modified_gmt":"2026-04-28T02:03:10","slug":"transportara-tren-felipe-angeles-buenavista-aifa-a-57-mil-pasajeros-diarios","status":"publish","type":"post","link":"https:\/\/monitortamaulipas.com.mx\/?p=12614","title":{"rendered":"Transportar\u00e1 Tren &#8216;Felipe \u00c1ngeles&#8217; Buenavista-AIFA a 57 mil pasajeros diarios\u00a0"},"content":{"rendered":"\n<h2 class=\"wp-block-heading\">\u25cf Operar\u00e1 con 10 trenes con capacidad para 719 personas cada uno y velocidades m\u00e1ximas de 130 km por hora \u25cf La nueva ruta de 41.68 km cuenta con 10 estaciones y dos terminales&nbsp;<\/h2>\n\n\n\n<p>El Tren &#8216;Felipe \u00c1ngeles&#8217; Buenavista-AIFA movilizar\u00e1 a 57 mil pasajeros diarios<\/p>\n\n\n\n<p>En la inauguraci\u00f3n del Tren \u201cFelipe \u00c1ngeles\u201d Buenavista-AIFA, encabezada por la Presidenta de M\u00e9xico, Claudia Sheinbaum Pardo, el director general de la Agencia de Trenes y Transporte P\u00fablico Integrado (ATTRAPI), Andr\u00e9s Lajous Loaeza, destac\u00f3 que la nueva ruta ferroviaria movilizar\u00e1 a 57 mil pasajeros diarios, pero cuenta con capacidad para transportar hasta a 80 mil usuarios.&nbsp;<\/p>\n\n\n\n<p>En compa\u00f1\u00eda del secretario de Infraestructura, Comunicaciones y Transportes (SICT), Jes\u00fas Esteva Medina, el titular de la ATTRAPI explic\u00f3 que el tren operar\u00e1 con 10 vagones acoplables con capacidad para 719 pasajeros \u201cpero cuando se vayan detectando picos de demanda pueden acoplarse a operar como un solo tren con m\u00e1s de 1,400 pasajeros. Son de 100 metros de longitud de trenes\u201d.&nbsp;<\/p>\n\n\n\n<p>Precis\u00f3 que los trenes tendr\u00e1n una velocidad promedio de 65 km\/h y m\u00e1xima de 130 km\/h, con intervalos de 15 minutos y el recorrido de 41.68 kil\u00f3metros se realizar\u00e1 en 43 minutos. &nbsp;<\/p>\n\n\n\n<p>La ruta contar\u00e1 con 10 estaciones y dos terminales desde Buenavista en la Ciudad de M\u00e9xico, pero a partir del desv\u00edo en Lecher\u00eda son 22.94 km, seis nuevas estaciones y una terminal: &nbsp;Cueyamil, La Loma, Teyahualco, Prados Sur, Cajiga, Xaltocan y la terminal AIFA, todas en el Estado de M\u00e9xico. &nbsp;<\/p>\n\n\n\n<p>El Tren &#8220;Felipe \u00c1ngeles&#8221; Buenavista-AIFA permitir\u00e1 a los pasajeros conectar con el Suburbano a Cuautitl\u00e1n; en la Ciudad de M\u00e9xico con la L\u00ednea 3 del Metro, Metrob\u00fas L\u00edneas 1, 3 y 4 y Ecobici; y en el Estado de M\u00e9xico con el Mexib\u00fas y transporte local. &nbsp;<\/p>\n\n\n\n<p>A\u00f1adi\u00f3 que \u201cla estaci\u00f3n Buenavista recupera su papel hist\u00f3rico en el sistema ferroviario nacional, porque ah\u00ed est\u00e1 la construcci\u00f3n con estos andenes del servicio al aeropuerto (AIFA), pero tambi\u00e9n ser\u00e1 el servicio a Pachuca, a Quer\u00e9taro, a Monterrey, a Nuevo Laredo, a Guadalajara, a Celaya\u201d.<\/p>\n\n\n\n<p>El titular de la ATTRAPI resalt\u00f3 la accesibilidad de las estaciones \u201cse garantiza que en todas las estaciones nuevas haya elevadores y gu\u00edas podo t\u00e1ctiles, de tal forma que sea 100 por ciento accesible; en los trenes tenemos acceso a nivel, eso es m\u00e1s sencillo para las personas que tienen alguna discapacidad. Y en el caso de la Terminal del AIFA, se cuenta con seis escaleras el\u00e9ctricas\u201d.&nbsp;<\/p>\n\n\n\n<p>Explic\u00f3 que el sistema de pago ser\u00e1 con la Tarjeta de Movilidad Integrada de la Ciudad de M\u00e9xico y en la pr\u00f3xima semana tambi\u00e9n se podr\u00e1 hacer con la tarjeta del Suburbano.&nbsp;<\/p>\n\n\n\n<p>Al evento asistieron, la gobernadora del Estado de M\u00e9xico, Delfina G\u00f3mez \u00c1lvarez; la jefa de Gobierno de la Ciudad de M\u00e9xico, Clara Brugada Molina; el gobernador del estado de Hidalgo, Julio Menchaca Salazar; la secretaria de Gobernaci\u00f3n, Rosa Icela Rodr\u00edguez, el secretario de la Defensa Nacional, Ricardo Trevilla Trejo; el secretario de Marina, Raymundo Pedro Morales \u00c1ngeles; y el director general de Banobras, Jorge Mendoza S\u00e1nchez, entre otras autoridades e invitados especiales. &nbsp;<\/p>\n\n\n\n<figure class=\"wp-block-gallery has-nested-images columns-default is-cropped wp-block-gallery-1 is-layout-flex wp-block-gallery-is-layout-flex\">\n<figure class=\"wp-block-image size-large\"><img fetchpriority=\"high\" decoding=\"async\" width=\"1024\" height=\"683\" data-id=\"12617\" src=\"http:\/\/monitortamaulipas.com.mx\/wp-content\/uploads\/2026\/04\/Nacional-3-5-1024x683.jpeg\" alt=\"\" class=\"wp-image-12617\" srcset=\"https:\/\/monitortamaulipas.com.mx\/wp-content\/uploads\/2026\/04\/Nacional-3-5-1024x683.jpeg 1024w, https:\/\/monitortamaulipas.com.mx\/wp-content\/uploads\/2026\/04\/Nacional-3-5-300x200.jpeg 300w, https:\/\/monitortamaulipas.com.mx\/wp-content\/uploads\/2026\/04\/Nacional-3-5-768x512.jpeg 768w, https:\/\/monitortamaulipas.com.mx\/wp-content\/uploads\/2026\/04\/Nacional-3-5.jpeg 1280w\" sizes=\"(max-width: 1024px) 100vw, 1024px\" \/><\/figure>\n\n\n\n<figure class=\"wp-block-image size-large\"><img decoding=\"async\" width=\"1024\" height=\"677\" data-id=\"12616\" src=\"http:\/\/monitortamaulipas.com.mx\/wp-content\/uploads\/2026\/04\/Nacional-4-3-1024x677.jpeg\" alt=\"\" class=\"wp-image-12616\" srcset=\"https:\/\/monitortamaulipas.com.mx\/wp-content\/uploads\/2026\/04\/Nacional-4-3-1024x677.jpeg 1024w, https:\/\/monitortamaulipas.com.mx\/wp-content\/uploads\/2026\/04\/Nacional-4-3-300x198.jpeg 300w, https:\/\/monitortamaulipas.com.mx\/wp-content\/uploads\/2026\/04\/Nacional-4-3-768x508.jpeg 768w, https:\/\/monitortamaulipas.com.mx\/wp-content\/uploads\/2026\/04\/Nacional-4-3-720x475.jpeg 720w, https:\/\/monitortamaulipas.com.mx\/wp-content\/uploads\/2026\/04\/Nacional-4-3.jpeg 1280w\" sizes=\"(max-width: 1024px) 100vw, 1024px\" \/><\/figure>\n\n\n\n<figure class=\"wp-block-image size-large\"><img decoding=\"async\" width=\"1024\" height=\"649\" data-id=\"12618\" src=\"http:\/\/monitortamaulipas.com.mx\/wp-content\/uploads\/2026\/04\/Nacional-5-1024x649.jpeg\" alt=\"\" class=\"wp-image-12618\" srcset=\"https:\/\/monitortamaulipas.com.mx\/wp-content\/uploads\/2026\/04\/Nacional-5-1024x649.jpeg 1024w, https:\/\/monitortamaulipas.com.mx\/wp-content\/uploads\/2026\/04\/Nacional-5-300x190.jpeg 300w, https:\/\/monitortamaulipas.com.mx\/wp-content\/uploads\/2026\/04\/Nacional-5-768x486.jpeg 768w, https:\/\/monitortamaulipas.com.mx\/wp-content\/uploads\/2026\/04\/Nacional-5-1536x973.jpeg 1536w, https:\/\/monitortamaulipas.com.mx\/wp-content\/uploads\/2026\/04\/Nacional-5-2048x1297.jpeg 2048w\" sizes=\"(max-width: 1024px) 100vw, 1024px\" \/><\/figure>\n<\/figure>\n\n\n\n<p><\/p>\n","protected":false},"excerpt":{"rendered":"<p>\u25cf Operar\u00e1 con 10 trenes con capacidad para 719 personas cada uno y velocidades m\u00e1ximas&#8230;<\/p>\n","protected":false},"author":2,"featured_media":12615,"comment_status":"closed","ping_status":"open","sticky":false,"template":"","format":"standard","meta":{"_jetpack_memberships_contains_paid_content":false,"footnotes":"","jetpack_publicize_message":"","jetpack_publicize_feature_enabled":true,"jetpack_social_post_already_shared":true,"jetpack_social_options":{"image_generator_settings":{"template":"highway","default_image_id":0,"font":"","enabled":false},"version":2}},"categories":[7],"tags":[],"class_list":["post-12614","post","type-post","status-publish","format-standard","has-post-thumbnail","hentry","category-monitor-nacional"],"jetpack_publicize_connections":[],"jetpack_featured_media_url":"https:\/\/monitortamaulipas.com.mx\/wp-content\/uploads\/2026\/04\/Nacional-2-14.jpeg","jetpack_sharing_enabled":true,"_links":{"self":[{"href":"https:\/\/monitortamaulipas.com.mx\/index.php?rest_route=\/wp\/v2\/posts\/12614","targetHints":{"allow":["GET"]}}],"collection":[{"href":"https:\/\/monitortamaulipas.com.mx\/index.php?rest_route=\/wp\/v2\/posts"}],"about":[{"href":"https:\/\/monitortamaulipas.com.mx\/index.php?rest_route=\/wp\/v2\/types\/post"}],"author":[{"embeddable":true,"href":"https:\/\/monitortamaulipas.com.mx\/index.php?rest_route=\/wp\/v2\/users\/2"}],"replies":[{"embeddable":true,"href":"https:\/\/monitortamaulipas.com.mx\/index.php?rest_route=%2Fwp%2Fv2%2Fcomments&post=12614"}],"version-history":[{"count":1,"href":"https:\/\/monitortamaulipas.com.mx\/index.php?rest_route=\/wp\/v2\/posts\/12614\/revisions"}],"predecessor-version":[{"id":12619,"href":"https:\/\/monitortamaulipas.com.mx\/index.php?rest_route=\/wp\/v2\/posts\/12614\/revisions\/12619"}],"wp:featuredmedia":[{"embeddable":true,"href":"https:\/\/monitortamaulipas.com.mx\/index.php?rest_route=\/wp\/v2\/media\/12615"}],"wp:attachment":[{"href":"https:\/\/monitortamaulipas.com.mx\/index.php?rest_route=%2Fwp%2Fv2%2Fmedia&parent=12614"}],"wp:term":[{"taxonomy":"category","embeddable":true,"href":"https:\/\/monitortamaulipas.com.mx\/index.php?rest_route=%2Fwp%2Fv2%2Fcategories&post=12614"},{"taxonomy":"post_tag","embeddable":true,"href":"https:\/\/monitortamaulipas.com.mx\/index.php?rest_route=%2Fwp%2Fv2%2Ftags&post=12614"}],"curies":[{"name":"wp","href":"https:\/\/api.w.org\/{rel}","templated":true}]}}