{"id":12587,"date":"2026-04-27T20:35:54","date_gmt":"2026-04-28T01:35:54","guid":{"rendered":"http:\/\/monitortamaulipas.com.mx\/?p=12587"},"modified":"2026-04-27T20:35:58","modified_gmt":"2026-04-28T01:35:58","slug":"impulsan-desde-el-congreso-participacion-infantil-con-propuestas-en-favor-de-la-inclusion-educativa","status":"publish","type":"post","link":"https:\/\/monitortamaulipas.com.mx\/?p=12587","title":{"rendered":"Impulsan desde el Congreso participaci\u00f3n infantil con propuestas en favor de la inclusi\u00f3n educativa"},"content":{"rendered":"\n<p>En el Congreso local se desarrollaron los trabajos del Segundo Parlamento Infantil del Consejo Consultivo del Observatorio Participativo e Inclusivo de Ni\u00f1as, Ni\u00f1os y Adolescentes de Tamaulipas, donde los infantes vivieron una jornada legislativa que incluy\u00f3 reuni\u00f3n de comisiones y sesi\u00f3n plenaria, en la que presentaron, analizaron y aprobaron una iniciativa orientada a fortalecer la inclusi\u00f3n educativa.<\/p>\n\n\n\n<p>Durante la ceremonia inaugural, el presidente de la Junta de Gobierno, diputado Humberto Armando Prieto Herrera, destac\u00f3 la importancia de escuchar a las infancias como parte fundamental en la construcci\u00f3n de un mejor Tamaulipas.<\/p>\n\n\n\n<p>\u201cHoy este Congreso les da voz, los escucha con seriedad y con la convicci\u00f3n de que muchas de las mejores respuestas a los desaf\u00edos que enfrentamos pueden venir precisamente de ustedes\u201d, expres\u00f3.&nbsp;<\/p>\n\n\n\n<p>Como parte de las actividades parlamentarias, se llev\u00f3 a cabo una reuni\u00f3n de comisi\u00f3n integrada por las y los diputados infantiles Fernanda Sol\u00eds Alaffa, Ad\u00e1n Noel Dom\u00ednguez Mart\u00ednez,&nbsp;Denssel&nbsp;Alesandro G\u00f3mez Maldonado, C\u00e9sar Eduardo De La Garza Sald\u00edvar y Julia Nirvana Trujillo Mart\u00ednez, donde fue analizada y dictaminada la iniciativa con Proyecto de Decreto para incorporar la figura del \u201cmaestro sombra\u201d en la legislaci\u00f3n estatal, como apoyo especializado para ni\u00f1as, ni\u00f1os y adolescentes con condici\u00f3n del espectro autista y trastornos del neurodesarrollo.<\/p>\n\n\n\n<p>En este marco, la legisladora Yuriria Iturbe V\u00e1zquez reconoci\u00f3 la participaci\u00f3n responsable de las y los integrantes del Parlamento Infantil y subray\u00f3 que sus ideas son fundamentales para la labor legislativa.<\/p>\n\n\n\n<p>\u201cCada vez que ustedes opinan y dicen lo que piensan es muy valioso; participen siempre, porque sus voces importan y ayudan a construir un mejor entorno para todas y todos\u201d, resalt\u00f3.<\/p>\n\n\n\n<p>Posteriormente, en sesi\u00f3n plenaria, las y los parlamentarios infantiles aprobaron la propuesta para fortalecer el marco jur\u00eddico estatal mediante el reconocimiento del \u201cmaestro sombra\u201d, iniciativa encaminada a garantizar mayores apoyos para la inclusi\u00f3n y permanencia escolar de estudiantes con necesidades espec\u00edficas.<\/p>\n\n\n\n<p>Durante la sesi\u00f3n, el diputado y consejero infantil, Diego Estrada Navarro, del municipio de Ciudad Madero, agradeci\u00f3 al Congreso del Estado por brindar este espacio de participaci\u00f3n y destac\u00f3 que este ejercicio demuestra que en Tamaulipas las voces de ni\u00f1as, ni\u00f1os y adolescentes son escuchadas y tomadas en cuenta en la construcci\u00f3n de pol\u00edticas p\u00fablicas.<\/p>\n\n\n\n<figure class=\"wp-block-gallery has-nested-images columns-default is-cropped wp-block-gallery-1 is-layout-flex wp-block-gallery-is-layout-flex\">\n<figure class=\"wp-block-image size-large\"><img fetchpriority=\"high\" decoding=\"async\" width=\"1024\" height=\"682\" data-id=\"12589\" src=\"http:\/\/monitortamaulipas.com.mx\/wp-content\/uploads\/2026\/04\/Estatal-2-9-1024x682.jpeg\" alt=\"\" class=\"wp-image-12589\" srcset=\"https:\/\/monitortamaulipas.com.mx\/wp-content\/uploads\/2026\/04\/Estatal-2-9-1024x682.jpeg 1024w, https:\/\/monitortamaulipas.com.mx\/wp-content\/uploads\/2026\/04\/Estatal-2-9-300x200.jpeg 300w, https:\/\/monitortamaulipas.com.mx\/wp-content\/uploads\/2026\/04\/Estatal-2-9-768x512.jpeg 768w, https:\/\/monitortamaulipas.com.mx\/wp-content\/uploads\/2026\/04\/Estatal-2-9-1536x1023.jpeg 1536w, https:\/\/monitortamaulipas.com.mx\/wp-content\/uploads\/2026\/04\/Estatal-2-9.jpeg 1600w\" sizes=\"(max-width: 1024px) 100vw, 1024px\" \/><\/figure>\n\n\n\n<figure class=\"wp-block-image size-large\"><img decoding=\"async\" width=\"1024\" height=\"682\" data-id=\"12590\" src=\"http:\/\/monitortamaulipas.com.mx\/wp-content\/uploads\/2026\/04\/Estatal-3-8-1024x682.jpeg\" alt=\"\" class=\"wp-image-12590\" srcset=\"https:\/\/monitortamaulipas.com.mx\/wp-content\/uploads\/2026\/04\/Estatal-3-8-1024x682.jpeg 1024w, https:\/\/monitortamaulipas.com.mx\/wp-content\/uploads\/2026\/04\/Estatal-3-8-300x200.jpeg 300w, https:\/\/monitortamaulipas.com.mx\/wp-content\/uploads\/2026\/04\/Estatal-3-8-768x512.jpeg 768w, https:\/\/monitortamaulipas.com.mx\/wp-content\/uploads\/2026\/04\/Estatal-3-8-1536x1023.jpeg 1536w, https:\/\/monitortamaulipas.com.mx\/wp-content\/uploads\/2026\/04\/Estatal-3-8.jpeg 1600w\" sizes=\"(max-width: 1024px) 100vw, 1024px\" \/><\/figure>\n\n\n\n<figure class=\"wp-block-image size-large\"><img decoding=\"async\" width=\"1024\" height=\"682\" data-id=\"12591\" src=\"http:\/\/monitortamaulipas.com.mx\/wp-content\/uploads\/2026\/04\/Estatal-4-3-1024x682.jpeg\" alt=\"\" class=\"wp-image-12591\" srcset=\"https:\/\/monitortamaulipas.com.mx\/wp-content\/uploads\/2026\/04\/Estatal-4-3-1024x682.jpeg 1024w, https:\/\/monitortamaulipas.com.mx\/wp-content\/uploads\/2026\/04\/Estatal-4-3-300x200.jpeg 300w, https:\/\/monitortamaulipas.com.mx\/wp-content\/uploads\/2026\/04\/Estatal-4-3-768x512.jpeg 768w, https:\/\/monitortamaulipas.com.mx\/wp-content\/uploads\/2026\/04\/Estatal-4-3-1536x1023.jpeg 1536w, https:\/\/monitortamaulipas.com.mx\/wp-content\/uploads\/2026\/04\/Estatal-4-3.jpeg 1600w\" sizes=\"(max-width: 1024px) 100vw, 1024px\" \/><\/figure>\n\n\n\n<figure class=\"wp-block-image size-large\"><img loading=\"lazy\" decoding=\"async\" width=\"1024\" height=\"682\" data-id=\"12592\" src=\"http:\/\/monitortamaulipas.com.mx\/wp-content\/uploads\/2026\/04\/Estatal-5-2-1024x682.jpeg\" alt=\"\" class=\"wp-image-12592\" srcset=\"https:\/\/monitortamaulipas.com.mx\/wp-content\/uploads\/2026\/04\/Estatal-5-2-1024x682.jpeg 1024w, https:\/\/monitortamaulipas.com.mx\/wp-content\/uploads\/2026\/04\/Estatal-5-2-300x200.jpeg 300w, https:\/\/monitortamaulipas.com.mx\/wp-content\/uploads\/2026\/04\/Estatal-5-2-768x512.jpeg 768w, https:\/\/monitortamaulipas.com.mx\/wp-content\/uploads\/2026\/04\/Estatal-5-2-1536x1023.jpeg 1536w, https:\/\/monitortamaulipas.com.mx\/wp-content\/uploads\/2026\/04\/Estatal-5-2.jpeg 1600w\" sizes=\"(max-width: 1024px) 100vw, 1024px\" \/><\/figure>\n<\/figure>\n","protected":false},"excerpt":{"rendered":"<p>En el Congreso local se desarrollaron los trabajos del Segundo Parlamento Infantil del Consejo Consultivo&#8230;<\/p>\n","protected":false},"author":2,"featured_media":12588,"comment_status":"closed","ping_status":"open","sticky":false,"template":"","format":"standard","meta":{"_jetpack_memberships_contains_paid_content":false,"footnotes":"","jetpack_publicize_message":"","jetpack_publicize_feature_enabled":true,"jetpack_social_post_already_shared":true,"jetpack_social_options":{"image_generator_settings":{"template":"highway","default_image_id":0,"font":"","enabled":false},"version":2}},"categories":[6],"tags":[],"class_list":["post-12587","post","type-post","status-publish","format-standard","has-post-thumbnail","hentry","category-monitor-estatal"],"jetpack_publicize_connections":[],"jetpack_featured_media_url":"https:\/\/monitortamaulipas.com.mx\/wp-content\/uploads\/2026\/04\/Estado-1-11.jpeg","jetpack_sharing_enabled":true,"_links":{"self":[{"href":"https:\/\/monitortamaulipas.com.mx\/index.php?rest_route=\/wp\/v2\/posts\/12587","targetHints":{"allow":["GET"]}}],"collection":[{"href":"https:\/\/monitortamaulipas.com.mx\/index.php?rest_route=\/wp\/v2\/posts"}],"about":[{"href":"https:\/\/monitortamaulipas.com.mx\/index.php?rest_route=\/wp\/v2\/types\/post"}],"author":[{"embeddable":true,"href":"https:\/\/monitortamaulipas.com.mx\/index.php?rest_route=\/wp\/v2\/users\/2"}],"replies":[{"embeddable":true,"href":"https:\/\/monitortamaulipas.com.mx\/index.php?rest_route=%2Fwp%2Fv2%2Fcomments&post=12587"}],"version-history":[{"count":1,"href":"https:\/\/monitortamaulipas.com.mx\/index.php?rest_route=\/wp\/v2\/posts\/12587\/revisions"}],"predecessor-version":[{"id":12593,"href":"https:\/\/monitortamaulipas.com.mx\/index.php?rest_route=\/wp\/v2\/posts\/12587\/revisions\/12593"}],"wp:featuredmedia":[{"embeddable":true,"href":"https:\/\/monitortamaulipas.com.mx\/index.php?rest_route=\/wp\/v2\/media\/12588"}],"wp:attachment":[{"href":"https:\/\/monitortamaulipas.com.mx\/index.php?rest_route=%2Fwp%2Fv2%2Fmedia&parent=12587"}],"wp:term":[{"taxonomy":"category","embeddable":true,"href":"https:\/\/monitortamaulipas.com.mx\/index.php?rest_route=%2Fwp%2Fv2%2Fcategories&post=12587"},{"taxonomy":"post_tag","embeddable":true,"href":"https:\/\/monitortamaulipas.com.mx\/index.php?rest_route=%2Fwp%2Fv2%2Ftags&post=12587"}],"curies":[{"name":"wp","href":"https:\/\/api.w.org\/{rel}","templated":true}]}}