{"id":12582,"date":"2026-04-27T20:13:51","date_gmt":"2026-04-28T01:13:51","guid":{"rendered":"http:\/\/monitortamaulipas.com.mx\/?p=12582"},"modified":"2026-04-27T20:13:56","modified_gmt":"2026-04-28T01:13:56","slug":"anuncian-ultimos-dias-para-inscribirse-al-festival-internacional-en-la-costa-del-seno-mexicano-2026","status":"publish","type":"post","link":"https:\/\/monitortamaulipas.com.mx\/?p=12582","title":{"rendered":"Anuncian \u00faltimos d\u00edas para inscribirse al Festival Internacional en la Costa del Seno Mexicano 2026"},"content":{"rendered":"\n<p>-El Instituto Tamaulipeco para la Cultura y las Artes recuerda que el pr\u00f3ximo 30 de abril es la fecha l\u00edmite para postular proyectos al festival<\/p>\n\n\n\n<p>Abril 27 de 2026<\/p>\n\n\n\n<p>Ciudad Victoria, Tamaulipas.\u2013 El Instituto Tamaulipeco para la Cultura y las Artes (ITCA) inform\u00f3 que se encuentra en la etapa final la convocatoria para participar en el Festival Internacional en la Costa del Seno Mexicano (FICSM) 2026, dirigida a artistas y agrupaciones tamaulipecas, as\u00ed como nacionales e internacionales.<\/p>\n\n\n\n<p>Tras su lanzamiento el pasado 11 de febrero, el periodo de recepci\u00f3n de proyectos concluir\u00e1 el pr\u00f3ximo 30 de abril, por lo que se exhorta a solistas, grupos, compa\u00f1\u00edas y colectivos a completar su proceso de inscripci\u00f3n en tiempo y forma, a fin de que sus propuestas puedan ser evaluadas por el Comit\u00e9 Organizador.<\/p>\n\n\n\n<p>El director general del ITCA, H\u00e9ctor Romero-Lecanda, destac\u00f3 la importancia de fortalecer la participaci\u00f3n art\u00edstica local, promoviendo el encuentro entre creadores y p\u00fablico en todo el estado, a trav\u00e9s de proyectos que reflejen la identidad cultural de Tamaulipas.<\/p>\n\n\n\n<p>Asimismo, se\u00f1al\u00f3 que, si bien la convocatoria ha tenido una respuesta favorable, es fundamental que las y los interesados concluyan su registro antes de la fecha l\u00edmite, considerando los requisitos establecidos para su correcta postulaci\u00f3n.<\/p>\n\n\n\n<p>Las propuestas deber\u00e1n cumplir con criterios como calidad art\u00edstica, contenido, viabilidad, presupuesto e impacto social, por lo que se recomienda presentar proyectos diversos que contribuyan al desarrollo cultural de la entidad.<\/p>\n\n\n\n<p>Se destac\u00f3 que las presentaciones podr\u00e1n realizarse en cualquiera de los 43 municipios del estado, en espacios convencionales como teatros y auditorios, as\u00ed como en sedes alternas, en congruencia con el car\u00e1cter incluyente del Festival y su objetivo de garantizar el acceso a los derechos culturales.<\/p>\n\n\n\n<p>Las personas interesadas pueden consultar la convocatoria y realizar su registro en los siguientes enlaces:<\/p>\n\n\n\n<p>Convocatoria para tamaulipecos:<br>https:\/\/tinyurl.com\/FICSM2026<br>Formulario de registro:<br>https:\/\/tinyurl.com\/FormularioFICSM2026<\/p>\n\n\n\n<p>Convocatoria para artistas nacionales y extranjeros:<br>https:\/\/tinyurl.com\/Nacionales-Extranjeros-FICSM<\/p>\n\n\n\n<p>Cabe se\u00f1alar que, para artistas nacionales y extranjeros, la postulaci\u00f3n no contempla el llenado de formulario.<\/p>\n\n\n\n<figure class=\"wp-block-gallery has-nested-images columns-default is-cropped wp-block-gallery-1 is-layout-flex wp-block-gallery-is-layout-flex\">\n<figure class=\"wp-block-image size-large\"><img fetchpriority=\"high\" decoding=\"async\" width=\"1024\" height=\"682\" data-id=\"12584\" src=\"http:\/\/monitortamaulipas.com.mx\/wp-content\/uploads\/2026\/04\/Cultura-2-2-1024x682.jpeg\" alt=\"\" class=\"wp-image-12584\" srcset=\"https:\/\/monitortamaulipas.com.mx\/wp-content\/uploads\/2026\/04\/Cultura-2-2-1024x682.jpeg 1024w, https:\/\/monitortamaulipas.com.mx\/wp-content\/uploads\/2026\/04\/Cultura-2-2-300x200.jpeg 300w, https:\/\/monitortamaulipas.com.mx\/wp-content\/uploads\/2026\/04\/Cultura-2-2-768x512.jpeg 768w, https:\/\/monitortamaulipas.com.mx\/wp-content\/uploads\/2026\/04\/Cultura-2-2-1536x1023.jpeg 1536w, https:\/\/monitortamaulipas.com.mx\/wp-content\/uploads\/2026\/04\/Cultura-2-2.jpeg 1600w\" sizes=\"(max-width: 1024px) 100vw, 1024px\" \/><\/figure>\n\n\n\n<figure class=\"wp-block-image size-large\"><img decoding=\"async\" width=\"1024\" height=\"851\" data-id=\"12585\" src=\"http:\/\/monitortamaulipas.com.mx\/wp-content\/uploads\/2026\/04\/Cultura-3-1-1024x851.jpeg\" alt=\"\" class=\"wp-image-12585\" srcset=\"https:\/\/monitortamaulipas.com.mx\/wp-content\/uploads\/2026\/04\/Cultura-3-1-1024x851.jpeg 1024w, https:\/\/monitortamaulipas.com.mx\/wp-content\/uploads\/2026\/04\/Cultura-3-1-300x249.jpeg 300w, https:\/\/monitortamaulipas.com.mx\/wp-content\/uploads\/2026\/04\/Cultura-3-1-768x638.jpeg 768w, https:\/\/monitortamaulipas.com.mx\/wp-content\/uploads\/2026\/04\/Cultura-3-1-1536x1276.jpeg 1536w, https:\/\/monitortamaulipas.com.mx\/wp-content\/uploads\/2026\/04\/Cultura-3-1.jpeg 1600w\" sizes=\"(max-width: 1024px) 100vw, 1024px\" \/><\/figure>\n<\/figure>\n","protected":false},"excerpt":{"rendered":"<p>-El Instituto Tamaulipeco para la Cultura y las Artes recuerda que el pr\u00f3ximo 30 de&#8230;<\/p>\n","protected":false},"author":2,"featured_media":12583,"comment_status":"closed","ping_status":"open","sticky":false,"template":"","format":"standard","meta":{"_jetpack_memberships_contains_paid_content":false,"footnotes":"","jetpack_publicize_message":"","jetpack_publicize_feature_enabled":true,"jetpack_social_post_already_shared":true,"jetpack_social_options":{"image_generator_settings":{"template":"highway","default_image_id":0,"font":"","enabled":false},"version":2}},"categories":[11],"tags":[],"class_list":["post-12582","post","type-post","status-publish","format-standard","has-post-thumbnail","hentry","category-monitor-en-la-cultura-y-los-espectaculos"],"jetpack_publicize_connections":[],"jetpack_featured_media_url":"https:\/\/monitortamaulipas.com.mx\/wp-content\/uploads\/2026\/04\/Cultura-1-2.jpeg","jetpack_sharing_enabled":true,"_links":{"self":[{"href":"https:\/\/monitortamaulipas.com.mx\/index.php?rest_route=\/wp\/v2\/posts\/12582","targetHints":{"allow":["GET"]}}],"collection":[{"href":"https:\/\/monitortamaulipas.com.mx\/index.php?rest_route=\/wp\/v2\/posts"}],"about":[{"href":"https:\/\/monitortamaulipas.com.mx\/index.php?rest_route=\/wp\/v2\/types\/post"}],"author":[{"embeddable":true,"href":"https:\/\/monitortamaulipas.com.mx\/index.php?rest_route=\/wp\/v2\/users\/2"}],"replies":[{"embeddable":true,"href":"https:\/\/monitortamaulipas.com.mx\/index.php?rest_route=%2Fwp%2Fv2%2Fcomments&post=12582"}],"version-history":[{"count":1,"href":"https:\/\/monitortamaulipas.com.mx\/index.php?rest_route=\/wp\/v2\/posts\/12582\/revisions"}],"predecessor-version":[{"id":12586,"href":"https:\/\/monitortamaulipas.com.mx\/index.php?rest_route=\/wp\/v2\/posts\/12582\/revisions\/12586"}],"wp:featuredmedia":[{"embeddable":true,"href":"https:\/\/monitortamaulipas.com.mx\/index.php?rest_route=\/wp\/v2\/media\/12583"}],"wp:attachment":[{"href":"https:\/\/monitortamaulipas.com.mx\/index.php?rest_route=%2Fwp%2Fv2%2Fmedia&parent=12582"}],"wp:term":[{"taxonomy":"category","embeddable":true,"href":"https:\/\/monitortamaulipas.com.mx\/index.php?rest_route=%2Fwp%2Fv2%2Fcategories&post=12582"},{"taxonomy":"post_tag","embeddable":true,"href":"https:\/\/monitortamaulipas.com.mx\/index.php?rest_route=%2Fwp%2Fv2%2Ftags&post=12582"}],"curies":[{"name":"wp","href":"https:\/\/api.w.org\/{rel}","templated":true}]}}