{"id":12488,"date":"2026-04-22T19:05:26","date_gmt":"2026-04-23T00:05:26","guid":{"rendered":"http:\/\/monitortamaulipas.com.mx\/?p=12488"},"modified":"2026-04-22T19:06:14","modified_gmt":"2026-04-23T00:06:14","slug":"semarnat-y-caf-firman-carta-de-intencion-para-fortalecer-la-cooperacion-ambiental-y-climatica-en-mexico","status":"publish","type":"post","link":"https:\/\/monitortamaulipas.com.mx\/?p=12488","title":{"rendered":"Semarnat y CAF firman Carta de Intenci\u00f3n para fortalecer la cooperaci\u00f3n ambiental y clim\u00e1tica en M\u00e9xico"},"content":{"rendered":"\n<h2 class=\"wp-block-heading\">La secretaria Alicia B\u00e1rcena y el presidente ejecutivo del CAF, Sergio D\u00edaz-Granados, formalizaron una alianza estrat\u00e9gica para impulsar soluciones conjuntas en materia ambiental, clim\u00e1tica y econom\u00eda circular<\/h2>\n\n\n\n<p><\/p>\n\n\n\n<p>Semarnat y CAF firman Carta de Intenci\u00f3n para fortalecer la cooperaci\u00f3n ambiental y clim\u00e1tica&nbsp;<\/p>\n\n\n\n<ul class=\"wp-block-list\">\n<li>La Carta de Intenci\u00f3n establece la base para estructurar iniciativas conjuntas y nuevos instrumentos financieros orientados a fortalecer la pol\u00edtica ambiental nacional<\/li>\n<\/ul>\n\n\n\n<p>La secretaria de Medio Ambiente y Recursos Naturales, Alicia B\u00e1rcena Ibarra y el presidente ejecutivo del CAF, Banco de Desarrollo de Am\u00e9rica Latina y el Caribe, Sergio D\u00edaz-Granados, firmaron el 20 de abril una Carta de Intenci\u00f3n que consolida la alianza estrat\u00e9gica entre ambas instituciones y da estructura a una agenda conjunta en materia ambiental, clim\u00e1tica y econom\u00eda circular.<\/p>\n\n\n\n<p>En su intervenci\u00f3n, la secretaria B\u00e1rcena subray\u00f3 que \u201cla Carta de Intenci\u00f3n refleja la voluntad compartida de avanzar hacia una cooperaci\u00f3n m\u00e1s profunda entre la Semarnat y CAF para proteger el medio ambiente, gestionar de manera sostenible nuestros recursos naturales y enfrentar el cambio clim\u00e1tico. Es un paso estrat\u00e9gico para identificar e impulsar iniciativas conjuntas que fortalezcan la pol\u00edtica ambiental, y nos permitan acelerar soluciones concretas en beneficio de M\u00e9xico y de la regi\u00f3n\u201d.<\/p>\n\n\n\n<p>Por su parte, el presidente ejecutivo de CAF afirm\u00f3 que \u201ccon esta alianza damos un paso decisivo para consolidar a CAF como el banco verde de Am\u00e9rica Latina y el Caribe, movilizando instrumentos financieros innovadores y conocimiento t\u00e9cnico para acelerar la acci\u00f3n clim\u00e1tica, fortalecer la resiliencia de la regi\u00f3n y asegurar la protecci\u00f3n y el aprovechamiento sostenible de nuestros recursos naturales\u201d.<\/p>\n\n\n\n<p>La Carta de Intenci\u00f3n formaliza el compromiso de ambas instituciones de identificar, analizar, estructurar e impulsar iniciativas conjuntas en cuatro ejes: protecci\u00f3n ambiental; gesti\u00f3n sostenible de recursos naturales; conservaci\u00f3n de la biodiversidad; y mitigaci\u00f3n y adaptaci\u00f3n al cambio clim\u00e1tico.<\/p>\n\n\n\n<p>Asimismo, prev\u00e9 el intercambio de informaci\u00f3n y conocimiento t\u00e9cnico entre las partes, as\u00ed como la evaluaci\u00f3n conjunta de iniciativas que contribuyan al desarrollo sostenible, permitiendo identificar oportunidades de colaboraci\u00f3n que podr\u00e1n traducirse en proyectos espec\u00edficos con esquemas de financiamiento, fortaleciendo as\u00ed las capacidades institucionales y la implementaci\u00f3n de soluciones ambientales y clim\u00e1ticas de mayor alcance.<\/p>\n\n\n\n<p>Desde 2025, Semarnat y CAF han estructurado tres proyectos de cooperaci\u00f3n t\u00e9cnica, as\u00ed como trabajos preparatorios conjuntos con la Secretar\u00eda de Hacienda y Cr\u00e9dito P\u00fablico para la estructuraci\u00f3n de instrumentos financieros innovadores que ampl\u00eden la capacidad de M\u00e9xico para ejecutar proyectos ambientales prioritarios.<\/p>\n\n\n\n<p>La Semarnat reafirma su compromiso de consolidar alianzas estrat\u00e9gicas para fortalecer la pol\u00edtica ambiental nacional, proteger los ecosistemas y garantizar el bienestar de las comunidades.<br><\/p>\n","protected":false},"excerpt":{"rendered":"<p>La secretaria Alicia B\u00e1rcena y el presidente ejecutivo del CAF, Sergio D\u00edaz-Granados, formalizaron una alianza&#8230;<\/p>\n","protected":false},"author":2,"featured_media":12489,"comment_status":"closed","ping_status":"open","sticky":false,"template":"","format":"standard","meta":{"_jetpack_memberships_contains_paid_content":false,"footnotes":"","jetpack_publicize_message":"","jetpack_publicize_feature_enabled":true,"jetpack_social_post_already_shared":true,"jetpack_social_options":{"image_generator_settings":{"template":"highway","default_image_id":0,"font":"","enabled":false},"version":2}},"categories":[7],"tags":[],"class_list":["post-12488","post","type-post","status-publish","format-standard","has-post-thumbnail","hentry","category-monitor-nacional"],"jetpack_publicize_connections":[],"jetpack_featured_media_url":"https:\/\/monitortamaulipas.com.mx\/wp-content\/uploads\/2026\/04\/Nacioanl-2.jpeg","jetpack_sharing_enabled":true,"_links":{"self":[{"href":"https:\/\/monitortamaulipas.com.mx\/index.php?rest_route=\/wp\/v2\/posts\/12488","targetHints":{"allow":["GET"]}}],"collection":[{"href":"https:\/\/monitortamaulipas.com.mx\/index.php?rest_route=\/wp\/v2\/posts"}],"about":[{"href":"https:\/\/monitortamaulipas.com.mx\/index.php?rest_route=\/wp\/v2\/types\/post"}],"author":[{"embeddable":true,"href":"https:\/\/monitortamaulipas.com.mx\/index.php?rest_route=\/wp\/v2\/users\/2"}],"replies":[{"embeddable":true,"href":"https:\/\/monitortamaulipas.com.mx\/index.php?rest_route=%2Fwp%2Fv2%2Fcomments&post=12488"}],"version-history":[{"count":1,"href":"https:\/\/monitortamaulipas.com.mx\/index.php?rest_route=\/wp\/v2\/posts\/12488\/revisions"}],"predecessor-version":[{"id":12490,"href":"https:\/\/monitortamaulipas.com.mx\/index.php?rest_route=\/wp\/v2\/posts\/12488\/revisions\/12490"}],"wp:featuredmedia":[{"embeddable":true,"href":"https:\/\/monitortamaulipas.com.mx\/index.php?rest_route=\/wp\/v2\/media\/12489"}],"wp:attachment":[{"href":"https:\/\/monitortamaulipas.com.mx\/index.php?rest_route=%2Fwp%2Fv2%2Fmedia&parent=12488"}],"wp:term":[{"taxonomy":"category","embeddable":true,"href":"https:\/\/monitortamaulipas.com.mx\/index.php?rest_route=%2Fwp%2Fv2%2Fcategories&post=12488"},{"taxonomy":"post_tag","embeddable":true,"href":"https:\/\/monitortamaulipas.com.mx\/index.php?rest_route=%2Fwp%2Fv2%2Ftags&post=12488"}],"curies":[{"name":"wp","href":"https:\/\/api.w.org\/{rel}","templated":true}]}}