{"id":8197,"date":"2025-11-07T19:12:29","date_gmt":"2025-11-08T01:12:29","guid":{"rendered":"http:\/\/monitortamaulipas.com.mx\/?p=8197"},"modified":"2025-11-07T19:12:32","modified_gmt":"2025-11-08T01:12:32","slug":"llega-plan-emergente-de-bacheo-a-la-av-carlos-adrian-aviles","status":"publish","type":"post","link":"http:\/\/monitortamaulipas.com.mx\/?p=8197","title":{"rendered":"Llega plan emergente de bacheo a la Av. Carlos Adri\u00e1n Avil\u00e9s."},"content":{"rendered":"\n<p>Cd. Victoria, 7 de noviembre 2025. \u2013 La avenida Carlos Adri\u00e1n Avil\u00e9s, conocida como La Paz, que concentra alta actividad comercial y educativa, fue rehabilitada a trav\u00e9s del Plan Emergente de Bacheo en beneficio de automovilistas que la transitan para realizar su quehacer cotidiano.<\/p>\n\n\n\n<p>En visita de supervisi\u00f3n, el alcalde de Victoria, Eduardo Gatt\u00e1s B\u00e1ez, reiter\u00f3 el compromiso ante padres de familia y maestros del Jard\u00edn de Ni\u00f1os Laureana W. Gonz\u00e1lez, propietarios de negocios y tianguistas del sector, mantener el plan bacheo para cambiar el rostro vial a la Capital.<\/p>\n\n\n\n<p>Los trabajos de restauraci\u00f3n de pavimento da\u00f1ado se realizaron del boulevard Pr\u00e1xedis Balboa a calle 16 de septiembre, donde las recientes lluvias y constante tr\u00e1fico vehicular ocasionaron grave da\u00f1o en la superficie de rodamiento en ambos sentidos de la avenida.<\/p>\n\n\n\n<p>Al mismo tiempo, cuadrillas del municipio llevaron a cabo labores de reparaci\u00f3n en la avenida de la Unidad, entre Cerro del Tepeyac y Rep\u00fablica de M\u00e9xico del fraccionamiento Haciendas del Santuario; y calle Encinos del fraccionamiento \u00c9banos.<\/p>\n\n\n\n<figure class=\"wp-block-gallery has-nested-images columns-default is-cropped wp-block-gallery-1 is-layout-flex wp-block-gallery-is-layout-flex\">\n<figure class=\"wp-block-image size-large\"><img fetchpriority=\"high\" decoding=\"async\" width=\"1024\" height=\"682\" data-id=\"8199\" src=\"http:\/\/monitortamaulipas.com.mx\/wp-content\/uploads\/2025\/11\/Municipio-2-4-1024x682.jpeg\" alt=\"\" class=\"wp-image-8199\" srcset=\"http:\/\/monitortamaulipas.com.mx\/wp-content\/uploads\/2025\/11\/Municipio-2-4-1024x682.jpeg 1024w, http:\/\/monitortamaulipas.com.mx\/wp-content\/uploads\/2025\/11\/Municipio-2-4-300x200.jpeg 300w, http:\/\/monitortamaulipas.com.mx\/wp-content\/uploads\/2025\/11\/Municipio-2-4-768x511.jpeg 768w, http:\/\/monitortamaulipas.com.mx\/wp-content\/uploads\/2025\/11\/Municipio-2-4.jpeg 1280w\" sizes=\"(max-width: 1024px) 100vw, 1024px\" \/><\/figure>\n\n\n\n<figure class=\"wp-block-image size-large\"><img decoding=\"async\" width=\"1024\" height=\"682\" data-id=\"8201\" src=\"http:\/\/monitortamaulipas.com.mx\/wp-content\/uploads\/2025\/11\/Municipio-3-4-1024x682.jpeg\" alt=\"\" class=\"wp-image-8201\" srcset=\"http:\/\/monitortamaulipas.com.mx\/wp-content\/uploads\/2025\/11\/Municipio-3-4-1024x682.jpeg 1024w, http:\/\/monitortamaulipas.com.mx\/wp-content\/uploads\/2025\/11\/Municipio-3-4-300x200.jpeg 300w, http:\/\/monitortamaulipas.com.mx\/wp-content\/uploads\/2025\/11\/Municipio-3-4-768x511.jpeg 768w, http:\/\/monitortamaulipas.com.mx\/wp-content\/uploads\/2025\/11\/Municipio-3-4.jpeg 1280w\" sizes=\"(max-width: 1024px) 100vw, 1024px\" \/><\/figure>\n\n\n\n<figure class=\"wp-block-image size-large\"><img decoding=\"async\" width=\"1024\" height=\"682\" data-id=\"8202\" src=\"http:\/\/monitortamaulipas.com.mx\/wp-content\/uploads\/2025\/11\/Municipio-4-3-1024x682.jpeg\" alt=\"\" class=\"wp-image-8202\" srcset=\"http:\/\/monitortamaulipas.com.mx\/wp-content\/uploads\/2025\/11\/Municipio-4-3-1024x682.jpeg 1024w, http:\/\/monitortamaulipas.com.mx\/wp-content\/uploads\/2025\/11\/Municipio-4-3-300x200.jpeg 300w, http:\/\/monitortamaulipas.com.mx\/wp-content\/uploads\/2025\/11\/Municipio-4-3-768x511.jpeg 768w, http:\/\/monitortamaulipas.com.mx\/wp-content\/uploads\/2025\/11\/Municipio-4-3.jpeg 1280w\" sizes=\"(max-width: 1024px) 100vw, 1024px\" \/><\/figure>\n\n\n\n<figure class=\"wp-block-image size-large\"><img loading=\"lazy\" decoding=\"async\" width=\"1024\" height=\"682\" data-id=\"8200\" src=\"http:\/\/monitortamaulipas.com.mx\/wp-content\/uploads\/2025\/11\/Municipio-5-1-1024x682.jpeg\" alt=\"\" class=\"wp-image-8200\" srcset=\"http:\/\/monitortamaulipas.com.mx\/wp-content\/uploads\/2025\/11\/Municipio-5-1-1024x682.jpeg 1024w, http:\/\/monitortamaulipas.com.mx\/wp-content\/uploads\/2025\/11\/Municipio-5-1-300x200.jpeg 300w, http:\/\/monitortamaulipas.com.mx\/wp-content\/uploads\/2025\/11\/Municipio-5-1-768x511.jpeg 768w, http:\/\/monitortamaulipas.com.mx\/wp-content\/uploads\/2025\/11\/Municipio-5-1.jpeg 1280w\" sizes=\"(max-width: 1024px) 100vw, 1024px\" \/><\/figure>\n<\/figure>\n","protected":false},"excerpt":{"rendered":"<p>Cd. Victoria, 7 de noviembre 2025. \u2013 La avenida Carlos Adri\u00e1n Avil\u00e9s, conocida como La&#8230;<\/p>\n","protected":false},"author":2,"featured_media":8198,"comment_status":"closed","ping_status":"open","sticky":false,"template":"","format":"standard","meta":{"_jetpack_memberships_contains_paid_content":false,"footnotes":"","jetpack_publicize_message":"","jetpack_publicize_feature_enabled":true,"jetpack_social_post_already_shared":true,"jetpack_social_options":{"image_generator_settings":{"template":"highway","default_image_id":0,"font":"","enabled":false},"version":2}},"categories":[4],"tags":[],"class_list":["post-8197","post","type-post","status-publish","format-standard","has-post-thumbnail","hentry","category-monitor-capitalino"],"jetpack_publicize_connections":[],"jetpack_featured_media_url":"http:\/\/monitortamaulipas.com.mx\/wp-content\/uploads\/2025\/11\/Municipio-1-4.jpeg","jetpack_sharing_enabled":true,"_links":{"self":[{"href":"http:\/\/monitortamaulipas.com.mx\/index.php?rest_route=\/wp\/v2\/posts\/8197","targetHints":{"allow":["GET"]}}],"collection":[{"href":"http:\/\/monitortamaulipas.com.mx\/index.php?rest_route=\/wp\/v2\/posts"}],"about":[{"href":"http:\/\/monitortamaulipas.com.mx\/index.php?rest_route=\/wp\/v2\/types\/post"}],"author":[{"embeddable":true,"href":"http:\/\/monitortamaulipas.com.mx\/index.php?rest_route=\/wp\/v2\/users\/2"}],"replies":[{"embeddable":true,"href":"http:\/\/monitortamaulipas.com.mx\/index.php?rest_route=%2Fwp%2Fv2%2Fcomments&post=8197"}],"version-history":[{"count":1,"href":"http:\/\/monitortamaulipas.com.mx\/index.php?rest_route=\/wp\/v2\/posts\/8197\/revisions"}],"predecessor-version":[{"id":8203,"href":"http:\/\/monitortamaulipas.com.mx\/index.php?rest_route=\/wp\/v2\/posts\/8197\/revisions\/8203"}],"wp:featuredmedia":[{"embeddable":true,"href":"http:\/\/monitortamaulipas.com.mx\/index.php?rest_route=\/wp\/v2\/media\/8198"}],"wp:attachment":[{"href":"http:\/\/monitortamaulipas.com.mx\/index.php?rest_route=%2Fwp%2Fv2%2Fmedia&parent=8197"}],"wp:term":[{"taxonomy":"category","embeddable":true,"href":"http:\/\/monitortamaulipas.com.mx\/index.php?rest_route=%2Fwp%2Fv2%2Fcategories&post=8197"},{"taxonomy":"post_tag","embeddable":true,"href":"http:\/\/monitortamaulipas.com.mx\/index.php?rest_route=%2Fwp%2Fv2%2Ftags&post=8197"}],"curies":[{"name":"wp","href":"https:\/\/api.w.org\/{rel}","templated":true}]}}