{"id":7467,"date":"2025-10-13T18:37:08","date_gmt":"2025-10-13T23:37:08","guid":{"rendered":"http:\/\/monitortamaulipas.com.mx\/?p=7467"},"modified":"2025-10-13T18:37:12","modified_gmt":"2025-10-13T23:37:12","slug":"abre-la-uat-licenciatura-en-linea-en-educacion-y-tecnologias-emergentes","status":"publish","type":"post","link":"http:\/\/monitortamaulipas.com.mx\/?p=7467","title":{"rendered":"Abre la UAT licenciatura en l\u00ednea en Educaci\u00f3n y Tecnolog\u00edas Emergentes"},"content":{"rendered":"\n<p><strong>&#8220;<\/strong>&nbsp;La Universidad Aut\u00f3noma de Tamaulipas (UAT) invita a cursar la Licenciatura en Educaci\u00f3n y Tecnolog\u00edas Emergentes que se impartir\u00e1 cien por ciento en l\u00ednea a trav\u00e9s de la Facultad de Ciencias de la Educaci\u00f3n y Humanidades (FCEH).&nbsp;<strong>&#8220;<\/strong><\/p>\n\n\n\n<p>La nueva carrera es un innovador programa acad\u00e9mico que marca un nuevo cap\u00edtulo en la educaci\u00f3n superior a distancia y consolida el compromiso de la UAT con la transformaci\u00f3n digital y la inclusi\u00f3n educativa, ofreciendo una opci\u00f3n de formaci\u00f3n flexible, moderna y alineada con las demandas del futuro.<\/p>\n\n\n\n<p>El programa consta de nueve periodos semestrales, y est\u00e1 dise\u00f1ado para formar profesionales altamente capacitados en innovaci\u00f3n did\u00e1ctica, integraci\u00f3n de tecnolog\u00edas emergentes y uso de herramientas digitales de vanguardia para la soluci\u00f3n de desaf\u00edos actuales en los procesos de ense\u00f1anza-aprendizaje.<\/p>\n\n\n\n<p>Busca preparar a una generaci\u00f3n de expertos capaces de dise\u00f1ar, gestionar y evaluar proyectos educativos innovadores, adaptativos y sostenibles en entornos virtuales, con una visi\u00f3n \u00e9tica, humanista y de compromiso social.<\/p>\n\n\n\n<p>Entre las asignaturas clave del plan de estudios destacan Inteligencia Artificial en la Educaci\u00f3n, Pedagog\u00edas Disruptivas y Gesti\u00f3n de Proyectos Virtuales, pilares que impulsan la formaci\u00f3n de l\u00edderes en el uso responsable y creativo de la tecnolog\u00eda para el aprendizaje.<\/p>\n\n\n\n<p>Las preinscripciones se encuentran abiertas y permanecer\u00e1n as\u00ed hasta el 28 de octubre. Como parte del proceso formativo inicial, se desarrollar\u00e1 un curso proped\u00e9utico en l\u00ednea, del 18 al 21 de noviembre, para familiarizar a los aspirantes con las herramientas digitales y el modelo educativo virtual que caracteriza a esta licenciatura.<\/p>\n\n\n\n<p>El examen de admisi\u00f3n (EXANI II) se aplicar\u00e1 en l\u00ednea el 20 de noviembre, brindando mayor accesibilidad a estudiantes de diferentes regiones.<\/p>\n\n\n\n<p>Para informes e inscripciones, comunicarse al correo electr\u00f3nico escolares.fceh@uat.edu.mx o v\u00eda WhatsApp al 834 428 4617. Tambi\u00e9n est\u00e1n disponibles los tel\u00e9fonos 834 318 1723 y 834 318 1700, extensiones 2306 y 2318, adem\u00e1s pueden consultar las redes sociales oficiales de la UAT y de la Facultad de Ciencias de la Educaci\u00f3n y Humanidades.<\/p>\n\n\n\n<p><\/p>\n","protected":false},"excerpt":{"rendered":"<p>&#8220;&nbsp;La Universidad Aut\u00f3noma de Tamaulipas (UAT) invita a cursar la Licenciatura en Educaci\u00f3n y Tecnolog\u00edas&#8230;<\/p>\n","protected":false},"author":2,"featured_media":7468,"comment_status":"closed","ping_status":"open","sticky":false,"template":"","format":"standard","meta":{"_jetpack_memberships_contains_paid_content":false,"footnotes":"","jetpack_publicize_message":"","jetpack_publicize_feature_enabled":true,"jetpack_social_post_already_shared":true,"jetpack_social_options":{"image_generator_settings":{"template":"highway","default_image_id":0,"font":"","enabled":false},"version":2}},"categories":[6],"tags":[],"class_list":["post-7467","post","type-post","status-publish","format-standard","has-post-thumbnail","hentry","category-monitor-estatal"],"jetpack_publicize_connections":[],"jetpack_featured_media_url":"http:\/\/monitortamaulipas.com.mx\/wp-content\/uploads\/2025\/10\/Estatal-1-8.jpeg","jetpack_sharing_enabled":true,"_links":{"self":[{"href":"http:\/\/monitortamaulipas.com.mx\/index.php?rest_route=\/wp\/v2\/posts\/7467","targetHints":{"allow":["GET"]}}],"collection":[{"href":"http:\/\/monitortamaulipas.com.mx\/index.php?rest_route=\/wp\/v2\/posts"}],"about":[{"href":"http:\/\/monitortamaulipas.com.mx\/index.php?rest_route=\/wp\/v2\/types\/post"}],"author":[{"embeddable":true,"href":"http:\/\/monitortamaulipas.com.mx\/index.php?rest_route=\/wp\/v2\/users\/2"}],"replies":[{"embeddable":true,"href":"http:\/\/monitortamaulipas.com.mx\/index.php?rest_route=%2Fwp%2Fv2%2Fcomments&post=7467"}],"version-history":[{"count":1,"href":"http:\/\/monitortamaulipas.com.mx\/index.php?rest_route=\/wp\/v2\/posts\/7467\/revisions"}],"predecessor-version":[{"id":7469,"href":"http:\/\/monitortamaulipas.com.mx\/index.php?rest_route=\/wp\/v2\/posts\/7467\/revisions\/7469"}],"wp:featuredmedia":[{"embeddable":true,"href":"http:\/\/monitortamaulipas.com.mx\/index.php?rest_route=\/wp\/v2\/media\/7468"}],"wp:attachment":[{"href":"http:\/\/monitortamaulipas.com.mx\/index.php?rest_route=%2Fwp%2Fv2%2Fmedia&parent=7467"}],"wp:term":[{"taxonomy":"category","embeddable":true,"href":"http:\/\/monitortamaulipas.com.mx\/index.php?rest_route=%2Fwp%2Fv2%2Fcategories&post=7467"},{"taxonomy":"post_tag","embeddable":true,"href":"http:\/\/monitortamaulipas.com.mx\/index.php?rest_route=%2Fwp%2Fv2%2Ftags&post=7467"}],"curies":[{"name":"wp","href":"https:\/\/api.w.org\/{rel}","templated":true}]}}