{"id":7462,"date":"2025-10-13T18:33:16","date_gmt":"2025-10-13T23:33:16","guid":{"rendered":"http:\/\/monitortamaulipas.com.mx\/?p=7462"},"modified":"2025-10-13T18:33:19","modified_gmt":"2025-10-13T23:33:19","slug":"inauguran-hoy-abierto-de-tenis-de-tampico-2025","status":"publish","type":"post","link":"http:\/\/monitortamaulipas.com.mx\/?p=7462","title":{"rendered":"Inauguran hoy Abierto de Tenis de Tampico 2025"},"content":{"rendered":"\n<p>Octubre 13 de 2025<\/p>\n\n\n\n<p>Tampico, Tamaulipas.- Tamaulipas es a partir de este d\u00eda, sede de un nuevo evento de car\u00e1cter internacional, con la puesta en marcha del torneo Abierto de Tenis de Tampico 2025 WTA 125, en el que participan tenistas profesionales de varias partes del mundo.<\/p>\n\n\n\n<p>La Ciudad Deportiva de Tampico es la sede de esta competencia en la que adem\u00e1s de la participaci\u00f3n extranjera hay talento mexicano presente.<\/p>\n\n\n\n<p>El director general del INDE Tamaulipas, Manuel Viru\u00e9s Lozano, inform\u00f3 que desde el pasado viernes se realizaron las rondas clasificatorias y este lunes comienza la etapa de cuartos de final.<\/p>\n\n\n\n<p>Agreg\u00f3 que ser\u00e1 a las 19:00 horas cuando se realice la inauguraci\u00f3n con presencia de diferentes autoridades municipales y estatales, adem\u00e1s de coordinadores del evento.<\/p>\n\n\n\n<p>Viru\u00e9s Lozano indic\u00f3 que se espera una fiesta deportiva del tenis en la zona sur, ya que este torneo ha crecido en los \u00faltimos a\u00f1os convirti\u00e9ndose en un nuevo referente en la regi\u00f3n del Golfo se M\u00e9xico.<\/p>\n\n\n\n<figure class=\"wp-block-gallery has-nested-images columns-default is-cropped wp-block-gallery-1 is-layout-flex wp-block-gallery-is-layout-flex\">\n<figure class=\"wp-block-image size-large\"><img fetchpriority=\"high\" decoding=\"async\" width=\"1024\" height=\"1024\" data-id=\"7464\" src=\"http:\/\/monitortamaulipas.com.mx\/wp-content\/uploads\/2025\/10\/Deportes-1-5-1024x1024.jpeg\" alt=\"\" class=\"wp-image-7464\" srcset=\"http:\/\/monitortamaulipas.com.mx\/wp-content\/uploads\/2025\/10\/Deportes-1-5-1024x1023.jpeg 1024w, http:\/\/monitortamaulipas.com.mx\/wp-content\/uploads\/2025\/10\/Deportes-1-5-300x300.jpeg 300w, http:\/\/monitortamaulipas.com.mx\/wp-content\/uploads\/2025\/10\/Deportes-1-5-150x150.jpeg 150w, http:\/\/monitortamaulipas.com.mx\/wp-content\/uploads\/2025\/10\/Deportes-1-5-768x767.jpeg 768w, http:\/\/monitortamaulipas.com.mx\/wp-content\/uploads\/2025\/10\/Deportes-1-5.jpeg 1440w\" sizes=\"(max-width: 1024px) 100vw, 1024px\" \/><\/figure>\n\n\n\n<figure class=\"wp-block-image size-large\"><img decoding=\"async\" width=\"1024\" height=\"1024\" data-id=\"7465\" src=\"http:\/\/monitortamaulipas.com.mx\/wp-content\/uploads\/2025\/10\/Deportes-2-4-1024x1024.jpeg\" alt=\"\" class=\"wp-image-7465\" srcset=\"http:\/\/monitortamaulipas.com.mx\/wp-content\/uploads\/2025\/10\/Deportes-2-4-1024x1024.jpeg 1024w, http:\/\/monitortamaulipas.com.mx\/wp-content\/uploads\/2025\/10\/Deportes-2-4-300x300.jpeg 300w, http:\/\/monitortamaulipas.com.mx\/wp-content\/uploads\/2025\/10\/Deportes-2-4-150x150.jpeg 150w, http:\/\/monitortamaulipas.com.mx\/wp-content\/uploads\/2025\/10\/Deportes-2-4-768x768.jpeg 768w, http:\/\/monitortamaulipas.com.mx\/wp-content\/uploads\/2025\/10\/Deportes-2-4.jpeg 1440w\" sizes=\"(max-width: 1024px) 100vw, 1024px\" \/><\/figure>\n<\/figure>\n","protected":false},"excerpt":{"rendered":"<p>Octubre 13 de 2025 Tampico, Tamaulipas.- Tamaulipas es a partir de este d\u00eda, sede de&#8230;<\/p>\n","protected":false},"author":2,"featured_media":7463,"comment_status":"closed","ping_status":"open","sticky":false,"template":"","format":"standard","meta":{"_jetpack_memberships_contains_paid_content":false,"footnotes":"","jetpack_publicize_message":"","jetpack_publicize_feature_enabled":true,"jetpack_social_post_already_shared":true,"jetpack_social_options":{"image_generator_settings":{"template":"highway","default_image_id":0,"font":"","enabled":false},"version":2}},"categories":[13],"tags":[],"class_list":["post-7462","post","type-post","status-publish","format-standard","has-post-thumbnail","hentry","category-monitor-deportivo"],"jetpack_publicize_connections":[],"jetpack_featured_media_url":"http:\/\/monitortamaulipas.com.mx\/wp-content\/uploads\/2025\/10\/Deportes.jpeg","jetpack_sharing_enabled":true,"_links":{"self":[{"href":"http:\/\/monitortamaulipas.com.mx\/index.php?rest_route=\/wp\/v2\/posts\/7462","targetHints":{"allow":["GET"]}}],"collection":[{"href":"http:\/\/monitortamaulipas.com.mx\/index.php?rest_route=\/wp\/v2\/posts"}],"about":[{"href":"http:\/\/monitortamaulipas.com.mx\/index.php?rest_route=\/wp\/v2\/types\/post"}],"author":[{"embeddable":true,"href":"http:\/\/monitortamaulipas.com.mx\/index.php?rest_route=\/wp\/v2\/users\/2"}],"replies":[{"embeddable":true,"href":"http:\/\/monitortamaulipas.com.mx\/index.php?rest_route=%2Fwp%2Fv2%2Fcomments&post=7462"}],"version-history":[{"count":1,"href":"http:\/\/monitortamaulipas.com.mx\/index.php?rest_route=\/wp\/v2\/posts\/7462\/revisions"}],"predecessor-version":[{"id":7466,"href":"http:\/\/monitortamaulipas.com.mx\/index.php?rest_route=\/wp\/v2\/posts\/7462\/revisions\/7466"}],"wp:featuredmedia":[{"embeddable":true,"href":"http:\/\/monitortamaulipas.com.mx\/index.php?rest_route=\/wp\/v2\/media\/7463"}],"wp:attachment":[{"href":"http:\/\/monitortamaulipas.com.mx\/index.php?rest_route=%2Fwp%2Fv2%2Fmedia&parent=7462"}],"wp:term":[{"taxonomy":"category","embeddable":true,"href":"http:\/\/monitortamaulipas.com.mx\/index.php?rest_route=%2Fwp%2Fv2%2Fcategories&post=7462"},{"taxonomy":"post_tag","embeddable":true,"href":"http:\/\/monitortamaulipas.com.mx\/index.php?rest_route=%2Fwp%2Fv2%2Ftags&post=7462"}],"curies":[{"name":"wp","href":"https:\/\/api.w.org\/{rel}","templated":true}]}}