{"id":7438,"date":"2025-10-10T18:38:57","date_gmt":"2025-10-10T23:38:57","guid":{"rendered":"http:\/\/monitortamaulipas.com.mx\/?p=7438"},"modified":"2025-10-10T18:39:16","modified_gmt":"2025-10-10T23:39:16","slug":"fortalecen-sipinna-nacional-y-estatal-acciones-para-la-proteccion-integral-de-ninas-ninos-y-adolescentes-en-contexto-de-movilidad-en-matamoros","status":"publish","type":"post","link":"http:\/\/monitortamaulipas.com.mx\/?p=7438","title":{"rendered":"Fortalecen SIPINNA Nacional y Estatal acciones para la protecci\u00f3n integral de ni\u00f1as, ni\u00f1os y adolescentes en contexto de movilidad en Matamoros"},"content":{"rendered":"\n<p>Octubre 10 de 2025<\/p>\n\n\n\n<p>Matamoros, Tamaulipas. \u2013 Como parte de una gira de trabajo enfocada en la atenci\u00f3n y protecci\u00f3n integral de ni\u00f1as, ni\u00f1os y adolescentes en contexto de movilidad, la secretaria ejecutiva del Sistema Nacional de Protecci\u00f3n de Ni\u00f1as, Ni\u00f1os y Adolescentes (SIPINNA), Lorena Villavicencio Ayala, acompa\u00f1ada por la secretaria ejecutiva del SIPINNA Tamaulipas, Ivette Salazar M\u00e1rquez, en representaci\u00f3n del secretario general de Gobierno, H\u00e9ctor Joel Villegas Gonz\u00e1lez, sostuvieron una reuni\u00f3n de trabajo para abordar los retos y desaf\u00edos en la atenci\u00f3n a este sector vulnerable.<\/p>\n\n\n\n<p>Durante la reuni\u00f3n, las autoridades y representantes de diversas organizaciones como World Vision, OIM, ACNUR, Save the Children y KIND, analizaron las principales problem\u00e1ticas en la atenci\u00f3n a ni\u00f1as, ni\u00f1os y adolescentes en movilidad, con el objetivo de fortalecer las acciones interinstitucionales y generar estrategias coordinadas que garanticen el respeto y la protecci\u00f3n integral de sus derechos.<\/p>\n\n\n\n<p>\u201cPara SIPINNA Nacional es muy importante conocer el perfil de las ni\u00f1as, ni\u00f1os y adolescentes en contexto de movilidad: de d\u00f3nde vienen, en qu\u00e9 condiciones llegan a los albergues, y particularmente, conocer las acciones que ya se est\u00e1n implementando y las propuestas para mejorar su atenci\u00f3n\u201d, destac\u00f3 Lorena Villavicencio Ayala en su intervenci\u00f3n.<\/p>\n\n\n\n<p>Por su parte, Ivette Salazar M\u00e1rquez subray\u00f3 que: \u201cEn Tamaulipas hemos venido fortaleciendo el trabajo colaborativo con organismos internacionales y dependencias de los tres niveles de gobierno para mejorar las condiciones de los albergues y garantizar una atenci\u00f3n digna y adecuada a la ni\u00f1ez en contexto de movilidad.\u201d<\/p>\n\n\n\n<p>Durante esta importante jornada de trabajo, el presidente Municipal de Matamoros, Jos\u00e9 Alberto Granados Favila, acompa\u00f1\u00f3 las actividades junto con autoridades estatales y federales, reafirmando el compromiso del municipio con la protecci\u00f3n de la ni\u00f1ez en movilidad.<\/p>\n\n\n\n<p>Asimismo, participaron representantes de la sociedad civil y organismos internacionales, entre ellos M\u00e9lida Atzin, representante en Tamaulipas de Save the Children, y Jorge Flores, gerente de Proyecto de Metglobal M\u00e9xico, quienes expresaron su disposici\u00f3n para colaborar en la mejora de las condiciones de vida y atenci\u00f3n en los albergues.<\/p>\n\n\n\n<p>Tambi\u00e9n estuvieron presentes Mayra Liliana Botello Garza, delegada de la Comisi\u00f3n de Derechos Humanos en Matamoros, y Mayra Ruth Flores Lucio, secretaria ejecutiva del SIPINNA Municipal, quienes enfatizaron la importancia de garantizar entornos protectores y con enfoque de derechos para la ni\u00f1ez en situaci\u00f3n de movilidad.<\/p>\n\n\n\n<figure class=\"wp-block-gallery has-nested-images columns-default is-cropped wp-block-gallery-1 is-layout-flex wp-block-gallery-is-layout-flex\">\n<figure class=\"wp-block-image size-large\"><img fetchpriority=\"high\" decoding=\"async\" width=\"1024\" height=\"683\" data-id=\"7440\" src=\"http:\/\/monitortamaulipas.com.mx\/wp-content\/uploads\/2025\/10\/Estatal-6-4-1024x683.jpeg\" alt=\"\" class=\"wp-image-7440\" srcset=\"http:\/\/monitortamaulipas.com.mx\/wp-content\/uploads\/2025\/10\/Estatal-6-4-1024x683.jpeg 1024w, http:\/\/monitortamaulipas.com.mx\/wp-content\/uploads\/2025\/10\/Estatal-6-4-300x200.jpeg 300w, http:\/\/monitortamaulipas.com.mx\/wp-content\/uploads\/2025\/10\/Estatal-6-4-768x512.jpeg 768w, http:\/\/monitortamaulipas.com.mx\/wp-content\/uploads\/2025\/10\/Estatal-6-4.jpeg 1440w\" sizes=\"(max-width: 1024px) 100vw, 1024px\" \/><\/figure>\n\n\n\n<figure class=\"wp-block-image size-large\"><img decoding=\"async\" width=\"1024\" height=\"684\" data-id=\"7441\" src=\"http:\/\/monitortamaulipas.com.mx\/wp-content\/uploads\/2025\/10\/Estatlal-7-1024x684.jpeg\" alt=\"\" class=\"wp-image-7441\" srcset=\"http:\/\/monitortamaulipas.com.mx\/wp-content\/uploads\/2025\/10\/Estatlal-7-1024x684.jpeg 1024w, http:\/\/monitortamaulipas.com.mx\/wp-content\/uploads\/2025\/10\/Estatlal-7-300x200.jpeg 300w, http:\/\/monitortamaulipas.com.mx\/wp-content\/uploads\/2025\/10\/Estatlal-7-768x513.jpeg 768w, http:\/\/monitortamaulipas.com.mx\/wp-content\/uploads\/2025\/10\/Estatlal-7-1536x1026.jpeg 1536w, http:\/\/monitortamaulipas.com.mx\/wp-content\/uploads\/2025\/10\/Estatlal-7.jpeg 1600w\" sizes=\"(max-width: 1024px) 100vw, 1024px\" \/><\/figure>\n\n\n\n<figure class=\"wp-block-image size-large\"><img decoding=\"async\" width=\"1024\" height=\"683\" data-id=\"7442\" src=\"http:\/\/monitortamaulipas.com.mx\/wp-content\/uploads\/2025\/10\/Estatal-8-5-1024x683.jpeg\" alt=\"\" class=\"wp-image-7442\" srcset=\"http:\/\/monitortamaulipas.com.mx\/wp-content\/uploads\/2025\/10\/Estatal-8-5-1024x683.jpeg 1024w, http:\/\/monitortamaulipas.com.mx\/wp-content\/uploads\/2025\/10\/Estatal-8-5-300x200.jpeg 300w, http:\/\/monitortamaulipas.com.mx\/wp-content\/uploads\/2025\/10\/Estatal-8-5-768x512.jpeg 768w, http:\/\/monitortamaulipas.com.mx\/wp-content\/uploads\/2025\/10\/Estatal-8-5.jpeg 1440w\" sizes=\"(max-width: 1024px) 100vw, 1024px\" \/><\/figure>\n<\/figure>\n","protected":false},"excerpt":{"rendered":"<p>Octubre 10 de 2025 Matamoros, Tamaulipas. \u2013 Como parte de una gira de trabajo enfocada&#8230;<\/p>\n","protected":false},"author":2,"featured_media":7439,"comment_status":"closed","ping_status":"open","sticky":false,"template":"","format":"standard","meta":{"_jetpack_memberships_contains_paid_content":false,"footnotes":"","jetpack_publicize_message":"","jetpack_publicize_feature_enabled":true,"jetpack_social_post_already_shared":true,"jetpack_social_options":{"image_generator_settings":{"template":"highway","default_image_id":0,"font":"","enabled":false},"version":2}},"categories":[6],"tags":[],"class_list":["post-7438","post","type-post","status-publish","format-standard","has-post-thumbnail","hentry","category-monitor-estatal"],"jetpack_publicize_connections":[],"jetpack_featured_media_url":"http:\/\/monitortamaulipas.com.mx\/wp-content\/uploads\/2025\/10\/Estatal-5-6.jpeg","jetpack_sharing_enabled":true,"_links":{"self":[{"href":"http:\/\/monitortamaulipas.com.mx\/index.php?rest_route=\/wp\/v2\/posts\/7438","targetHints":{"allow":["GET"]}}],"collection":[{"href":"http:\/\/monitortamaulipas.com.mx\/index.php?rest_route=\/wp\/v2\/posts"}],"about":[{"href":"http:\/\/monitortamaulipas.com.mx\/index.php?rest_route=\/wp\/v2\/types\/post"}],"author":[{"embeddable":true,"href":"http:\/\/monitortamaulipas.com.mx\/index.php?rest_route=\/wp\/v2\/users\/2"}],"replies":[{"embeddable":true,"href":"http:\/\/monitortamaulipas.com.mx\/index.php?rest_route=%2Fwp%2Fv2%2Fcomments&post=7438"}],"version-history":[{"count":1,"href":"http:\/\/monitortamaulipas.com.mx\/index.php?rest_route=\/wp\/v2\/posts\/7438\/revisions"}],"predecessor-version":[{"id":7443,"href":"http:\/\/monitortamaulipas.com.mx\/index.php?rest_route=\/wp\/v2\/posts\/7438\/revisions\/7443"}],"wp:featuredmedia":[{"embeddable":true,"href":"http:\/\/monitortamaulipas.com.mx\/index.php?rest_route=\/wp\/v2\/media\/7439"}],"wp:attachment":[{"href":"http:\/\/monitortamaulipas.com.mx\/index.php?rest_route=%2Fwp%2Fv2%2Fmedia&parent=7438"}],"wp:term":[{"taxonomy":"category","embeddable":true,"href":"http:\/\/monitortamaulipas.com.mx\/index.php?rest_route=%2Fwp%2Fv2%2Fcategories&post=7438"},{"taxonomy":"post_tag","embeddable":true,"href":"http:\/\/monitortamaulipas.com.mx\/index.php?rest_route=%2Fwp%2Fv2%2Ftags&post=7438"}],"curies":[{"name":"wp","href":"https:\/\/api.w.org\/{rel}","templated":true}]}}