{"id":6098,"date":"2025-08-25T19:16:12","date_gmt":"2025-08-26T00:16:12","guid":{"rendered":"http:\/\/monitortamaulipas.com.mx\/?p=6098"},"modified":"2025-08-25T19:16:15","modified_gmt":"2025-08-26T00:16:15","slug":"impulsan-reforma-para-garantizar-certeza-en-transicion-del-poder-judicial","status":"publish","type":"post","link":"http:\/\/monitortamaulipas.com.mx\/?p=6098","title":{"rendered":"Impulsan reforma para garantizar certeza en transici\u00f3n\u00a0del Poder Judicial"},"content":{"rendered":"\n<p>La Diputaci\u00f3n Permanente del Congreso del Estado aprob\u00f3 admitir para su an\u00e1lisis y dictamen la iniciativa presentada por las Diputadas y los Diputados del Grupo Parlamentario de Morena, que propone reformas a las disposiciones transitorias de los Decretos 66-67 y 66-330, relativos a la reestructuraci\u00f3n del Poder Judicial del Estado.<\/p>\n\n\n\n<p>En su intervenci\u00f3n durante la sesi\u00f3n, la Diputada Judith&nbsp;Katalyna&nbsp;M\u00e9ndez Cepeda enfatiz\u00f3 que el prop\u00f3sito fundamental de esta iniciativa es armonizar las fechas de toma de protesta de las nuevas autoridades judiciales con lo establecido en la Ley Electoral del Estado. Esto con la finalidad de evitar contradicciones legales y asegurar la certeza jur\u00eddica en el proceso de instalaci\u00f3n del renovado Poder Judicial.<\/p>\n\n\n\n<p>La propuesta contempla reformar el p\u00e1rrafo 14 del art\u00edculo Segundo Transitorio del Decreto 66-67, publicado el 18 de noviembre de 2024, as\u00ed como los art\u00edculos Tercero y Cuarto Transitorios del Decreto 66-330, publicado el 24 de mayo de 2025. Con estas modificaciones, se establece que las personas electas como magistradas, magistrados, juezas y jueces rindan protesta ante el Congreso el 30 de septiembre de 2025, para entrar en funciones el 1\u00b0 de octubre del mismo a\u00f1o.<\/p>\n\n\n\n<p>\u201cLa iniciativa plantea evitar interpretaciones ambiguas que puedan afectar el ejercicio de la funci\u00f3n jurisdiccional, armonizar nuestro marco normativo local, evitar las contradicciones y garantizar el ejercicio de la funci\u00f3n de las y los magistrados y magistradas del nuevo Poder Judicial de Tamaulipas\u201d, expres\u00f3 la legisladora.<\/p>\n\n\n\n<p>Durante la sesi\u00f3n, se resalt\u00f3 que esta iniciativa busca garantizar la congruencia normativa entre la Constituci\u00f3n local, la Ley Org\u00e1nica del Poder Judicial recientemente expedida y la legislaci\u00f3n electoral vigente, fortaleciendo con ello el Estado de Derecho en Tamaulipas.<\/p>\n","protected":false},"excerpt":{"rendered":"<p>La Diputaci\u00f3n Permanente del Congreso del Estado aprob\u00f3 admitir para su an\u00e1lisis y dictamen la&#8230;<\/p>\n","protected":false},"author":2,"featured_media":6099,"comment_status":"closed","ping_status":"open","sticky":false,"template":"","format":"standard","meta":{"_jetpack_memberships_contains_paid_content":false,"footnotes":"","jetpack_publicize_message":"","jetpack_publicize_feature_enabled":true,"jetpack_social_post_already_shared":true,"jetpack_social_options":{"image_generator_settings":{"template":"highway","default_image_id":0,"font":"","enabled":false},"version":2}},"categories":[6],"tags":[],"class_list":["post-6098","post","type-post","status-publish","format-standard","has-post-thumbnail","hentry","category-monitor-estatal"],"jetpack_publicize_connections":[],"jetpack_featured_media_url":"http:\/\/monitortamaulipas.com.mx\/wp-content\/uploads\/2025\/08\/Estatal-1-16.jpeg","jetpack_sharing_enabled":true,"_links":{"self":[{"href":"http:\/\/monitortamaulipas.com.mx\/index.php?rest_route=\/wp\/v2\/posts\/6098","targetHints":{"allow":["GET"]}}],"collection":[{"href":"http:\/\/monitortamaulipas.com.mx\/index.php?rest_route=\/wp\/v2\/posts"}],"about":[{"href":"http:\/\/monitortamaulipas.com.mx\/index.php?rest_route=\/wp\/v2\/types\/post"}],"author":[{"embeddable":true,"href":"http:\/\/monitortamaulipas.com.mx\/index.php?rest_route=\/wp\/v2\/users\/2"}],"replies":[{"embeddable":true,"href":"http:\/\/monitortamaulipas.com.mx\/index.php?rest_route=%2Fwp%2Fv2%2Fcomments&post=6098"}],"version-history":[{"count":1,"href":"http:\/\/monitortamaulipas.com.mx\/index.php?rest_route=\/wp\/v2\/posts\/6098\/revisions"}],"predecessor-version":[{"id":6100,"href":"http:\/\/monitortamaulipas.com.mx\/index.php?rest_route=\/wp\/v2\/posts\/6098\/revisions\/6100"}],"wp:featuredmedia":[{"embeddable":true,"href":"http:\/\/monitortamaulipas.com.mx\/index.php?rest_route=\/wp\/v2\/media\/6099"}],"wp:attachment":[{"href":"http:\/\/monitortamaulipas.com.mx\/index.php?rest_route=%2Fwp%2Fv2%2Fmedia&parent=6098"}],"wp:term":[{"taxonomy":"category","embeddable":true,"href":"http:\/\/monitortamaulipas.com.mx\/index.php?rest_route=%2Fwp%2Fv2%2Fcategories&post=6098"},{"taxonomy":"post_tag","embeddable":true,"href":"http:\/\/monitortamaulipas.com.mx\/index.php?rest_route=%2Fwp%2Fv2%2Ftags&post=6098"}],"curies":[{"name":"wp","href":"https:\/\/api.w.org\/{rel}","templated":true}]}}