{"id":6091,"date":"2025-08-25T19:10:48","date_gmt":"2025-08-26T00:10:48","guid":{"rendered":"http:\/\/monitortamaulipas.com.mx\/?p=6091"},"modified":"2025-08-25T19:10:51","modified_gmt":"2025-08-26T00:10:51","slug":"mas-de-150-atletas-participan-en-la-paralimpiada-estatal-tamaulipas-2025","status":"publish","type":"post","link":"http:\/\/monitortamaulipas.com.mx\/?p=6091","title":{"rendered":"M\u00e1s de 150 atletas participan en la Paralimpiada Estatal Tamaulipas 2025"},"content":{"rendered":"\n<p>Agosto 25 de 2025<\/p>\n\n\n\n<p>Tampico, Tamaulipas.\u2013 Durante la Paralimpiada Estatal Tamaulipas 2025, m\u00e1s de 150 paraatletas se dieron cita en las diferentes etapas que se realizaron en la zona sur del estado, incluyendo Altamira, Tampico y Ciudad Madero, as\u00ed como en la zona norte, en Reynosa.<\/p>\n\n\n\n<p>Las y los participantes compitieron en diversas disciplinas adaptadas, como powerlifting, paraatletismo, boxeo, paranataci\u00f3n, paratenis de mesa, boccia y parapowerlifting, entre otras y acudieron representantes de Ciudad Victoria, Matamoros, Nuevo Laredo, Altamira, Tampico, Madero y otros municipios.<\/p>\n\n\n\n<p>Para el desarrollo de estas competencias se cont\u00f3 con el apoyo tanto de los gobiernos municipales sedes como del Instituto del Deporte de Tamaulipas, lo que permiti\u00f3 brindar a las y los j\u00f3venes deportistas las condiciones necesarias para demostrar su talento y esfuerzo.<\/p>\n\n\n\n<p>El objetivo principal de esta competencia, fue que las y los participantes lograran marcas m\u00ednimas, con la finalidad de poder representar a Tamaulipas en la Paralimpiada Nacional 2025, que se llevar\u00e1 a cabo pr\u00f3ximamente en Aguascalientes.<\/p>\n\n\n\n<p>Ser\u00e1 en las pr\u00f3ximas semanas cuando el \u00c1rea de Alto Rendimiento, en coordinaci\u00f3n con las diferentes federaciones y con la CONADE, den a conocer los resultados y quienes oficialmente representar\u00e1n a Tamaulipas en la contienda nacional.<\/p>\n\n\n\n<p>El director general del INDE, Manuel Viru\u00e9s Lozano, dijo que con estas acciones, el Gobierno de Tamaulipas reafirma su compromiso con la inclusi\u00f3n y el desarrollo del deporte adaptado, brindando oportunidades para que las personas con discapacidad puedan participar, crecer y destacar en el \u00e1mbito deportivo estatal y nacional.<\/p>\n\n\n\n<figure class=\"wp-block-gallery has-nested-images columns-default is-cropped wp-block-gallery-1 is-layout-flex wp-block-gallery-is-layout-flex\">\n<figure class=\"wp-block-image size-large\"><img fetchpriority=\"high\" decoding=\"async\" width=\"1024\" height=\"682\" data-id=\"6093\" src=\"http:\/\/monitortamaulipas.com.mx\/wp-content\/uploads\/2025\/08\/Deportes-3-7-1024x682.jpeg\" alt=\"\" class=\"wp-image-6093\" srcset=\"http:\/\/monitortamaulipas.com.mx\/wp-content\/uploads\/2025\/08\/Deportes-3-7-1024x682.jpeg 1024w, http:\/\/monitortamaulipas.com.mx\/wp-content\/uploads\/2025\/08\/Deportes-3-7-300x200.jpeg 300w, http:\/\/monitortamaulipas.com.mx\/wp-content\/uploads\/2025\/08\/Deportes-3-7-768x512.jpeg 768w, http:\/\/monitortamaulipas.com.mx\/wp-content\/uploads\/2025\/08\/Deportes-3-7-1536x1023.jpeg 1536w, http:\/\/monitortamaulipas.com.mx\/wp-content\/uploads\/2025\/08\/Deportes-3-7.jpeg 1600w\" sizes=\"(max-width: 1024px) 100vw, 1024px\" \/><\/figure>\n\n\n\n<figure class=\"wp-block-image size-large\"><img decoding=\"async\" width=\"1024\" height=\"682\" data-id=\"6094\" src=\"http:\/\/monitortamaulipas.com.mx\/wp-content\/uploads\/2025\/08\/Deportes-4-3-1024x682.jpeg\" alt=\"\" class=\"wp-image-6094\" srcset=\"http:\/\/monitortamaulipas.com.mx\/wp-content\/uploads\/2025\/08\/Deportes-4-3-1024x682.jpeg 1024w, http:\/\/monitortamaulipas.com.mx\/wp-content\/uploads\/2025\/08\/Deportes-4-3-300x200.jpeg 300w, http:\/\/monitortamaulipas.com.mx\/wp-content\/uploads\/2025\/08\/Deportes-4-3-768x512.jpeg 768w, http:\/\/monitortamaulipas.com.mx\/wp-content\/uploads\/2025\/08\/Deportes-4-3-1536x1023.jpeg 1536w, http:\/\/monitortamaulipas.com.mx\/wp-content\/uploads\/2025\/08\/Deportes-4-3.jpeg 1600w\" sizes=\"(max-width: 1024px) 100vw, 1024px\" \/><\/figure>\n\n\n\n<figure class=\"wp-block-image size-large\"><img decoding=\"async\" width=\"1024\" height=\"682\" data-id=\"6096\" src=\"http:\/\/monitortamaulipas.com.mx\/wp-content\/uploads\/2025\/08\/Deportes-5-3-1024x682.jpeg\" alt=\"\" class=\"wp-image-6096\" srcset=\"http:\/\/monitortamaulipas.com.mx\/wp-content\/uploads\/2025\/08\/Deportes-5-3-1024x682.jpeg 1024w, http:\/\/monitortamaulipas.com.mx\/wp-content\/uploads\/2025\/08\/Deportes-5-3-300x200.jpeg 300w, http:\/\/monitortamaulipas.com.mx\/wp-content\/uploads\/2025\/08\/Deportes-5-3-768x512.jpeg 768w, http:\/\/monitortamaulipas.com.mx\/wp-content\/uploads\/2025\/08\/Deportes-5-3-1536x1023.jpeg 1536w, http:\/\/monitortamaulipas.com.mx\/wp-content\/uploads\/2025\/08\/Deportes-5-3.jpeg 1600w\" sizes=\"(max-width: 1024px) 100vw, 1024px\" \/><\/figure>\n\n\n\n<figure class=\"wp-block-image size-large\"><img loading=\"lazy\" decoding=\"async\" width=\"1024\" height=\"682\" data-id=\"6095\" src=\"http:\/\/monitortamaulipas.com.mx\/wp-content\/uploads\/2025\/08\/Deportes-6-1-1024x682.jpeg\" alt=\"\" class=\"wp-image-6095\" srcset=\"http:\/\/monitortamaulipas.com.mx\/wp-content\/uploads\/2025\/08\/Deportes-6-1-1024x682.jpeg 1024w, http:\/\/monitortamaulipas.com.mx\/wp-content\/uploads\/2025\/08\/Deportes-6-1-300x200.jpeg 300w, http:\/\/monitortamaulipas.com.mx\/wp-content\/uploads\/2025\/08\/Deportes-6-1-768x512.jpeg 768w, http:\/\/monitortamaulipas.com.mx\/wp-content\/uploads\/2025\/08\/Deportes-6-1-1536x1023.jpeg 1536w, http:\/\/monitortamaulipas.com.mx\/wp-content\/uploads\/2025\/08\/Deportes-6-1.jpeg 1600w\" sizes=\"(max-width: 1024px) 100vw, 1024px\" \/><\/figure>\n<\/figure>\n","protected":false},"excerpt":{"rendered":"<p>Agosto 25 de 2025 Tampico, Tamaulipas.\u2013 Durante la Paralimpiada Estatal Tamaulipas 2025, m\u00e1s de 150&#8230;<\/p>\n","protected":false},"author":2,"featured_media":6092,"comment_status":"closed","ping_status":"open","sticky":false,"template":"","format":"standard","meta":{"_jetpack_memberships_contains_paid_content":false,"footnotes":"","jetpack_publicize_message":"","jetpack_publicize_feature_enabled":true,"jetpack_social_post_already_shared":true,"jetpack_social_options":{"image_generator_settings":{"template":"highway","default_image_id":0,"font":"","enabled":false},"version":2}},"categories":[13],"tags":[],"class_list":["post-6091","post","type-post","status-publish","format-standard","has-post-thumbnail","hentry","category-monitor-deportivo"],"jetpack_publicize_connections":[],"jetpack_featured_media_url":"http:\/\/monitortamaulipas.com.mx\/wp-content\/uploads\/2025\/08\/Deportes-1-10.jpeg","jetpack_sharing_enabled":true,"_links":{"self":[{"href":"http:\/\/monitortamaulipas.com.mx\/index.php?rest_route=\/wp\/v2\/posts\/6091","targetHints":{"allow":["GET"]}}],"collection":[{"href":"http:\/\/monitortamaulipas.com.mx\/index.php?rest_route=\/wp\/v2\/posts"}],"about":[{"href":"http:\/\/monitortamaulipas.com.mx\/index.php?rest_route=\/wp\/v2\/types\/post"}],"author":[{"embeddable":true,"href":"http:\/\/monitortamaulipas.com.mx\/index.php?rest_route=\/wp\/v2\/users\/2"}],"replies":[{"embeddable":true,"href":"http:\/\/monitortamaulipas.com.mx\/index.php?rest_route=%2Fwp%2Fv2%2Fcomments&post=6091"}],"version-history":[{"count":1,"href":"http:\/\/monitortamaulipas.com.mx\/index.php?rest_route=\/wp\/v2\/posts\/6091\/revisions"}],"predecessor-version":[{"id":6097,"href":"http:\/\/monitortamaulipas.com.mx\/index.php?rest_route=\/wp\/v2\/posts\/6091\/revisions\/6097"}],"wp:featuredmedia":[{"embeddable":true,"href":"http:\/\/monitortamaulipas.com.mx\/index.php?rest_route=\/wp\/v2\/media\/6092"}],"wp:attachment":[{"href":"http:\/\/monitortamaulipas.com.mx\/index.php?rest_route=%2Fwp%2Fv2%2Fmedia&parent=6091"}],"wp:term":[{"taxonomy":"category","embeddable":true,"href":"http:\/\/monitortamaulipas.com.mx\/index.php?rest_route=%2Fwp%2Fv2%2Fcategories&post=6091"},{"taxonomy":"post_tag","embeddable":true,"href":"http:\/\/monitortamaulipas.com.mx\/index.php?rest_route=%2Fwp%2Fv2%2Ftags&post=6091"}],"curies":[{"name":"wp","href":"https:\/\/api.w.org\/{rel}","templated":true}]}}