{"id":6086,"date":"2025-08-25T19:05:57","date_gmt":"2025-08-26T00:05:57","guid":{"rendered":"http:\/\/monitortamaulipas.com.mx\/?p=6086"},"modified":"2025-08-25T19:06:00","modified_gmt":"2025-08-26T00:06:00","slug":"sostiene-alcalde-lalo-gattas-reunion-de-trabajo-con-gabinete-economico","status":"publish","type":"post","link":"http:\/\/monitortamaulipas.com.mx\/?p=6086","title":{"rendered":"Sostiene alcalde Lalo Gatt\u00e1s reuni\u00f3n de trabajo con Gabinete Econ\u00f3mico."},"content":{"rendered":"\n<p>Cd. Victoria, 25 de agosto 2025. \u2013 Para evaluar la pol\u00edtica del Gobierno de Victoria en materia de distribuci\u00f3n del ingreso y de impulso a la inversi\u00f3n, el presidente municipal de Victoria Eduardo Gatt\u00e1s B\u00e1ez se reuni\u00f3 con integrantes del Gabinete Econ\u00f3mico, encabezado por la Tesorera Mar\u00eda Guadalupe de los Reyes Acosta.<\/p>\n\n\n\n<p>Reunidos en la sala de juntas, establecieron acuerdos para coordinar la pol\u00edtica financiera, estrategias de promoci\u00f3n y apertura de nuevas empresas, a trav\u00e9s de la simplificaci\u00f3n de tr\u00e1mites administrativos y de servicios que brinda el gobierno municipal por medio de las secretar\u00edas y \u00e1reas de la administraci\u00f3n.<\/p>\n\n\n\n<p>Gatt\u00e1s B\u00e1ez exhort\u00f3 a sus colaboradores a mantener la l\u00ednea de austeridad, manejo transparente y eficiente del recurso p\u00fablico, as\u00ed como seguir impulsando la inversi\u00f3n en la Capital de Tamaulipas para mejorar la calidad de vida de sus habitantes y desarrollo econ\u00f3mico del municipio, en el segundo semestre del presente a\u00f1o.<\/p>\n\n\n\n<figure class=\"wp-block-gallery has-nested-images columns-default is-cropped wp-block-gallery-1 is-layout-flex wp-block-gallery-is-layout-flex\">\n<figure class=\"wp-block-image size-large\"><img fetchpriority=\"high\" decoding=\"async\" width=\"1024\" height=\"682\" data-id=\"6088\" src=\"http:\/\/monitortamaulipas.com.mx\/wp-content\/uploads\/2025\/08\/Municipio-2-13-1024x682.jpeg\" alt=\"\" class=\"wp-image-6088\" srcset=\"http:\/\/monitortamaulipas.com.mx\/wp-content\/uploads\/2025\/08\/Municipio-2-13-1024x682.jpeg 1024w, http:\/\/monitortamaulipas.com.mx\/wp-content\/uploads\/2025\/08\/Municipio-2-13-300x200.jpeg 300w, http:\/\/monitortamaulipas.com.mx\/wp-content\/uploads\/2025\/08\/Municipio-2-13-768x512.jpeg 768w, http:\/\/monitortamaulipas.com.mx\/wp-content\/uploads\/2025\/08\/Municipio-2-13.jpeg 1280w\" sizes=\"(max-width: 1024px) 100vw, 1024px\" \/><\/figure>\n\n\n\n<figure class=\"wp-block-image size-large\"><img decoding=\"async\" width=\"1024\" height=\"682\" data-id=\"6089\" src=\"http:\/\/monitortamaulipas.com.mx\/wp-content\/uploads\/2025\/08\/Municipio-3-13-1024x682.jpeg\" alt=\"\" class=\"wp-image-6089\" srcset=\"http:\/\/monitortamaulipas.com.mx\/wp-content\/uploads\/2025\/08\/Municipio-3-13-1024x682.jpeg 1024w, http:\/\/monitortamaulipas.com.mx\/wp-content\/uploads\/2025\/08\/Municipio-3-13-300x200.jpeg 300w, http:\/\/monitortamaulipas.com.mx\/wp-content\/uploads\/2025\/08\/Municipio-3-13-768x512.jpeg 768w, http:\/\/monitortamaulipas.com.mx\/wp-content\/uploads\/2025\/08\/Municipio-3-13.jpeg 1280w\" sizes=\"(max-width: 1024px) 100vw, 1024px\" \/><\/figure>\n<\/figure>\n","protected":false},"excerpt":{"rendered":"<p>Cd. Victoria, 25 de agosto 2025. \u2013 Para evaluar la pol\u00edtica del Gobierno de Victoria&#8230;<\/p>\n","protected":false},"author":2,"featured_media":6087,"comment_status":"closed","ping_status":"open","sticky":false,"template":"","format":"standard","meta":{"_jetpack_memberships_contains_paid_content":false,"footnotes":"","jetpack_publicize_message":"","jetpack_publicize_feature_enabled":true,"jetpack_social_post_already_shared":true,"jetpack_social_options":{"image_generator_settings":{"template":"highway","default_image_id":0,"font":"","enabled":false},"version":2}},"categories":[4],"tags":[],"class_list":["post-6086","post","type-post","status-publish","format-standard","has-post-thumbnail","hentry","category-monitor-capitalino"],"jetpack_publicize_connections":[],"jetpack_featured_media_url":"http:\/\/monitortamaulipas.com.mx\/wp-content\/uploads\/2025\/08\/Municipio-1-14.jpeg","jetpack_sharing_enabled":true,"_links":{"self":[{"href":"http:\/\/monitortamaulipas.com.mx\/index.php?rest_route=\/wp\/v2\/posts\/6086","targetHints":{"allow":["GET"]}}],"collection":[{"href":"http:\/\/monitortamaulipas.com.mx\/index.php?rest_route=\/wp\/v2\/posts"}],"about":[{"href":"http:\/\/monitortamaulipas.com.mx\/index.php?rest_route=\/wp\/v2\/types\/post"}],"author":[{"embeddable":true,"href":"http:\/\/monitortamaulipas.com.mx\/index.php?rest_route=\/wp\/v2\/users\/2"}],"replies":[{"embeddable":true,"href":"http:\/\/monitortamaulipas.com.mx\/index.php?rest_route=%2Fwp%2Fv2%2Fcomments&post=6086"}],"version-history":[{"count":1,"href":"http:\/\/monitortamaulipas.com.mx\/index.php?rest_route=\/wp\/v2\/posts\/6086\/revisions"}],"predecessor-version":[{"id":6090,"href":"http:\/\/monitortamaulipas.com.mx\/index.php?rest_route=\/wp\/v2\/posts\/6086\/revisions\/6090"}],"wp:featuredmedia":[{"embeddable":true,"href":"http:\/\/monitortamaulipas.com.mx\/index.php?rest_route=\/wp\/v2\/media\/6087"}],"wp:attachment":[{"href":"http:\/\/monitortamaulipas.com.mx\/index.php?rest_route=%2Fwp%2Fv2%2Fmedia&parent=6086"}],"wp:term":[{"taxonomy":"category","embeddable":true,"href":"http:\/\/monitortamaulipas.com.mx\/index.php?rest_route=%2Fwp%2Fv2%2Fcategories&post=6086"},{"taxonomy":"post_tag","embeddable":true,"href":"http:\/\/monitortamaulipas.com.mx\/index.php?rest_route=%2Fwp%2Fv2%2Ftags&post=6086"}],"curies":[{"name":"wp","href":"https:\/\/api.w.org\/{rel}","templated":true}]}}