{"id":12693,"date":"2026-04-29T18:45:21","date_gmt":"2026-04-29T23:45:21","guid":{"rendered":"http:\/\/monitortamaulipas.com.mx\/?p=12693"},"modified":"2026-04-29T18:45:25","modified_gmt":"2026-04-29T23:45:25","slug":"fortalece-ine-estructura-directiva-de-cara-al-proceso-electoral-federal-2026-2027","status":"publish","type":"post","link":"http:\/\/monitortamaulipas.com.mx\/?p=12693","title":{"rendered":"Fortalece INE estructura directiva de cara al Proceso Electoral Federal 2026-2027"},"content":{"rendered":"\n<p>\u2022&nbsp;<strong><em>Agradece Consejera Presidenta, Guadalupe Taddei, el compromiso de quienes asumieron encargadur\u00edas y dio la bienvenida a los nuevos perfiles profesionales<\/em><\/strong><\/p>\n\n\n\n<p>En apego a sus atribuciones legales, la Consejera Presidenta del Instituto Nacional Electoral (INE), Guadalupe Taddei Zavala, anunci\u00f3 la incorporaci\u00f3n de nuevos integrantes en direcciones ejecutivas y unidades t\u00e9cnicas, con el objetivo de fortalecer la capacidad institucional frente al pr\u00f3ximo Proceso Electoral Federal 2026-2027, y asegur\u00f3 que \u201cno tenemos otra preocupaci\u00f3n m\u00e1s all\u00e1 de hacer las cosas con excelencia\u201d.<\/p>\n\n\n\n<p>La Presidenta del INE entreg\u00f3 a consejeras y consejeros una carpeta con los nombres de las personas que a partir de hoy asumen la titularidad de \u00e1reas estrat\u00e9gicas del Instituto.<\/p>\n\n\n\n<p>Taddei Zavala reconoci\u00f3 el esfuerzo de quienes aceptaron encargadur\u00edas en momentos de transici\u00f3n e incluso en situaciones extremas y a quienes se les otorgan las titularidades de sus \u00e1reas, al tiempo que dio la bienvenida a los nuevos perfiles profesionales.<\/p>\n\n\n\n<p>En este marco, la Consejera Presidenta del INE design\u00f3 a Mario Alberto Alejo Garc\u00eda como Titular de la Unidad T\u00e9cnica de Fiscalizaci\u00f3n; a Anah\u00ed Silva Tosca como Directora Ejecutiva de Asuntos Jur\u00eddicos; a Alejandro Romero Mill\u00e1n, como Director Ejecutivo de Prerrogativas y Partidos Pol\u00edticos; y a Eduardo Hugo Ram\u00edrez Salazar como Titular de la Direcci\u00f3n Ejecutiva de Capacitaci\u00f3n Electoral y Educaci\u00f3n C\u00edvica.<\/p>\n\n\n\n<p>Asimismo, la Consejera Presidenta nombr\u00f3 como titulares a funcionarios que hasta ahora se desempe\u00f1aban como Encargados de despacho en distintas \u00e1reas operativas del Instituto y ratific\u00f3 a Roberto Carlos F\u00e9lix L\u00f3pez, en la Direcci\u00f3n Ejecutiva de Organizaci\u00f3n Electoral y a Jorge Egren Moreno Troncoso, en la Direcci\u00f3n Ejecutiva del Servicio Profesional Electoral Nacional.<\/p>\n\n\n\n<p>A Pedro Pablo Chirinos Ben\u00edtez, como Director de la Unidad T\u00e9cnica de Vinculaci\u00f3n con los Organismos P\u00fablicos Locales Electorales; a Jos\u00e9 Alberto P\u00e9rez de Acha, se le nombr\u00f3 como Titular de la Unidad T\u00e9cnica de Servicios de Inform\u00e1tica (UTSI) y a Sergio Uzeta Murcio, quien fue nombrado en la titularidad de la Coordinaci\u00f3n Nacional de Comunicaci\u00f3n Social del Instituto.<\/p>\n\n\n\n<p>En ese contexto, tambi\u00e9n inform\u00f3 que, a partir del 16 de mayo, Eduardo Meza Rinc\u00f3n asumir\u00e1 la titularidad de la Direcci\u00f3n Ejecutiva de Administraci\u00f3n.<\/p>\n\n\n\n<p>La Consejera Presidenta enumer\u00f3 la relevancia de los perfiles que se suman al Instituto, al considerar que su experiencia y profesionalismo permitir\u00e1n afrontar con \u00e9xito los retos de una elecci\u00f3n concurrente de gran magnitud.<\/p>\n\n\n\n<p>\u201cLos perfiles de todos los que hoy nos integramos a este \u00f3rgano colegiado dan cuenta por s\u00ed mismos de la capacidad que estamos poniendo al frente, para sacar bien con altos niveles de \u00e9xito nuestras encomiendas\u201d, expres\u00f3.<\/p>\n\n\n\n<p>Tambi\u00e9n contextualiz\u00f3 la preparaci\u00f3n institucional ante posibles reformas legislativas y judiciales que podr\u00edan impactar el calendario electoral. Taddei Zavala consider\u00f3 necesario anticiparse a cualquier escenario y fortalecer la tranquilidad en las \u00e1reas de trabajo, con el prop\u00f3sito de garantizar certeza y confianza en el proceso democr\u00e1tico.<\/p>\n\n\n\n<p>Ejemplific\u00f3 con el caso de la Direcci\u00f3n Ejecutiva de Administraci\u00f3n, donde Jes\u00fas Octavio Garc\u00eda Gonz\u00e1lez, asumi\u00f3 la responsabilidad de entregar en un plazo de 15 d\u00edas los pendientes de su \u00e1rea, garantizando orden y resultados positivos.<\/p>\n\n\n\n<p>Con este anuncio, el INE reafirma su compromiso de trabajar con excelencia, profesionalismo y transparencia, consolidando su papel como garante de la organizaci\u00f3n de elecciones en M\u00e9xico.<\/p>\n\n\n\n<figure class=\"wp-block-image size-large\"><img fetchpriority=\"high\" decoding=\"async\" width=\"1024\" height=\"682\" src=\"http:\/\/monitortamaulipas.com.mx\/wp-content\/uploads\/2026\/04\/Nacional-2-15-1024x682.jpeg\" alt=\"\" class=\"wp-image-12694\" srcset=\"http:\/\/monitortamaulipas.com.mx\/wp-content\/uploads\/2026\/04\/Nacional-2-15-1024x682.jpeg 1024w, http:\/\/monitortamaulipas.com.mx\/wp-content\/uploads\/2026\/04\/Nacional-2-15-300x200.jpeg 300w, http:\/\/monitortamaulipas.com.mx\/wp-content\/uploads\/2026\/04\/Nacional-2-15-768x512.jpeg 768w, http:\/\/monitortamaulipas.com.mx\/wp-content\/uploads\/2026\/04\/Nacional-2-15-1536x1023.jpeg 1536w, http:\/\/monitortamaulipas.com.mx\/wp-content\/uploads\/2026\/04\/Nacional-2-15.jpeg 1600w\" sizes=\"(max-width: 1024px) 100vw, 1024px\" \/><\/figure>\n","protected":false},"excerpt":{"rendered":"<p>\u2022&nbsp;Agradece Consejera Presidenta, Guadalupe Taddei, el compromiso de quienes asumieron encargadur\u00edas y dio la bienvenida&#8230;<\/p>\n","protected":false},"author":2,"featured_media":12695,"comment_status":"closed","ping_status":"open","sticky":false,"template":"","format":"standard","meta":{"_jetpack_memberships_contains_paid_content":false,"footnotes":"","jetpack_publicize_message":"","jetpack_publicize_feature_enabled":true,"jetpack_social_post_already_shared":true,"jetpack_social_options":{"image_generator_settings":{"template":"highway","default_image_id":0,"font":"","enabled":false},"version":2}},"categories":[7],"tags":[],"class_list":["post-12693","post","type-post","status-publish","format-standard","has-post-thumbnail","hentry","category-monitor-nacional"],"jetpack_publicize_connections":[],"jetpack_featured_media_url":"http:\/\/monitortamaulipas.com.mx\/wp-content\/uploads\/2026\/04\/Nacional-1-14.jpeg","jetpack_sharing_enabled":true,"_links":{"self":[{"href":"http:\/\/monitortamaulipas.com.mx\/index.php?rest_route=\/wp\/v2\/posts\/12693","targetHints":{"allow":["GET"]}}],"collection":[{"href":"http:\/\/monitortamaulipas.com.mx\/index.php?rest_route=\/wp\/v2\/posts"}],"about":[{"href":"http:\/\/monitortamaulipas.com.mx\/index.php?rest_route=\/wp\/v2\/types\/post"}],"author":[{"embeddable":true,"href":"http:\/\/monitortamaulipas.com.mx\/index.php?rest_route=\/wp\/v2\/users\/2"}],"replies":[{"embeddable":true,"href":"http:\/\/monitortamaulipas.com.mx\/index.php?rest_route=%2Fwp%2Fv2%2Fcomments&post=12693"}],"version-history":[{"count":1,"href":"http:\/\/monitortamaulipas.com.mx\/index.php?rest_route=\/wp\/v2\/posts\/12693\/revisions"}],"predecessor-version":[{"id":12696,"href":"http:\/\/monitortamaulipas.com.mx\/index.php?rest_route=\/wp\/v2\/posts\/12693\/revisions\/12696"}],"wp:featuredmedia":[{"embeddable":true,"href":"http:\/\/monitortamaulipas.com.mx\/index.php?rest_route=\/wp\/v2\/media\/12695"}],"wp:attachment":[{"href":"http:\/\/monitortamaulipas.com.mx\/index.php?rest_route=%2Fwp%2Fv2%2Fmedia&parent=12693"}],"wp:term":[{"taxonomy":"category","embeddable":true,"href":"http:\/\/monitortamaulipas.com.mx\/index.php?rest_route=%2Fwp%2Fv2%2Fcategories&post=12693"},{"taxonomy":"post_tag","embeddable":true,"href":"http:\/\/monitortamaulipas.com.mx\/index.php?rest_route=%2Fwp%2Fv2%2Ftags&post=12693"}],"curies":[{"name":"wp","href":"https:\/\/api.w.org\/{rel}","templated":true}]}}