{"id":12679,"date":"2026-04-29T18:35:30","date_gmt":"2026-04-29T23:35:30","guid":{"rendered":"http:\/\/monitortamaulipas.com.mx\/?p=12679"},"modified":"2026-04-29T18:35:33","modified_gmt":"2026-04-29T23:35:33","slug":"avanza-tamaulipas-a-la-final-de-futbol-de-la-olimpiada-nacional-2026","status":"publish","type":"post","link":"http:\/\/monitortamaulipas.com.mx\/?p=12679","title":{"rendered":"Avanza Tamaulipas a la final de f\u00fatbol de la Olimpiada Nacional 2026"},"content":{"rendered":"\n<p>Abril 29 de 2026<\/p>\n\n\n\n<p>Puebla, Puebla.\u2013 La Selecci\u00f3n Tamaulipas de f\u00fatbol varonil Sub-15 asegur\u00f3 su pase a la final de la Olimpiada Nacional 2026, tras vencer 2-1 a su similar de Quer\u00e9taro en una semifinal caracterizada por la intensidad y el alto nivel competitivo.<\/p>\n\n\n\n<p>El encuentro inici\u00f3 con desventaja para el conjunto tamaulipeco, luego de que el equipo rival se adelantara en el marcador al minuto 20. No obstante, la reacci\u00f3n fue inmediata y al minuto 30, Josimar Meraz logr\u00f3 el empate 1-1 con un remate de cabeza dentro del \u00e1rea.<\/p>\n\n\n\n<p>Durante el resto del primer tiempo, Tamaulipas asumi\u00f3 el control del partido, generando mayores oportunidades de gol y dominando la posesi\u00f3n del bal\u00f3n.<\/p>\n\n\n\n<p>En la segunda mitad, al minuto 10, Rodrigo G\u00f3mez anot\u00f3 el gol definitivo tras una jugada a bal\u00f3n parado, aprovechando un tiro de esquina para definir con precisi\u00f3n y colocar el marcador 2-1.<\/p>\n\n\n\n<p>El equipo, dirigido por Luis Rodr\u00edguez y Miguel Mendoza, mantuvo el orden t\u00e1ctico y la intensidad en los minutos finales, logrando conservar la ventaja y asegurar su clasificaci\u00f3n a la final nacional.<\/p>\n\n\n\n<p>Al t\u00e9rmino del encuentro, el director general del Instituto del Deporte de Tamaulipas, Manuel Viru\u00e9s Lozano, reconoci\u00f3 el desempe\u00f1o del plantel y del cuerpo t\u00e9cnico, destacando el car\u00e1cter mostrado para remontar el marcador y el trabajo en equipo que permiti\u00f3 alcanzar esta instancia.<\/p>\n\n\n\n<p>Asimismo, subray\u00f3 que la participaci\u00f3n de la delegaci\u00f3n tamaulipeca cuenta con el respaldo del gobernador Am\u00e9rico Villarreal Anaya.<\/p>\n\n\n\n<p>La final se tiene prevista tentativamente para el mes de junio en el Centro Universitario de la Universidad Nacional Aut\u00f3noma de M\u00e9xico, en el marco del Mundial Social promovido por la Comisi\u00f3n Nacional de Cultura F\u00edsica y Deporte (CONADE).<\/p>\n\n\n\n<figure class=\"wp-block-gallery has-nested-images columns-default is-cropped wp-block-gallery-1 is-layout-flex wp-block-gallery-is-layout-flex\">\n<figure class=\"wp-block-image size-large\"><img fetchpriority=\"high\" decoding=\"async\" width=\"1024\" height=\"683\" data-id=\"12681\" src=\"http:\/\/monitortamaulipas.com.mx\/wp-content\/uploads\/2026\/04\/Deportes-2-4-1024x683.jpeg\" alt=\"\" class=\"wp-image-12681\" srcset=\"http:\/\/monitortamaulipas.com.mx\/wp-content\/uploads\/2026\/04\/Deportes-2-4-1024x683.jpeg 1024w, http:\/\/monitortamaulipas.com.mx\/wp-content\/uploads\/2026\/04\/Deportes-2-4-300x200.jpeg 300w, http:\/\/monitortamaulipas.com.mx\/wp-content\/uploads\/2026\/04\/Deportes-2-4-768x512.jpeg 768w, http:\/\/monitortamaulipas.com.mx\/wp-content\/uploads\/2026\/04\/Deportes-2-4.jpeg 1440w\" sizes=\"(max-width: 1024px) 100vw, 1024px\" \/><\/figure>\n\n\n\n<figure class=\"wp-block-image size-large\"><img decoding=\"async\" width=\"1024\" height=\"682\" data-id=\"12683\" src=\"http:\/\/monitortamaulipas.com.mx\/wp-content\/uploads\/2026\/04\/Deportes-3-2-1024x682.jpeg\" alt=\"\" class=\"wp-image-12683\" srcset=\"http:\/\/monitortamaulipas.com.mx\/wp-content\/uploads\/2026\/04\/Deportes-3-2-1024x682.jpeg 1024w, http:\/\/monitortamaulipas.com.mx\/wp-content\/uploads\/2026\/04\/Deportes-3-2-300x200.jpeg 300w, http:\/\/monitortamaulipas.com.mx\/wp-content\/uploads\/2026\/04\/Deportes-3-2-768x512.jpeg 768w, http:\/\/monitortamaulipas.com.mx\/wp-content\/uploads\/2026\/04\/Deportes-3-2-1536x1023.jpeg 1536w, http:\/\/monitortamaulipas.com.mx\/wp-content\/uploads\/2026\/04\/Deportes-3-2.jpeg 1600w\" sizes=\"(max-width: 1024px) 100vw, 1024px\" \/><\/figure>\n\n\n\n<figure class=\"wp-block-image size-large\"><img decoding=\"async\" width=\"1024\" height=\"682\" data-id=\"12682\" src=\"http:\/\/monitortamaulipas.com.mx\/wp-content\/uploads\/2026\/04\/Deportes-4-2-1024x682.jpeg\" alt=\"\" class=\"wp-image-12682\" srcset=\"http:\/\/monitortamaulipas.com.mx\/wp-content\/uploads\/2026\/04\/Deportes-4-2-1024x682.jpeg 1024w, http:\/\/monitortamaulipas.com.mx\/wp-content\/uploads\/2026\/04\/Deportes-4-2-300x200.jpeg 300w, http:\/\/monitortamaulipas.com.mx\/wp-content\/uploads\/2026\/04\/Deportes-4-2-768x512.jpeg 768w, http:\/\/monitortamaulipas.com.mx\/wp-content\/uploads\/2026\/04\/Deportes-4-2-1536x1023.jpeg 1536w, http:\/\/monitortamaulipas.com.mx\/wp-content\/uploads\/2026\/04\/Deportes-4-2.jpeg 1600w\" sizes=\"(max-width: 1024px) 100vw, 1024px\" \/><\/figure>\n<\/figure>\n","protected":false},"excerpt":{"rendered":"<p>Abril 29 de 2026 Puebla, Puebla.\u2013 La Selecci\u00f3n Tamaulipas de f\u00fatbol varonil Sub-15 asegur\u00f3 su&#8230;<\/p>\n","protected":false},"author":2,"featured_media":12680,"comment_status":"closed","ping_status":"open","sticky":false,"template":"","format":"standard","meta":{"_jetpack_memberships_contains_paid_content":false,"footnotes":"","jetpack_publicize_message":"","jetpack_publicize_feature_enabled":true,"jetpack_social_post_already_shared":true,"jetpack_social_options":{"image_generator_settings":{"template":"highway","default_image_id":0,"font":"","enabled":false},"version":2}},"categories":[13],"tags":[],"class_list":["post-12679","post","type-post","status-publish","format-standard","has-post-thumbnail","hentry","category-monitor-deportivo"],"jetpack_publicize_connections":[],"jetpack_featured_media_url":"http:\/\/monitortamaulipas.com.mx\/wp-content\/uploads\/2026\/04\/Deportes-1-3.jpeg","jetpack_sharing_enabled":true,"_links":{"self":[{"href":"http:\/\/monitortamaulipas.com.mx\/index.php?rest_route=\/wp\/v2\/posts\/12679","targetHints":{"allow":["GET"]}}],"collection":[{"href":"http:\/\/monitortamaulipas.com.mx\/index.php?rest_route=\/wp\/v2\/posts"}],"about":[{"href":"http:\/\/monitortamaulipas.com.mx\/index.php?rest_route=\/wp\/v2\/types\/post"}],"author":[{"embeddable":true,"href":"http:\/\/monitortamaulipas.com.mx\/index.php?rest_route=\/wp\/v2\/users\/2"}],"replies":[{"embeddable":true,"href":"http:\/\/monitortamaulipas.com.mx\/index.php?rest_route=%2Fwp%2Fv2%2Fcomments&post=12679"}],"version-history":[{"count":1,"href":"http:\/\/monitortamaulipas.com.mx\/index.php?rest_route=\/wp\/v2\/posts\/12679\/revisions"}],"predecessor-version":[{"id":12684,"href":"http:\/\/monitortamaulipas.com.mx\/index.php?rest_route=\/wp\/v2\/posts\/12679\/revisions\/12684"}],"wp:featuredmedia":[{"embeddable":true,"href":"http:\/\/monitortamaulipas.com.mx\/index.php?rest_route=\/wp\/v2\/media\/12680"}],"wp:attachment":[{"href":"http:\/\/monitortamaulipas.com.mx\/index.php?rest_route=%2Fwp%2Fv2%2Fmedia&parent=12679"}],"wp:term":[{"taxonomy":"category","embeddable":true,"href":"http:\/\/monitortamaulipas.com.mx\/index.php?rest_route=%2Fwp%2Fv2%2Fcategories&post=12679"},{"taxonomy":"post_tag","embeddable":true,"href":"http:\/\/monitortamaulipas.com.mx\/index.php?rest_route=%2Fwp%2Fv2%2Ftags&post=12679"}],"curies":[{"name":"wp","href":"https:\/\/api.w.org\/{rel}","templated":true}]}}