{"id":11611,"date":"2026-03-13T19:49:55","date_gmt":"2026-03-14T00:49:55","guid":{"rendered":"http:\/\/monitortamaulipas.com.mx\/?p=11611"},"modified":"2026-03-13T19:50:02","modified_gmt":"2026-03-14T00:50:02","slug":"en-colima-gobierno-de-mexico-invertira-8-mil-866-mdp-en-infraestructura-carretera-sict","status":"publish","type":"post","link":"http:\/\/monitortamaulipas.com.mx\/?p=11611","title":{"rendered":"En Colima, Gobierno de M\u00e9xico invertir\u00e1 8 mil 866 mdp en infraestructura carretera: SICT"},"content":{"rendered":"\n<h2 class=\"wp-block-heading\">\u25cf El secretario de Infraestructura, Comunicaciones y Transportes, Jes\u00fas Esteva Medina, inform\u00f3 que los trabajos generar\u00e1n 26 mil 598 empleos \u25cf Explic\u00f3 que se labora en cuatro acciones: MegaBachet\u00f3n, puentes y distribuidores viales, autopistas y caminos artesanales<\/h2>\n\n\n\n<p>Secretar\u00eda de Infraestructura, Comunicaciones y Transportes | 13 de marzo de 2026&nbsp;| Comunicado<\/p>\n\n\n\n<p>La SICT invertir\u00e1 8 mil 866 millones de pesos en el estado de Colima en obras de infraestructura carretera<\/p>\n\n\n\n<p>El Gobierno de M\u00e9xico, a trav\u00e9s de la Secretar\u00eda de Infraestructura, Comunicaciones y Transportes (SICT), invertir\u00e1 8 mil 866 millones de pesos en el estado de Colima en obras de infraestructura carretera, lo que generar\u00e1 26 mil 598 empleos.<\/p>\n\n\n\n<p>Durante la Conferencia del Pueblo, encabezada por la Presidenta de M\u00e9xico, Claudia Sheinbaum Pardo, el titular de la SICT, Jes\u00fas Esteva Medina, mencion\u00f3 que se llevan a cabo cuatro acciones principales: MegaBachet\u00f3n, puentes y distribuidores viales, autopistas y caminos artesanales.<\/p>\n\n\n\n<p>En cuanto a las labores de conservaci\u00f3n, se\u00f1al\u00f3 que la inversi\u00f3n total asciende a 803 millones de pesos, este a\u00f1o se atender\u00e1n los corredores Manzanillo-Tampico y el corredor Costero del Pac\u00edfico.<\/p>\n\n\n\n<p>En total, se pavimentar\u00e1n 184 kil\u00f3metros, es decir, el 70 por ciento de la Red Carretera Federal Libre de Peaje que hay en la entidad; adem\u00e1s, ya se cuenta con un tren de pavimentaci\u00f3n, \u201cque trabaja desde el a\u00f1o pasado en el tramo de Playa Azul a Manzanillo\u201d.<\/p>\n\n\n\n<p>Tambi\u00e9n, se realizar\u00e1n obras de bacheo y se\u00f1alamiento en 271 kil\u00f3metros de la Red Carretera Federal.<\/p>\n\n\n\n<p>El titular de la SICT se refiri\u00f3 a los puentes que se construyen en los municipios de Colima y Coquimatl\u00e1n con una longitud de dos kil\u00f3metros.<\/p>\n\n\n\n<p>Indic\u00f3 que el Paso Superior Vehicular Arco Norte se realiza con una inversi\u00f3n de 436 millones de pesos y presenta un avance de 81 por ciento \u201cestamos ya a d\u00edas de concluir, en marzo de 2026, este puente que arranca en agosto, estamos terminando mucho antes de su periodo, que era en julio\u201d.<\/p>\n\n\n\n<p>Respecto al Arco Sur, el funcionario inform\u00f3 que es un puente de seis carriles, con una longitud de 862 metros. La obra registra un avance de 78 por ciento, cuenta con una inversi\u00f3n de 630 millones de pesos.<\/p>\n\n\n\n<p>Esteva Medina se\u00f1al\u00f3 que, en atenci\u00f3n a una demanda de hace 20 a\u00f1os, se construye el Puente El Chical de 736 metros de longitud y mayor altura para evitar que los habitantes de la comunidad de El Chical se queden aislados cada \u00e9poca de lluvias. Las obras concluir\u00e1n este mes de marzo.<\/p>\n\n\n\n<p>Respecto al puente Presa Las Trancas, detall\u00f3 que va muy avanzado, es de 600 metros de longitud y se concluir\u00e1 en abril y por lo que toca al puente Las Tunas, dio a conocer que se inici\u00f3 en marzo y se terminar\u00e1 en noviembre.<\/p>\n\n\n\n<p>El titular de la SICT destac\u00f3 que este a\u00f1o se construir\u00e1n en Manzanillo tres puentes de 3.5 km de longitud: el Puente Barrio V , Puente de Ingreso Principal a Manzanillo y el Recinto Portuario Tepeixtles (La Flechita).<\/p>\n\n\n\n<p>En cuanto a la modernizaci\u00f3n de la autopista Armer\u00eda-Manzanillo, Esteva Medina inform\u00f3 que se ampliar\u00e1 de cuatro a seis carriles. Ya se concluyeron 18 kil\u00f3metros y se prev\u00e9 que la obra quede terminada en diciembre de 2026.<\/p>\n\n\n\n<p>Finalmente, dijo que se dar\u00e1 continuidad a los dos caminos artesanales que iniciaron en 2025 y se construir\u00e1n seis kil\u00f3metros m\u00e1s este a\u00f1o, para un total de 12 kil\u00f3metros con una inversi\u00f3n de 75 millones de pesos.<\/p>\n\n\n\n<figure class=\"wp-block-image size-large\"><img fetchpriority=\"high\" decoding=\"async\" width=\"1024\" height=\"684\" src=\"http:\/\/monitortamaulipas.com.mx\/wp-content\/uploads\/2026\/03\/Nacional-3-3-1024x684.jpeg\" alt=\"\" class=\"wp-image-11612\" srcset=\"http:\/\/monitortamaulipas.com.mx\/wp-content\/uploads\/2026\/03\/Nacional-3-3-1024x684.jpeg 1024w, http:\/\/monitortamaulipas.com.mx\/wp-content\/uploads\/2026\/03\/Nacional-3-3-300x200.jpeg 300w, http:\/\/monitortamaulipas.com.mx\/wp-content\/uploads\/2026\/03\/Nacional-3-3-768x513.jpeg 768w, http:\/\/monitortamaulipas.com.mx\/wp-content\/uploads\/2026\/03\/Nacional-3-3-1536x1025.jpeg 1536w, http:\/\/monitortamaulipas.com.mx\/wp-content\/uploads\/2026\/03\/Nacional-3-3-2048x1367.jpeg 2048w\" sizes=\"(max-width: 1024px) 100vw, 1024px\" \/><\/figure>\n","protected":false},"excerpt":{"rendered":"<p>\u25cf El secretario de Infraestructura, Comunicaciones y Transportes, Jes\u00fas Esteva Medina, inform\u00f3 que los trabajos&#8230;<\/p>\n","protected":false},"author":2,"featured_media":11613,"comment_status":"closed","ping_status":"open","sticky":false,"template":"","format":"standard","meta":{"_jetpack_memberships_contains_paid_content":false,"footnotes":"","jetpack_publicize_message":"","jetpack_publicize_feature_enabled":true,"jetpack_social_post_already_shared":true,"jetpack_social_options":{"image_generator_settings":{"template":"highway","default_image_id":0,"font":"","enabled":false},"version":2}},"categories":[7],"tags":[],"class_list":["post-11611","post","type-post","status-publish","format-standard","has-post-thumbnail","hentry","category-monitor-nacional"],"jetpack_publicize_connections":[],"jetpack_featured_media_url":"http:\/\/monitortamaulipas.com.mx\/wp-content\/uploads\/2026\/03\/Nacional-2-9.jpeg","jetpack_sharing_enabled":true,"_links":{"self":[{"href":"http:\/\/monitortamaulipas.com.mx\/index.php?rest_route=\/wp\/v2\/posts\/11611","targetHints":{"allow":["GET"]}}],"collection":[{"href":"http:\/\/monitortamaulipas.com.mx\/index.php?rest_route=\/wp\/v2\/posts"}],"about":[{"href":"http:\/\/monitortamaulipas.com.mx\/index.php?rest_route=\/wp\/v2\/types\/post"}],"author":[{"embeddable":true,"href":"http:\/\/monitortamaulipas.com.mx\/index.php?rest_route=\/wp\/v2\/users\/2"}],"replies":[{"embeddable":true,"href":"http:\/\/monitortamaulipas.com.mx\/index.php?rest_route=%2Fwp%2Fv2%2Fcomments&post=11611"}],"version-history":[{"count":1,"href":"http:\/\/monitortamaulipas.com.mx\/index.php?rest_route=\/wp\/v2\/posts\/11611\/revisions"}],"predecessor-version":[{"id":11614,"href":"http:\/\/monitortamaulipas.com.mx\/index.php?rest_route=\/wp\/v2\/posts\/11611\/revisions\/11614"}],"wp:featuredmedia":[{"embeddable":true,"href":"http:\/\/monitortamaulipas.com.mx\/index.php?rest_route=\/wp\/v2\/media\/11613"}],"wp:attachment":[{"href":"http:\/\/monitortamaulipas.com.mx\/index.php?rest_route=%2Fwp%2Fv2%2Fmedia&parent=11611"}],"wp:term":[{"taxonomy":"category","embeddable":true,"href":"http:\/\/monitortamaulipas.com.mx\/index.php?rest_route=%2Fwp%2Fv2%2Fcategories&post=11611"},{"taxonomy":"post_tag","embeddable":true,"href":"http:\/\/monitortamaulipas.com.mx\/index.php?rest_route=%2Fwp%2Fv2%2Ftags&post=11611"}],"curies":[{"name":"wp","href":"https:\/\/api.w.org\/{rel}","templated":true}]}}