{"id":11592,"date":"2026-03-13T19:33:06","date_gmt":"2026-03-14T00:33:06","guid":{"rendered":"http:\/\/monitortamaulipas.com.mx\/?p=11592"},"modified":"2026-03-13T19:33:11","modified_gmt":"2026-03-14T00:33:11","slug":"mejoramiento-de-calles-y-avenidas-en-victoria-no-se-detiene","status":"publish","type":"post","link":"http:\/\/monitortamaulipas.com.mx\/?p=11592","title":{"rendered":"Mejoramiento de calles y avenidas en Victoria no se detiene."},"content":{"rendered":"\n<p>Cd. Victoria, 13 de marzo de 2026.- Para tener calles y avenidas en \u00f3ptimas condiciones, el gobierno de Victoria, a trav\u00e9s del Departamento de Rehabilitaci\u00f3n de Pavimentos, continua con el programa de bacheo 2026 en colonias y fraccionamientos de la ciudad.<\/p>\n\n\n\n<p>Cuadrillas del municipio atendieron puntos cr\u00edticos en las calles Miguel Hidalgo, Mariano Matamoros, Gardenia de la colonia H\u00e9roe de Nacozari, calle Manuel Jasso Salazar de la Francisco I. Madero y calle Jacaranda de la<br>7 de Noviembre.<\/p>\n\n\n\n<p>Asimismo, se dio respuesta a reportes ciudadanos dirigidos al alcalde de Victoria Eduardo Gatt\u00e1s B\u00e1ez en la calle 9, de Michoac\u00e1n a Rafael Balandrano; avenida Tamaulipas cruce con Michoac\u00e1n del fraccionamiento Valle de Aguayo y calle Crist\u00f3bal Col\u00f3n del fracc. Valle de Aguayo.<\/p>\n\n\n\n<p>Con maquinaria pesada, se realizaron trabajos de rastreo en la calle Teonacaztle de Conjunto Habitacional Las Alamedas, en el camino al Relleno Sanitario y se retir\u00f3 material en la calle Herlinda C. de Garate de la colonia Casas Blancas.<\/p>\n\n\n\n<figure class=\"wp-block-gallery has-nested-images columns-default is-cropped wp-block-gallery-1 is-layout-flex wp-block-gallery-is-layout-flex\">\n<figure class=\"wp-block-image size-large\"><img fetchpriority=\"high\" decoding=\"async\" width=\"1024\" height=\"689\" data-id=\"11595\" src=\"http:\/\/monitortamaulipas.com.mx\/wp-content\/uploads\/2026\/03\/Municipio-2-7-1024x689.jpeg\" alt=\"\" class=\"wp-image-11595\" srcset=\"http:\/\/monitortamaulipas.com.mx\/wp-content\/uploads\/2026\/03\/Municipio-2-7-1024x689.jpeg 1024w, http:\/\/monitortamaulipas.com.mx\/wp-content\/uploads\/2026\/03\/Municipio-2-7-300x202.jpeg 300w, http:\/\/monitortamaulipas.com.mx\/wp-content\/uploads\/2026\/03\/Municipio-2-7-768x517.jpeg 768w, http:\/\/monitortamaulipas.com.mx\/wp-content\/uploads\/2026\/03\/Municipio-2-7.jpeg 1135w\" sizes=\"(max-width: 1024px) 100vw, 1024px\" \/><\/figure>\n\n\n\n<figure class=\"wp-block-image size-large\"><img decoding=\"async\" width=\"985\" height=\"706\" data-id=\"11596\" src=\"http:\/\/monitortamaulipas.com.mx\/wp-content\/uploads\/2026\/03\/Municipio-3-7.jpeg\" alt=\"\" class=\"wp-image-11596\" srcset=\"http:\/\/monitortamaulipas.com.mx\/wp-content\/uploads\/2026\/03\/Municipio-3-7.jpeg 985w, http:\/\/monitortamaulipas.com.mx\/wp-content\/uploads\/2026\/03\/Municipio-3-7-300x215.jpeg 300w, http:\/\/monitortamaulipas.com.mx\/wp-content\/uploads\/2026\/03\/Municipio-3-7-768x550.jpeg 768w\" sizes=\"(max-width: 985px) 100vw, 985px\" \/><\/figure>\n\n\n\n<figure class=\"wp-block-image size-large\"><img decoding=\"async\" width=\"929\" height=\"624\" data-id=\"11594\" src=\"http:\/\/monitortamaulipas.com.mx\/wp-content\/uploads\/2026\/03\/Municipio-4-5.jpeg\" alt=\"\" class=\"wp-image-11594\" srcset=\"http:\/\/monitortamaulipas.com.mx\/wp-content\/uploads\/2026\/03\/Municipio-4-5.jpeg 929w, http:\/\/monitortamaulipas.com.mx\/wp-content\/uploads\/2026\/03\/Municipio-4-5-300x202.jpeg 300w, http:\/\/monitortamaulipas.com.mx\/wp-content\/uploads\/2026\/03\/Municipio-4-5-768x516.jpeg 768w\" sizes=\"(max-width: 929px) 100vw, 929px\" \/><\/figure>\n<\/figure>\n","protected":false},"excerpt":{"rendered":"<p>Cd. Victoria, 13 de marzo de 2026.- Para tener calles y avenidas en \u00f3ptimas condiciones,&#8230;<\/p>\n","protected":false},"author":2,"featured_media":11593,"comment_status":"closed","ping_status":"open","sticky":false,"template":"","format":"standard","meta":{"_jetpack_memberships_contains_paid_content":false,"footnotes":"","jetpack_publicize_message":"","jetpack_publicize_feature_enabled":true,"jetpack_social_post_already_shared":true,"jetpack_social_options":{"image_generator_settings":{"template":"highway","default_image_id":0,"font":"","enabled":false},"version":2}},"categories":[4],"tags":[],"class_list":["post-11592","post","type-post","status-publish","format-standard","has-post-thumbnail","hentry","category-monitor-capitalino"],"jetpack_publicize_connections":[],"jetpack_featured_media_url":"http:\/\/monitortamaulipas.com.mx\/wp-content\/uploads\/2026\/03\/Municipio-1-7.jpeg","jetpack_sharing_enabled":true,"_links":{"self":[{"href":"http:\/\/monitortamaulipas.com.mx\/index.php?rest_route=\/wp\/v2\/posts\/11592","targetHints":{"allow":["GET"]}}],"collection":[{"href":"http:\/\/monitortamaulipas.com.mx\/index.php?rest_route=\/wp\/v2\/posts"}],"about":[{"href":"http:\/\/monitortamaulipas.com.mx\/index.php?rest_route=\/wp\/v2\/types\/post"}],"author":[{"embeddable":true,"href":"http:\/\/monitortamaulipas.com.mx\/index.php?rest_route=\/wp\/v2\/users\/2"}],"replies":[{"embeddable":true,"href":"http:\/\/monitortamaulipas.com.mx\/index.php?rest_route=%2Fwp%2Fv2%2Fcomments&post=11592"}],"version-history":[{"count":1,"href":"http:\/\/monitortamaulipas.com.mx\/index.php?rest_route=\/wp\/v2\/posts\/11592\/revisions"}],"predecessor-version":[{"id":11597,"href":"http:\/\/monitortamaulipas.com.mx\/index.php?rest_route=\/wp\/v2\/posts\/11592\/revisions\/11597"}],"wp:featuredmedia":[{"embeddable":true,"href":"http:\/\/monitortamaulipas.com.mx\/index.php?rest_route=\/wp\/v2\/media\/11593"}],"wp:attachment":[{"href":"http:\/\/monitortamaulipas.com.mx\/index.php?rest_route=%2Fwp%2Fv2%2Fmedia&parent=11592"}],"wp:term":[{"taxonomy":"category","embeddable":true,"href":"http:\/\/monitortamaulipas.com.mx\/index.php?rest_route=%2Fwp%2Fv2%2Fcategories&post=11592"},{"taxonomy":"post_tag","embeddable":true,"href":"http:\/\/monitortamaulipas.com.mx\/index.php?rest_route=%2Fwp%2Fv2%2Ftags&post=11592"}],"curies":[{"name":"wp","href":"https:\/\/api.w.org\/{rel}","templated":true}]}}