{"id":11575,"date":"2026-03-13T19:18:27","date_gmt":"2026-03-14T00:18:27","guid":{"rendered":"http:\/\/monitortamaulipas.com.mx\/?p=11575"},"modified":"2026-03-13T19:18:33","modified_gmt":"2026-03-14T00:18:33","slug":"lanza-itca-domingo-escenico-2026-nueva-convocatoria-del-parque-cultural-reynosa","status":"publish","type":"post","link":"http:\/\/monitortamaulipas.com.mx\/?p=11575","title":{"rendered":"Lanza ITCA \u201cDomingo Esc\u00e9nico 2026\u201d, nueva convocatoria del Parque Cultural Reynosa"},"content":{"rendered":"\n<p>-El Instituto Tamaulipeco para la Cultura y las Artes da a conocer nueva convocatoria con el prop\u00f3sito de abrir espacios a la comunidad art\u00edstica en el norte del estado<\/p>\n\n\n\n<p>Marzo 13 de 2026<\/p>\n\n\n\n<p>Reynosa, Tamaulipas.- Adem\u00e1s de aperturar la din\u00e1mica art\u00edstica para compa\u00f1\u00edas esc\u00e9nicas de Tamaulipas, la convocatoria &#8220;Domingo Esc\u00e9nico 2026&#8243;, del Parque Cultural Reynosa, busca fortalecer la calidad de vida de las familias tamaulipecas mediante el acercamiento a experiencias art\u00edsticas que fomenten el encuentro y la empat\u00eda&#8221;.<\/p>\n\n\n\n<p>&#8220;Queremos que las unidades culturales de la regi\u00f3n sean espacios de convergencia vivos, con una oferta amplia y de calidad para la ciudadan\u00eda, y que adem\u00e1s la comunidad art\u00edstica pueda disponer de foros y oportunidades para exponer su trabajo de forma remunerada\u201d, destac\u00f3 H\u00e9ctor Romero &#8211; Lecanda, director general del Instituto Tamaulipeco para la Cultura y las Artes (ITCA).<\/p>\n\n\n\n<p>\u201cEsa justo ha sido la encomienda del gobernador Am\u00e9rico Villarreal Anaya y por ello estamos apostando por gestionar convocatorias que permitan cumplir ese prop\u00f3sito&#8221;, agreg\u00f3.<\/p>\n\n\n\n<p>La convocatoria est\u00e1 destinada a crear una nueva programaci\u00f3n en el Teatro Experimental del Centro de Arte y Cultura del Parque Cultural Reynosa, haciendo un llamado a artistas, colectivos y compa\u00f1\u00edas profesionales de danza, teatro y m\u00fasica de todo el estado a compartir su talento y conectar con nuevos p\u00fablicos.<\/p>\n\n\n\n<p>LA CULTURA COMO UN PILAR DEL BIENESTAR: UN LLAMADO AL TALENTO TAMAULIPECO<\/p>\n\n\n\n<p>Para conformar una cartelera diversa, incluyente y de alta calidad que visibilice los lenguajes y formatos presentes en la comunidad art\u00edstica del estado, la convocatoria Domingo Esc\u00e9nico busca propuestas ya estrenadas o por estrenar en las disciplinas de Teatro, Danza, M\u00fasica e Interdisciplina (para p\u00fablico infantil, juvenil, familiar o adulto).<\/p>\n\n\n\n<p>As\u00ed mismo, se anticipa que, sin ser factor determinante, que se tomar\u00e1n en cuenta propuestas que promuevan ejes tem\u00e1ticos como la inclusi\u00f3n (perspectiva de g\u00e9nero, diversidad y accesibilidad), experimentaci\u00f3n (nuevos lenguajes y cruces disciplinares), memoria e identidad, y formaci\u00f3n\/profesionalizaci\u00f3n.<\/p>\n\n\n\n<p>&#8220;El arte esc\u00e9nico tiene el poder de reflejar qui\u00e9nes somos y de transformar nuestra realidad diaria. Con &#8216;Domingo Esc\u00e9nico&#8217;, queremos que el Teatro Experimental sea un refugio creativo, un espacio vivo donde cada funci\u00f3n inspire a las personas y fortalezca el tejido social de nuestra comunidad&#8221;, indic\u00f3 Grecia Jim\u00e9nez Pe\u00f1a, directora del Parque Cultural Reynosa.<\/p>\n\n\n\n<p>Las compa\u00f1\u00edas y artistas que resulten beneficiarios, podr\u00e1n hacer uso del Teatro Experimental, con apoyo t\u00e9cnico y operativo y tendr\u00e1n la difusi\u00f3n en medios institucionales del Gobierno del Estado, la Secretar\u00eda de Bienestar Social de Tamaulipas y el ITCA.<\/p>\n\n\n\n<p>Adem\u00e1s, se establecer\u00e1 un esquema de taquilla altamente favorable para los creadores: 70% de los ingresos por boletaje para la compa\u00f1\u00eda y 30% para el recinto.<\/p>\n\n\n\n<figure class=\"wp-block-gallery has-nested-images columns-default is-cropped wp-block-gallery-1 is-layout-flex wp-block-gallery-is-layout-flex\">\n<figure class=\"wp-block-image size-large\"><img fetchpriority=\"high\" decoding=\"async\" width=\"1024\" height=\"682\" data-id=\"11577\" src=\"http:\/\/monitortamaulipas.com.mx\/wp-content\/uploads\/2026\/03\/Cultura-2-1-1024x682.jpeg\" alt=\"\" class=\"wp-image-11577\" srcset=\"http:\/\/monitortamaulipas.com.mx\/wp-content\/uploads\/2026\/03\/Cultura-2-1-1024x682.jpeg 1024w, http:\/\/monitortamaulipas.com.mx\/wp-content\/uploads\/2026\/03\/Cultura-2-1-300x200.jpeg 300w, http:\/\/monitortamaulipas.com.mx\/wp-content\/uploads\/2026\/03\/Cultura-2-1-768x512.jpeg 768w, http:\/\/monitortamaulipas.com.mx\/wp-content\/uploads\/2026\/03\/Cultura-2-1.jpeg 1280w\" sizes=\"(max-width: 1024px) 100vw, 1024px\" \/><\/figure>\n\n\n\n<figure class=\"wp-block-image size-large\"><img decoding=\"async\" width=\"1024\" height=\"682\" data-id=\"11579\" src=\"http:\/\/monitortamaulipas.com.mx\/wp-content\/uploads\/2026\/03\/Cultura-3-1-1024x682.jpeg\" alt=\"\" class=\"wp-image-11579\" srcset=\"http:\/\/monitortamaulipas.com.mx\/wp-content\/uploads\/2026\/03\/Cultura-3-1-1024x682.jpeg 1024w, http:\/\/monitortamaulipas.com.mx\/wp-content\/uploads\/2026\/03\/Cultura-3-1-300x200.jpeg 300w, http:\/\/monitortamaulipas.com.mx\/wp-content\/uploads\/2026\/03\/Cultura-3-1-768x512.jpeg 768w, http:\/\/monitortamaulipas.com.mx\/wp-content\/uploads\/2026\/03\/Cultura-3-1.jpeg 1280w\" sizes=\"(max-width: 1024px) 100vw, 1024px\" \/><\/figure>\n\n\n\n<figure class=\"wp-block-image size-large\"><img decoding=\"async\" width=\"1024\" height=\"682\" data-id=\"11578\" src=\"http:\/\/monitortamaulipas.com.mx\/wp-content\/uploads\/2026\/03\/Cu-1024x682.jpeg\" alt=\"\" class=\"wp-image-11578\" srcset=\"http:\/\/monitortamaulipas.com.mx\/wp-content\/uploads\/2026\/03\/Cu-1024x682.jpeg 1024w, http:\/\/monitortamaulipas.com.mx\/wp-content\/uploads\/2026\/03\/Cu-300x200.jpeg 300w, http:\/\/monitortamaulipas.com.mx\/wp-content\/uploads\/2026\/03\/Cu-768x512.jpeg 768w, http:\/\/monitortamaulipas.com.mx\/wp-content\/uploads\/2026\/03\/Cu.jpeg 1280w\" sizes=\"(max-width: 1024px) 100vw, 1024px\" \/><\/figure>\n<\/figure>\n","protected":false},"excerpt":{"rendered":"<p>-El Instituto Tamaulipeco para la Cultura y las Artes da a conocer nueva convocatoria con&#8230;<\/p>\n","protected":false},"author":2,"featured_media":11576,"comment_status":"closed","ping_status":"open","sticky":false,"template":"","format":"standard","meta":{"_jetpack_memberships_contains_paid_content":false,"footnotes":"","jetpack_publicize_message":"","jetpack_publicize_feature_enabled":true,"jetpack_social_post_already_shared":true,"jetpack_social_options":{"image_generator_settings":{"template":"highway","default_image_id":0,"font":"","enabled":false},"version":2}},"categories":[11],"tags":[],"class_list":["post-11575","post","type-post","status-publish","format-standard","has-post-thumbnail","hentry","category-monitor-en-la-cultura-y-los-espectaculos"],"jetpack_publicize_connections":[],"jetpack_featured_media_url":"http:\/\/monitortamaulipas.com.mx\/wp-content\/uploads\/2026\/03\/Cultura-1-1.jpeg","jetpack_sharing_enabled":true,"_links":{"self":[{"href":"http:\/\/monitortamaulipas.com.mx\/index.php?rest_route=\/wp\/v2\/posts\/11575","targetHints":{"allow":["GET"]}}],"collection":[{"href":"http:\/\/monitortamaulipas.com.mx\/index.php?rest_route=\/wp\/v2\/posts"}],"about":[{"href":"http:\/\/monitortamaulipas.com.mx\/index.php?rest_route=\/wp\/v2\/types\/post"}],"author":[{"embeddable":true,"href":"http:\/\/monitortamaulipas.com.mx\/index.php?rest_route=\/wp\/v2\/users\/2"}],"replies":[{"embeddable":true,"href":"http:\/\/monitortamaulipas.com.mx\/index.php?rest_route=%2Fwp%2Fv2%2Fcomments&post=11575"}],"version-history":[{"count":1,"href":"http:\/\/monitortamaulipas.com.mx\/index.php?rest_route=\/wp\/v2\/posts\/11575\/revisions"}],"predecessor-version":[{"id":11580,"href":"http:\/\/monitortamaulipas.com.mx\/index.php?rest_route=\/wp\/v2\/posts\/11575\/revisions\/11580"}],"wp:featuredmedia":[{"embeddable":true,"href":"http:\/\/monitortamaulipas.com.mx\/index.php?rest_route=\/wp\/v2\/media\/11576"}],"wp:attachment":[{"href":"http:\/\/monitortamaulipas.com.mx\/index.php?rest_route=%2Fwp%2Fv2%2Fmedia&parent=11575"}],"wp:term":[{"taxonomy":"category","embeddable":true,"href":"http:\/\/monitortamaulipas.com.mx\/index.php?rest_route=%2Fwp%2Fv2%2Fcategories&post=11575"},{"taxonomy":"post_tag","embeddable":true,"href":"http:\/\/monitortamaulipas.com.mx\/index.php?rest_route=%2Fwp%2Fv2%2Ftags&post=11575"}],"curies":[{"name":"wp","href":"https:\/\/api.w.org\/{rel}","templated":true}]}}