{"id":11572,"date":"2026-03-13T19:12:32","date_gmt":"2026-03-14T00:12:32","guid":{"rendered":"http:\/\/monitortamaulipas.com.mx\/?p=11572"},"modified":"2026-03-13T19:13:23","modified_gmt":"2026-03-14T00:13:23","slug":"omision-de-pension-alimenticia-sera-violencia-economica","status":"publish","type":"post","link":"http:\/\/monitortamaulipas.com.mx\/?p=11572","title":{"rendered":"Omisi\u00f3n de pensi\u00f3n alimenticia ser\u00e1 violencia econ\u00f3mica"},"content":{"rendered":"\n<p>Propone diputada incluir de manera expl\u00edcita la omisi\u00f3n total o parcial en el pago de pensi\u00f3n alimenticia como violencia econ\u00f3mica en la Ley para Prevenir, Atender, Sancionar y Erradicar la Violencia contra las Mujeres del Estado de Tamaulipas.<\/p>\n\n\n\n<p>\u201cLa violencia econ\u00f3mica limita la autonom\u00eda de las mujeres y afecta directamente su capacidad de subsistencia. Reconocer expl\u00edcitamente la omisi\u00f3n de pensi\u00f3n alimenticia como una forma de violencia econ\u00f3mica es un paso fundamental para proteger los derechos de las mujeres y de la infancia en Tamaulipas\u201d, destac\u00f3 la legisladora Castro Armenta.<\/p>\n\n\n\n<p>La diputada se\u00f1al\u00f3 que esta medida permitir\u00e1 a las autoridades activar mecanismos de protecci\u00f3n m\u00e1s claros y eficaces, garantizando el cumplimiento de las obligaciones alimentarias y fortaleciendo la seguridad econ\u00f3mica de los hogares.<\/p>\n\n\n\n<p>\u201cLa omisi\u00f3n de pensi\u00f3n alimenticia no es solo un problema econ\u00f3mico, sino tambi\u00e9n social y emocional. Con esta reforma, buscamos visibilizar esta forma de violencia y enviar un mensaje claro sobre la corresponsabilidad en el cuidado y sostenimiento de las familias\u201d, se\u00f1al\u00f3.<\/p>\n\n\n\n<p>\u201cCon esta iniciativa, Tamaulipas avanza hacia un marco normativo m\u00e1s s\u00f3lido y en armon\u00eda con los est\u00e1ndares nacionales e internacionales en materia de igualdad de g\u00e9nero y derechos humanos\u201d, concluy\u00f3 la diputada.<\/p>\n\n\n\n<p>La propuesta fue turnada a las Comisiones de Estudios Legislativos Primera y de Igualdad de G\u00e9nero y de la Diversidad para su an\u00e1lisis y dictamen.<\/p>\n","protected":false},"excerpt":{"rendered":"<p>Propone diputada incluir de manera expl\u00edcita la omisi\u00f3n total o parcial en el pago de&#8230;<\/p>\n","protected":false},"author":2,"featured_media":11573,"comment_status":"closed","ping_status":"open","sticky":false,"template":"","format":"standard","meta":{"_jetpack_memberships_contains_paid_content":false,"footnotes":"","jetpack_publicize_message":"","jetpack_publicize_feature_enabled":true,"jetpack_social_post_already_shared":true,"jetpack_social_options":{"image_generator_settings":{"template":"highway","default_image_id":0,"font":"","enabled":false},"version":2}},"categories":[6],"tags":[],"class_list":["post-11572","post","type-post","status-publish","format-standard","has-post-thumbnail","hentry","category-monitor-estatal"],"jetpack_publicize_connections":[],"jetpack_featured_media_url":"http:\/\/monitortamaulipas.com.mx\/wp-content\/uploads\/2026\/03\/Estatal-1-6.jpeg","jetpack_sharing_enabled":true,"_links":{"self":[{"href":"http:\/\/monitortamaulipas.com.mx\/index.php?rest_route=\/wp\/v2\/posts\/11572","targetHints":{"allow":["GET"]}}],"collection":[{"href":"http:\/\/monitortamaulipas.com.mx\/index.php?rest_route=\/wp\/v2\/posts"}],"about":[{"href":"http:\/\/monitortamaulipas.com.mx\/index.php?rest_route=\/wp\/v2\/types\/post"}],"author":[{"embeddable":true,"href":"http:\/\/monitortamaulipas.com.mx\/index.php?rest_route=\/wp\/v2\/users\/2"}],"replies":[{"embeddable":true,"href":"http:\/\/monitortamaulipas.com.mx\/index.php?rest_route=%2Fwp%2Fv2%2Fcomments&post=11572"}],"version-history":[{"count":1,"href":"http:\/\/monitortamaulipas.com.mx\/index.php?rest_route=\/wp\/v2\/posts\/11572\/revisions"}],"predecessor-version":[{"id":11574,"href":"http:\/\/monitortamaulipas.com.mx\/index.php?rest_route=\/wp\/v2\/posts\/11572\/revisions\/11574"}],"wp:featuredmedia":[{"embeddable":true,"href":"http:\/\/monitortamaulipas.com.mx\/index.php?rest_route=\/wp\/v2\/media\/11573"}],"wp:attachment":[{"href":"http:\/\/monitortamaulipas.com.mx\/index.php?rest_route=%2Fwp%2Fv2%2Fmedia&parent=11572"}],"wp:term":[{"taxonomy":"category","embeddable":true,"href":"http:\/\/monitortamaulipas.com.mx\/index.php?rest_route=%2Fwp%2Fv2%2Fcategories&post=11572"},{"taxonomy":"post_tag","embeddable":true,"href":"http:\/\/monitortamaulipas.com.mx\/index.php?rest_route=%2Fwp%2Fv2%2Ftags&post=11572"}],"curies":[{"name":"wp","href":"https:\/\/api.w.org\/{rel}","templated":true}]}}