{"id":11537,"date":"2026-03-12T19:37:58","date_gmt":"2026-03-13T00:37:58","guid":{"rendered":"http:\/\/monitortamaulipas.com.mx\/?p=11537"},"modified":"2026-03-12T19:38:06","modified_gmt":"2026-03-13T00:38:06","slug":"firma-poder-judicial-convenio-con-municipios-del-altiplano-para-implementar-programa-de-juzgado-itinerante","status":"publish","type":"post","link":"http:\/\/monitortamaulipas.com.mx\/?p=11537","title":{"rendered":"Firma Poder Judicial convenio con municipios del Altiplano para implementar programa de Juzgado Itinerante"},"content":{"rendered":"\n<p>Palmillas, Tamaulipas | 11 de Marzo de 2026<\/p>\n\n\n\n<p>En el municipio de Palmillas, el Poder Judicial del Estado de Tamaulipas firm\u00f3 un convenio de colaboraci\u00f3n con los ayuntamientos de Bustamante, Jaumave, Miquihuana y Palmillas para implementar el programa de Juzgado Itinerante, mediante el cual los municipios brindar\u00e1n un espacio dentro de sus presidencias municipales para el desarrollo de estas jornadas judiciales.<\/p>\n\n\n\n<p>El acuerdo fue suscrito por la Magistrada Presidenta del Poder Judicial del Estado, Tania Contreras L\u00f3pez, junto con el presidente municipal de Jaumave, Manuel B\u00e1ez Mart\u00ednez; la presidenta municipal de Bustamante, Maricela Rodr\u00edguez Gonz\u00e1lez; la presidenta municipal de Miquihuana, Gladis Magalis Vargas Rangel; y la presidenta municipal de Palmillas, Sindy Paoleth Monita Ram\u00edrez.<\/p>\n\n\n\n<p>Durante el evento, la presidenta municipal de Palmillas, Sindy Paoleth Monita Ram\u00edrez, ofreci\u00f3 un mensaje de bienvenida y destac\u00f3 la importancia de fortalecer la colaboraci\u00f3n institucional para acercar los servicios de justicia a las comunidades del Altiplano.<\/p>\n\n\n\n<p>En su intervenci\u00f3n, la Magistrada Presidenta explic\u00f3 que este programa responde a una necesidad hist\u00f3rica en la regi\u00f3n, donde durante muchos a\u00f1os las personas han tenido que trasladarse a otros municipios para atender asuntos legales. En ese sentido expres\u00f3: \u201ccuando la justicia est\u00e1 lejos, los derechos tambi\u00e9n se vuelven lejanos.\u201d<\/p>\n\n\n\n<p>Asimismo, record\u00f3 el compromiso adquirido con la ciudadan\u00eda durante el proceso electoral: \u201cLas magistradas y magistrados que hoy estamos aqu\u00ed recorrimos esta regi\u00f3n durante el proceso electoral. Caminamos sus calles, escuchamos a muchas personas y conocimos de primera mano las dificultades que enfrentan para acceder a distintos servicios del Estado, entre ellos la justicia. Por eso regresar hoy aqu\u00ed tiene un significado especial. Porque regresamos con una respuesta.\u201d<\/p>\n\n\n\n<p>En la firma del convenio participaron como testigos de honor la Mtra. Roxana Guerrero Galv\u00e1n, directora del Instituto de la Defensor\u00eda P\u00fablica del Estado de Tamaulipas, y el Mtro. Roberto Carlos Ru\u00edz Silva, titular de la Delegaci\u00f3n del Instituto Federal de Defensor\u00eda P\u00fablica en Tamaulipas.<\/p>\n\n\n\n<figure class=\"wp-block-gallery has-nested-images columns-default is-cropped wp-block-gallery-1 is-layout-flex wp-block-gallery-is-layout-flex\">\n<figure class=\"wp-block-image size-large\"><img fetchpriority=\"high\" decoding=\"async\" width=\"1024\" height=\"683\" data-id=\"11539\" src=\"http:\/\/monitortamaulipas.com.mx\/wp-content\/uploads\/2026\/03\/Estado-2-3-1024x683.jpeg\" alt=\"\" class=\"wp-image-11539\" srcset=\"http:\/\/monitortamaulipas.com.mx\/wp-content\/uploads\/2026\/03\/Estado-2-3-1024x683.jpeg 1024w, http:\/\/monitortamaulipas.com.mx\/wp-content\/uploads\/2026\/03\/Estado-2-3-300x200.jpeg 300w, http:\/\/monitortamaulipas.com.mx\/wp-content\/uploads\/2026\/03\/Estado-2-3-768x512.jpeg 768w, http:\/\/monitortamaulipas.com.mx\/wp-content\/uploads\/2026\/03\/Estado-2-3.jpeg 1280w\" sizes=\"(max-width: 1024px) 100vw, 1024px\" \/><\/figure>\n\n\n\n<figure class=\"wp-block-image size-large\"><img decoding=\"async\" width=\"1024\" height=\"683\" data-id=\"11540\" src=\"http:\/\/monitortamaulipas.com.mx\/wp-content\/uploads\/2026\/03\/Estado-3-2-1024x683.jpeg\" alt=\"\" class=\"wp-image-11540\" srcset=\"http:\/\/monitortamaulipas.com.mx\/wp-content\/uploads\/2026\/03\/Estado-3-2-1024x683.jpeg 1024w, http:\/\/monitortamaulipas.com.mx\/wp-content\/uploads\/2026\/03\/Estado-3-2-300x200.jpeg 300w, http:\/\/monitortamaulipas.com.mx\/wp-content\/uploads\/2026\/03\/Estado-3-2-768x512.jpeg 768w, http:\/\/monitortamaulipas.com.mx\/wp-content\/uploads\/2026\/03\/Estado-3-2.jpeg 1280w\" sizes=\"(max-width: 1024px) 100vw, 1024px\" \/><\/figure>\n<\/figure>\n","protected":false},"excerpt":{"rendered":"<p>Palmillas, Tamaulipas | 11 de Marzo de 2026 En el municipio de Palmillas, el Poder&#8230;<\/p>\n","protected":false},"author":2,"featured_media":11538,"comment_status":"closed","ping_status":"open","sticky":false,"template":"","format":"standard","meta":{"_jetpack_memberships_contains_paid_content":false,"footnotes":"","jetpack_publicize_message":"","jetpack_publicize_feature_enabled":true,"jetpack_social_post_already_shared":true,"jetpack_social_options":{"image_generator_settings":{"template":"highway","default_image_id":0,"font":"","enabled":false},"version":2}},"categories":[6],"tags":[],"class_list":["post-11537","post","type-post","status-publish","format-standard","has-post-thumbnail","hentry","category-monitor-estatal"],"jetpack_publicize_connections":[],"jetpack_featured_media_url":"http:\/\/monitortamaulipas.com.mx\/wp-content\/uploads\/2026\/03\/Estado-1-2.jpeg","jetpack_sharing_enabled":true,"_links":{"self":[{"href":"http:\/\/monitortamaulipas.com.mx\/index.php?rest_route=\/wp\/v2\/posts\/11537","targetHints":{"allow":["GET"]}}],"collection":[{"href":"http:\/\/monitortamaulipas.com.mx\/index.php?rest_route=\/wp\/v2\/posts"}],"about":[{"href":"http:\/\/monitortamaulipas.com.mx\/index.php?rest_route=\/wp\/v2\/types\/post"}],"author":[{"embeddable":true,"href":"http:\/\/monitortamaulipas.com.mx\/index.php?rest_route=\/wp\/v2\/users\/2"}],"replies":[{"embeddable":true,"href":"http:\/\/monitortamaulipas.com.mx\/index.php?rest_route=%2Fwp%2Fv2%2Fcomments&post=11537"}],"version-history":[{"count":1,"href":"http:\/\/monitortamaulipas.com.mx\/index.php?rest_route=\/wp\/v2\/posts\/11537\/revisions"}],"predecessor-version":[{"id":11541,"href":"http:\/\/monitortamaulipas.com.mx\/index.php?rest_route=\/wp\/v2\/posts\/11537\/revisions\/11541"}],"wp:featuredmedia":[{"embeddable":true,"href":"http:\/\/monitortamaulipas.com.mx\/index.php?rest_route=\/wp\/v2\/media\/11538"}],"wp:attachment":[{"href":"http:\/\/monitortamaulipas.com.mx\/index.php?rest_route=%2Fwp%2Fv2%2Fmedia&parent=11537"}],"wp:term":[{"taxonomy":"category","embeddable":true,"href":"http:\/\/monitortamaulipas.com.mx\/index.php?rest_route=%2Fwp%2Fv2%2Fcategories&post=11537"},{"taxonomy":"post_tag","embeddable":true,"href":"http:\/\/monitortamaulipas.com.mx\/index.php?rest_route=%2Fwp%2Fv2%2Ftags&post=11537"}],"curies":[{"name":"wp","href":"https:\/\/api.w.org\/{rel}","templated":true}]}}