{"id":11517,"date":"2026-03-11T19:09:45","date_gmt":"2026-03-12T00:09:45","guid":{"rendered":"http:\/\/monitortamaulipas.com.mx\/?p=11517"},"modified":"2026-03-11T19:09:50","modified_gmt":"2026-03-12T00:09:50","slug":"recibe-congreso-agenda-juvenil-de-estudiantes-de-secundaria","status":"publish","type":"post","link":"http:\/\/monitortamaulipas.com.mx\/?p=11517","title":{"rendered":"Recibe Congreso agenda juvenil de estudiantes de secundaria"},"content":{"rendered":"\n<p>En un espacio de expresi\u00f3n, recibi\u00f3 el Congreso local Agenda Local elaborada por 300 estudiantes de nivel secundaria como parte del proyecto \u201cJ\u00f3venes con Voz: Igualdad desde las Aulas\u201d.<\/p>\n\n\n\n<p>En representaci\u00f3n del presidente de la Junta de Gobierno del Congreso del Estado, el diputado Humberto Armando Prieto Herrera, la legisladora&nbsp;Yuriria&nbsp;Iturbe V\u00e1zquez, presidenta de la Comisi\u00f3n de Educaci\u00f3n, recibi\u00f3 la Agenda Local.<\/p>\n\n\n\n<p>Durante el foro \u201cJuventud que Decide\u201d, realizado en el Auditorio del Congreso, la legisladora reconoci\u00f3 el esfuerzo de las y los j\u00f3venes participantes y destac\u00f3 la importancia de escuchar sus propuestas para fortalecer las pol\u00edticas p\u00fablicas en materia educativa y de igualdad.<\/p>\n\n\n\n<p>\u201cEste documento vale oro, porque refleja el sentir, el pensar y las propuestas de las juventudes. Desde el Congreso vamos a analizar cada planteamiento con la seriedad que merece, porque aqu\u00ed es donde se generan los cambios en la ley\u201d, expres\u00f3 la diputada Iturbe V\u00e1zquez.<\/p>\n\n\n\n<p>Las propuestas fueron presentadas por los estudiantes Luis Manuel Silva Sarmiento,&nbsp;DalishaG\u00e9nesis Gonz\u00e1lez Ram\u00edrez y Rebeca&nbsp;Kumary&nbsp;Garza, quienes, en representaci\u00f3n de las y los participantes del proyecto impulsado por la Asociaci\u00f3n Civil Vive Mujer A.C. y el Instituto Nacional Electoral, expusieron acciones enfocadas en la igualdad de g\u00e9nero, la prevenci\u00f3n de la violencia escolar y la promoci\u00f3n del liderazgo juvenil.<\/p>\n\n\n\n<p>Al recibir la agenda, la diputada reiter\u00f3 el compromiso del Poder Legislativo para dar seguimiento a las iniciativas surgidas desde las aulas.<\/p>\n\n\n\n<p>\u201cVamos a revisar este documento y canalizar las propuestas a las comisiones correspondientes. Queremos que sepan que su esfuerzo no ser\u00e1 en vano; les informaremos qu\u00e9 acciones se emprender\u00e1n a partir de este trabajo\u201d, afirm\u00f3.<\/p>\n\n\n\n<p>El proyecto reuni\u00f3 a estudiantes de ocho planteles de secundaria del estado, quienes durante varios meses participaron en talleres y diagn\u00f3sticos participativos para identificar problem\u00e1ticas y plantear soluciones orientadas a fortalecer la igualdad, la inclusi\u00f3n y la participaci\u00f3n juvenil en sus comunidades escolares.<\/p>\n\n\n\n<figure class=\"wp-block-gallery has-nested-images columns-default is-cropped wp-block-gallery-1 is-layout-flex wp-block-gallery-is-layout-flex\">\n<figure class=\"wp-block-image size-large\"><img fetchpriority=\"high\" decoding=\"async\" width=\"1024\" height=\"682\" data-id=\"11519\" src=\"http:\/\/monitortamaulipas.com.mx\/wp-content\/uploads\/2026\/03\/Estatal-6-1-1024x682.jpeg\" alt=\"\" class=\"wp-image-11519\" srcset=\"http:\/\/monitortamaulipas.com.mx\/wp-content\/uploads\/2026\/03\/Estatal-6-1-1024x682.jpeg 1024w, http:\/\/monitortamaulipas.com.mx\/wp-content\/uploads\/2026\/03\/Estatal-6-1-300x200.jpeg 300w, http:\/\/monitortamaulipas.com.mx\/wp-content\/uploads\/2026\/03\/Estatal-6-1-768x512.jpeg 768w, http:\/\/monitortamaulipas.com.mx\/wp-content\/uploads\/2026\/03\/Estatal-6-1.jpeg 1280w\" sizes=\"(max-width: 1024px) 100vw, 1024px\" \/><\/figure>\n\n\n\n<figure class=\"wp-block-image size-large\"><img decoding=\"async\" width=\"1024\" height=\"682\" data-id=\"11520\" src=\"http:\/\/monitortamaulipas.com.mx\/wp-content\/uploads\/2026\/03\/Estatal-7-1-1024x682.jpeg\" alt=\"\" class=\"wp-image-11520\" srcset=\"http:\/\/monitortamaulipas.com.mx\/wp-content\/uploads\/2026\/03\/Estatal-7-1-1024x682.jpeg 1024w, http:\/\/monitortamaulipas.com.mx\/wp-content\/uploads\/2026\/03\/Estatal-7-1-300x200.jpeg 300w, http:\/\/monitortamaulipas.com.mx\/wp-content\/uploads\/2026\/03\/Estatal-7-1-768x512.jpeg 768w, http:\/\/monitortamaulipas.com.mx\/wp-content\/uploads\/2026\/03\/Estatal-7-1.jpeg 1280w\" sizes=\"(max-width: 1024px) 100vw, 1024px\" \/><\/figure>\n<\/figure>\n","protected":false},"excerpt":{"rendered":"<p>En un espacio de expresi\u00f3n, recibi\u00f3 el Congreso local Agenda Local elaborada por 300 estudiantes&#8230;<\/p>\n","protected":false},"author":2,"featured_media":11518,"comment_status":"closed","ping_status":"open","sticky":false,"template":"","format":"standard","meta":{"_jetpack_memberships_contains_paid_content":false,"footnotes":"","jetpack_publicize_message":"","jetpack_publicize_feature_enabled":true,"jetpack_social_post_already_shared":true,"jetpack_social_options":{"image_generator_settings":{"template":"highway","default_image_id":0,"font":"","enabled":false},"version":2}},"categories":[6],"tags":[],"class_list":["post-11517","post","type-post","status-publish","format-standard","has-post-thumbnail","hentry","category-monitor-estatal"],"jetpack_publicize_connections":[],"jetpack_featured_media_url":"http:\/\/monitortamaulipas.com.mx\/wp-content\/uploads\/2026\/03\/Estatal-5-2.jpeg","jetpack_sharing_enabled":true,"_links":{"self":[{"href":"http:\/\/monitortamaulipas.com.mx\/index.php?rest_route=\/wp\/v2\/posts\/11517","targetHints":{"allow":["GET"]}}],"collection":[{"href":"http:\/\/monitortamaulipas.com.mx\/index.php?rest_route=\/wp\/v2\/posts"}],"about":[{"href":"http:\/\/monitortamaulipas.com.mx\/index.php?rest_route=\/wp\/v2\/types\/post"}],"author":[{"embeddable":true,"href":"http:\/\/monitortamaulipas.com.mx\/index.php?rest_route=\/wp\/v2\/users\/2"}],"replies":[{"embeddable":true,"href":"http:\/\/monitortamaulipas.com.mx\/index.php?rest_route=%2Fwp%2Fv2%2Fcomments&post=11517"}],"version-history":[{"count":1,"href":"http:\/\/monitortamaulipas.com.mx\/index.php?rest_route=\/wp\/v2\/posts\/11517\/revisions"}],"predecessor-version":[{"id":11521,"href":"http:\/\/monitortamaulipas.com.mx\/index.php?rest_route=\/wp\/v2\/posts\/11517\/revisions\/11521"}],"wp:featuredmedia":[{"embeddable":true,"href":"http:\/\/monitortamaulipas.com.mx\/index.php?rest_route=\/wp\/v2\/media\/11518"}],"wp:attachment":[{"href":"http:\/\/monitortamaulipas.com.mx\/index.php?rest_route=%2Fwp%2Fv2%2Fmedia&parent=11517"}],"wp:term":[{"taxonomy":"category","embeddable":true,"href":"http:\/\/monitortamaulipas.com.mx\/index.php?rest_route=%2Fwp%2Fv2%2Fcategories&post=11517"},{"taxonomy":"post_tag","embeddable":true,"href":"http:\/\/monitortamaulipas.com.mx\/index.php?rest_route=%2Fwp%2Fv2%2Ftags&post=11517"}],"curies":[{"name":"wp","href":"https:\/\/api.w.org\/{rel}","templated":true}]}}