{"id":11484,"date":"2026-03-11T18:44:47","date_gmt":"2026-03-11T23:44:47","guid":{"rendered":"http:\/\/monitortamaulipas.com.mx\/?p=11484"},"modified":"2026-03-11T18:44:55","modified_gmt":"2026-03-11T23:44:55","slug":"ine-se-reune-con-vocalias-de-nuevo-leon-tamaulipas-y-coahuila-para-dar-seguimiento-a-trabajos-institucionales","status":"publish","type":"post","link":"http:\/\/monitortamaulipas.com.mx\/?p=11484","title":{"rendered":"INE se re\u00fane con vocal\u00edas de Nuevo Le\u00f3n, Tamaulipas y Coahuila para dar seguimiento a trabajos institucionales"},"content":{"rendered":"\n<p>\u2022&nbsp;<strong><em>Secretaria Ejecutiva y Consejero Jorge Monta\u00f1o encabezan reuni\u00f3n de seguimiento y evaluaci\u00f3n<\/em><\/strong><\/p>\n\n\n\n<p>El Consejero del Instituto Nacional Electoral (INE), Jorge Monta\u00f1o Ventura, ofreci\u00f3 una conferencia de prensa en el marco de una reuni\u00f3n de trabajo en la Junta Local Ejecutiva del Instituto en el estado de Nuevo Le\u00f3n, con el objetivo de dar seguimiento y evaluar el avance de las actividades institucionales que se desarrollan en la regi\u00f3n.<\/p>\n\n\n\n<p>Durante un encuentro con medios de comunicaci\u00f3n, el Consejero explic\u00f3 que la ciudad de Monterrey fue elegida como sede de esta jornada de trabajo debido a su posici\u00f3n estrat\u00e9gica, lo que permiti\u00f3 reunir a representantes de las Juntas Locales Ejecutivas de Tamaulipas, Coahuila y Nuevo Le\u00f3n, en un ejercicio de coordinaci\u00f3n orientado a fortalecer la organizaci\u00f3n electoral.<\/p>\n\n\n\n<p>Monta\u00f1o Ventura se\u00f1al\u00f3 que estas reuniones permiten revisar de manera puntual el cumplimiento de las actividades programadas, as\u00ed como intercambiar experiencias para fortalecer los procesos de organizaci\u00f3n y el seguimiento de los trabajos que se desarrollan en cada entidad.<\/p>\n\n\n\n<p>En el caso de Coahuila, resalt\u00f3, que el an\u00e1lisis se centra particularmente en el avance del proceso electoral que actualmente se desarrolla en esa entidad, mientras que en los dem\u00e1s estados se revisan las tareas ordinarias del Instituto.<\/p>\n\n\n\n<p>El Consejero Electoral agradeci\u00f3 la disposici\u00f3n de la Vocal Ejecutiva de la Junta Local Ejecutiva del INE en Nuevo Le\u00f3n, Olga Alicia Castro Ram\u00edrez, por facilitar las instalaciones para llevar a cabo estos trabajos, as\u00ed como al personal de la Junta Local y de las Juntas Distritales de la entidad por su colaboraci\u00f3n.<\/p>\n\n\n\n<p>En las reuniones se contar\u00e1 con la participaci\u00f3n de la Secretaria Ejecutiva del INE, Claudia Arlett Espino, el Encargado del Despacho de la Unidad T\u00e9cnica de Vinculaci\u00f3n con los Organismos P\u00fablicos Locales, Pedro Pablo Chirinos y representantes de los organismos electorales locales.<\/p>\n\n\n\n<p>Respecto a la discusi\u00f3n de una posible reforma electoral, el Consejero Monta\u00f1o subray\u00f3 que el Instituto contin\u00faa desarrollando sus funciones con normalidad mientras se define el rumbo de la reforma.<\/p>\n\n\n\n<p>En ese sentido, inform\u00f3 que el INE prev\u00e9 avanzar con el proceso de designaci\u00f3n de 22 consejer\u00edas electorales locales, cuya convocatoria ser\u00e1 sometida a consideraci\u00f3n del Consejo General el pr\u00f3ximo 24 de marzo.<\/p>\n\n\n\n<p>Finalmente, Jorge Monta\u00f1o destac\u00f3 que el modelo electoral mexicano ha demostrado su eficacia y capacidad de adaptaci\u00f3n, lo que ha permitido garantizar el derecho al voto de la ciudadan\u00eda en distintos procesos electorales, incluso frente a ajustes presupuestales.<\/p>\n\n\n\n<figure class=\"wp-block-image size-large\"><img fetchpriority=\"high\" decoding=\"async\" width=\"1024\" height=\"509\" src=\"http:\/\/monitortamaulipas.com.mx\/wp-content\/uploads\/2026\/03\/Nacional-2-7-1024x509.jpeg\" alt=\"\" class=\"wp-image-11486\" srcset=\"http:\/\/monitortamaulipas.com.mx\/wp-content\/uploads\/2026\/03\/Nacional-2-7-1024x509.jpeg 1024w, http:\/\/monitortamaulipas.com.mx\/wp-content\/uploads\/2026\/03\/Nacional-2-7-300x149.jpeg 300w, http:\/\/monitortamaulipas.com.mx\/wp-content\/uploads\/2026\/03\/Nacional-2-7-768x382.jpeg 768w, http:\/\/monitortamaulipas.com.mx\/wp-content\/uploads\/2026\/03\/Nacional-2-7-1536x764.jpeg 1536w, http:\/\/monitortamaulipas.com.mx\/wp-content\/uploads\/2026\/03\/Nacional-2-7.jpeg 1600w\" sizes=\"(max-width: 1024px) 100vw, 1024px\" \/><\/figure>\n","protected":false},"excerpt":{"rendered":"<p>\u2022&nbsp;Secretaria Ejecutiva y Consejero Jorge Monta\u00f1o encabezan reuni\u00f3n de seguimiento y evaluaci\u00f3n El Consejero del&#8230;<\/p>\n","protected":false},"author":2,"featured_media":11485,"comment_status":"closed","ping_status":"open","sticky":false,"template":"","format":"standard","meta":{"_jetpack_memberships_contains_paid_content":false,"footnotes":"","jetpack_publicize_message":"","jetpack_publicize_feature_enabled":true,"jetpack_social_post_already_shared":true,"jetpack_social_options":{"image_generator_settings":{"template":"highway","default_image_id":0,"font":"","enabled":false},"version":2}},"categories":[7],"tags":[],"class_list":["post-11484","post","type-post","status-publish","format-standard","has-post-thumbnail","hentry","category-monitor-nacional"],"jetpack_publicize_connections":[],"jetpack_featured_media_url":"http:\/\/monitortamaulipas.com.mx\/wp-content\/uploads\/2026\/03\/Nacional-1-6.jpeg","jetpack_sharing_enabled":true,"_links":{"self":[{"href":"http:\/\/monitortamaulipas.com.mx\/index.php?rest_route=\/wp\/v2\/posts\/11484","targetHints":{"allow":["GET"]}}],"collection":[{"href":"http:\/\/monitortamaulipas.com.mx\/index.php?rest_route=\/wp\/v2\/posts"}],"about":[{"href":"http:\/\/monitortamaulipas.com.mx\/index.php?rest_route=\/wp\/v2\/types\/post"}],"author":[{"embeddable":true,"href":"http:\/\/monitortamaulipas.com.mx\/index.php?rest_route=\/wp\/v2\/users\/2"}],"replies":[{"embeddable":true,"href":"http:\/\/monitortamaulipas.com.mx\/index.php?rest_route=%2Fwp%2Fv2%2Fcomments&post=11484"}],"version-history":[{"count":1,"href":"http:\/\/monitortamaulipas.com.mx\/index.php?rest_route=\/wp\/v2\/posts\/11484\/revisions"}],"predecessor-version":[{"id":11487,"href":"http:\/\/monitortamaulipas.com.mx\/index.php?rest_route=\/wp\/v2\/posts\/11484\/revisions\/11487"}],"wp:featuredmedia":[{"embeddable":true,"href":"http:\/\/monitortamaulipas.com.mx\/index.php?rest_route=\/wp\/v2\/media\/11485"}],"wp:attachment":[{"href":"http:\/\/monitortamaulipas.com.mx\/index.php?rest_route=%2Fwp%2Fv2%2Fmedia&parent=11484"}],"wp:term":[{"taxonomy":"category","embeddable":true,"href":"http:\/\/monitortamaulipas.com.mx\/index.php?rest_route=%2Fwp%2Fv2%2Fcategories&post=11484"},{"taxonomy":"post_tag","embeddable":true,"href":"http:\/\/monitortamaulipas.com.mx\/index.php?rest_route=%2Fwp%2Fv2%2Ftags&post=11484"}],"curies":[{"name":"wp","href":"https:\/\/api.w.org\/{rel}","templated":true}]}}