{"id":11472,"date":"2026-03-11T00:06:42","date_gmt":"2026-03-11T05:06:42","guid":{"rendered":"http:\/\/monitortamaulipas.com.mx\/?p=11472"},"modified":"2026-03-11T00:06:47","modified_gmt":"2026-03-11T05:06:47","slug":"promtel-impulsa-a-pequenos-operadores-para-ampliar-conectividad-en-el-pais","status":"publish","type":"post","link":"http:\/\/monitortamaulipas.com.mx\/?p=11472","title":{"rendered":"Promtel impulsa a peque\u00f1os operadores para ampliar conectividad en el pa\u00eds"},"content":{"rendered":"\n<h2 class=\"wp-block-heading\">\u2022 El objetivo es acercar diversas soluciones y apoyos para el desarrollo y fortalecimiento de este sector \u2022 Se anunciaron incentivos hist\u00f3ricos, como exenci\u00f3n o descuentos de hasta 60% en el pago de derechos por uso del espectro<\/h2>\n\n\n\n<p>Promtel llev\u00f3 a cabo el primer encuentro con peque\u00f1os operadores<\/p>\n\n\n\n<p>El \u00f3rgano Promotor de Inversiones en Telecomunicaciones (Promtel) llev\u00f3 a cabo el primer encuentro con peque\u00f1os operadores, con la finalidad de anunciar incentivos e impulsar su crecimiento para ayudar a cerrar la brecha digital en todo el territorio nacional.<\/p>\n\n\n\n<p>Durante el encuentro, realizado en la sede del Instituto de Administraci\u00f3n y Aval\u00faos de Bienes Nacionales (INDAABIN), la titular de Promtel, Elizabeth Sosa Hern\u00e1ndez, destac\u00f3 que los peque\u00f1os operadores de telecomunicaciones, por sus caracter\u00edsticas, resultan relevantes para llevar conectividad a todas las regiones del pa\u00eds, pues no s\u00f3lo depende de las grandes compa\u00f1\u00edas.&nbsp;<\/p>\n\n\n\n<p>\u201cUstedes tienen cercan\u00eda con las comunidades, flexibilidad para adaptarse a las realidades locales y modelos de negocio que responden a contextos espec\u00edficos pero, adem\u00e1s, tienen algo que resulta fundamental para el desarrollo territorial: Un compromiso genuino con el crecimiento de su regiones\u201d, destac\u00f3 Sosa.<\/p>\n\n\n\n<p>Asimismo, resalt\u00f3 que se trata de una pol\u00edtica de articulaci\u00f3n institucional que no busca sancionar sino habilitar el despliegue de infraestructura, abrir oportunidades, habilitar derechos y construir condiciones para el desarrollo econ\u00f3mico y social de sus comunidades.<\/p>\n\n\n\n<p>En tanto, la presidenta Comisionada de la Comisi\u00f3n Reguladora de Telecomunicaciones (CRT), Norma Solano Rodr\u00edguez, agreg\u00f3 que el objetivo es conectar 126 mil localidades del pa\u00eds que albergan a m\u00e1s de ocho millones de personas, a trav\u00e9s de descuentos hist\u00f3ricos que incluyen desde la exenci\u00f3n en el pago de derechos por el uso de espectro en localidades sin conectividad previa, hasta 60% de descuento en localidades conectadas.<\/p>\n\n\n\n<p>\u201cLa labor de los peque\u00f1os operadores para llegar a esas zonas es fundamental\u201d, extern\u00f3 Solano, quien destac\u00f3 que se trabaja en una Ventanilla Digital Nacional de Telecomunicaciones y en la estrategia de simplificaci\u00f3n regulatoria para la homologaci\u00f3n de tr\u00e1mites en todo el pa\u00eds&nbsp; que faciliten la instalaci\u00f3n, mantenimiento y retiro de infraestructura.<\/p>\n\n\n\n<p>El director de Pol\u00edtica de Telecomunicaciones de la Agencia de Transformaci\u00f3n Digital (ATDT), Alonso Romero Guti\u00e9rrez, resalt\u00f3 que los peque\u00f1os operadores son pieza clave del ecosistema de telecomunicaciones y abarcan 99% de este sector, por lo que son pieza clave en el Plan Nacional de Conectividad, con el que se busca tambi\u00e9n promover sinergias para incentivar la compartici\u00f3n de infraestructura.<\/p>\n\n\n\n<p>Sosa celebr\u00f3 que este encuentro, al que tambi\u00e9n asisti\u00f3 el presidente del INDAABIN, Pablo Escalona Almeraya, permitir\u00e1 acercar a los peque\u00f1os operadores con empresas tecnol\u00f3gicas y proveedores de soluciones en fibra \u00f3ptica, conectividad satelital, microondas y tecnolog\u00edas inal\u00e1mbricas para ampliar sus oportunidades de despliegue y expansi\u00f3n de redes.&nbsp;<\/p>\n\n\n\n<figure class=\"wp-block-gallery has-nested-images columns-default is-cropped wp-block-gallery-1 is-layout-flex wp-block-gallery-is-layout-flex\">\n<figure class=\"wp-block-image size-large\"><img fetchpriority=\"high\" decoding=\"async\" width=\"1024\" height=\"682\" data-id=\"11474\" src=\"http:\/\/monitortamaulipas.com.mx\/wp-content\/uploads\/2026\/03\/Nacional-3-1-1024x682.jpeg\" alt=\"\" class=\"wp-image-11474\" srcset=\"http:\/\/monitortamaulipas.com.mx\/wp-content\/uploads\/2026\/03\/Nacional-3-1-1024x682.jpeg 1024w, http:\/\/monitortamaulipas.com.mx\/wp-content\/uploads\/2026\/03\/Nacional-3-1-300x200.jpeg 300w, http:\/\/monitortamaulipas.com.mx\/wp-content\/uploads\/2026\/03\/Nacional-3-1-768x512.jpeg 768w, http:\/\/monitortamaulipas.com.mx\/wp-content\/uploads\/2026\/03\/Nacional-3-1-1536x1024.jpeg 1536w, http:\/\/monitortamaulipas.com.mx\/wp-content\/uploads\/2026\/03\/Nacional-3-1-2048x1365.jpeg 2048w\" sizes=\"(max-width: 1024px) 100vw, 1024px\" \/><\/figure>\n\n\n\n<figure class=\"wp-block-image size-large\"><img decoding=\"async\" width=\"1024\" height=\"699\" data-id=\"11475\" src=\"http:\/\/monitortamaulipas.com.mx\/wp-content\/uploads\/2026\/03\/Nacional-4-1024x699.jpeg\" alt=\"\" class=\"wp-image-11475\" srcset=\"http:\/\/monitortamaulipas.com.mx\/wp-content\/uploads\/2026\/03\/Nacional-4-1024x699.jpeg 1024w, http:\/\/monitortamaulipas.com.mx\/wp-content\/uploads\/2026\/03\/Nacional-4-300x205.jpeg 300w, http:\/\/monitortamaulipas.com.mx\/wp-content\/uploads\/2026\/03\/Nacional-4-768x524.jpeg 768w, http:\/\/monitortamaulipas.com.mx\/wp-content\/uploads\/2026\/03\/Nacional-4-1536x1049.jpeg 1536w, http:\/\/monitortamaulipas.com.mx\/wp-content\/uploads\/2026\/03\/Nacional-4-2048x1398.jpeg 2048w\" sizes=\"(max-width: 1024px) 100vw, 1024px\" \/><\/figure>\n<\/figure>\n","protected":false},"excerpt":{"rendered":"<p>\u2022 El objetivo es acercar diversas soluciones y apoyos para el desarrollo y fortalecimiento de&#8230;<\/p>\n","protected":false},"author":2,"featured_media":11473,"comment_status":"closed","ping_status":"open","sticky":false,"template":"","format":"standard","meta":{"_jetpack_memberships_contains_paid_content":false,"footnotes":"","jetpack_publicize_message":"","jetpack_publicize_feature_enabled":true,"jetpack_social_post_already_shared":true,"jetpack_social_options":{"image_generator_settings":{"template":"highway","default_image_id":0,"font":"","enabled":false},"version":2}},"categories":[7],"tags":[],"class_list":["post-11472","post","type-post","status-publish","format-standard","has-post-thumbnail","hentry","category-monitor-nacional"],"jetpack_publicize_connections":[],"jetpack_featured_media_url":"http:\/\/monitortamaulipas.com.mx\/wp-content\/uploads\/2026\/03\/Nacional-2-6.jpeg","jetpack_sharing_enabled":true,"_links":{"self":[{"href":"http:\/\/monitortamaulipas.com.mx\/index.php?rest_route=\/wp\/v2\/posts\/11472","targetHints":{"allow":["GET"]}}],"collection":[{"href":"http:\/\/monitortamaulipas.com.mx\/index.php?rest_route=\/wp\/v2\/posts"}],"about":[{"href":"http:\/\/monitortamaulipas.com.mx\/index.php?rest_route=\/wp\/v2\/types\/post"}],"author":[{"embeddable":true,"href":"http:\/\/monitortamaulipas.com.mx\/index.php?rest_route=\/wp\/v2\/users\/2"}],"replies":[{"embeddable":true,"href":"http:\/\/monitortamaulipas.com.mx\/index.php?rest_route=%2Fwp%2Fv2%2Fcomments&post=11472"}],"version-history":[{"count":1,"href":"http:\/\/monitortamaulipas.com.mx\/index.php?rest_route=\/wp\/v2\/posts\/11472\/revisions"}],"predecessor-version":[{"id":11476,"href":"http:\/\/monitortamaulipas.com.mx\/index.php?rest_route=\/wp\/v2\/posts\/11472\/revisions\/11476"}],"wp:featuredmedia":[{"embeddable":true,"href":"http:\/\/monitortamaulipas.com.mx\/index.php?rest_route=\/wp\/v2\/media\/11473"}],"wp:attachment":[{"href":"http:\/\/monitortamaulipas.com.mx\/index.php?rest_route=%2Fwp%2Fv2%2Fmedia&parent=11472"}],"wp:term":[{"taxonomy":"category","embeddable":true,"href":"http:\/\/monitortamaulipas.com.mx\/index.php?rest_route=%2Fwp%2Fv2%2Fcategories&post=11472"},{"taxonomy":"post_tag","embeddable":true,"href":"http:\/\/monitortamaulipas.com.mx\/index.php?rest_route=%2Fwp%2Fv2%2Ftags&post=11472"}],"curies":[{"name":"wp","href":"https:\/\/api.w.org\/{rel}","templated":true}]}}