{"id":11469,"date":"2026-03-11T00:00:06","date_gmt":"2026-03-11T05:00:06","guid":{"rendered":"http:\/\/monitortamaulipas.com.mx\/?p=11469"},"modified":"2026-03-11T00:00:13","modified_gmt":"2026-03-11T05:00:13","slug":"perfila-ine-avalar-la-incorporacion-de-nuevos-elementos-a-la-credencial-para-votar","status":"publish","type":"post","link":"http:\/\/monitortamaulipas.com.mx\/?p=11469","title":{"rendered":"Perfila INE avalar la incorporaci\u00f3n de nuevos elementos a la Credencial para Votar"},"content":{"rendered":"\n<p>\u2022&nbsp;<strong><em>Con el nuevo modelo de la Credencial para Votar 2026-2031 se avanza hacia un est\u00e1ndar m\u00e1s seguro, confiable y \u00fatil para la poblaci\u00f3n: Consejera Carla Humphrey<\/em><\/strong><\/p>\n\n\n\n<p>La Comisi\u00f3n del Registro Federal de Electorales del Instituto Nacional Electoral (INE) aval\u00f3 presentar al Consejo General, proyectos que incorporan nuevos elementos en la Credencial para Votar (CPV) y la actualizaci\u00f3n del contenido de los c\u00f3digos bidimensionales QR de alta densidad, en M\u00e9xico y desde el extranjero, que fortalecen la seguridad y funcionalidad de la identificaci\u00f3n electoral.<\/p>\n\n\n\n<p>La Consejera y presidenta de la Comisi\u00f3n, Carla Humphrey Jordan, asegur\u00f3 que con el nuevo modelo de la Credencial para Votar 2026-2031 se avanza hacia un est\u00e1ndar m\u00e1s seguro, confiable y \u00fatil para procesos internos y externos.<\/p>\n\n\n\n<p>Durante la sesi\u00f3n, la Direcci\u00f3n Ejecutiva del Registro Federal de Electores precis\u00f3 que las Direcciones Ejecutivas y Unidades T\u00e9cnicas del Instituto solicitaron la opini\u00f3n especializada de otras instituciones del Estado mexicano, as\u00ed como de organizaciones de la sociedad civil que trabajan en favor de grupos vulnerables, y analizaron la viabilidad t\u00e9cnica y operativa de cinco propuestas: identidad de g\u00e9nero autopercibida; la auto identificaci\u00f3n ind\u00edgena y\/o afromexicana; distintivo de discapacidad; leyenda sobre la donaci\u00f3n de \u00f3rganos y la impresi\u00f3n de los datos de identificaci\u00f3n de la CPV en Sistema Braille.<\/p>\n\n\n\n<p>Se determin\u00f3 jur\u00eddicamente viable incorporar en la CPV los datos relativos a la identidad de g\u00e9nero autopercibida y la auto identificaci\u00f3n ind\u00edgena y\/o afromexicana.<\/p>\n\n\n\n<p>Las y los ciudadanos podr\u00e1n elegir si en su credencial se muestra el campo de sexo o g\u00e9nero, as\u00ed como un dato relativo a la auto identificaci\u00f3n ind\u00edgena y\/o afromexicana, siempre que se trate de un dato declarativo, voluntario, basado exclusivamente en la manifestaci\u00f3n consciente, libre e informada de la persona.<\/p>\n\n\n\n<p><strong><em>Actualizaci\u00f3n de los c\u00f3digos QR<\/em><\/strong><\/p>\n\n\n\n<p>Por otra parte, derivado de la actualizaci\u00f3n del modelo de la Credencial para Votar en M\u00e9xico y en el Extranjero (CPVE), se propone actualizar e integrar datos adicionales en el contenido de informaci\u00f3n de los c\u00f3digos bidimensionales tipo QR, a partir de la revisi\u00f3n y an\u00e1lisis realizado por el Grupo de Trabajo Interdisciplinario, conformado para tal efecto.<\/p>\n\n\n\n<p>La actualizaci\u00f3n de los c\u00f3digos QR de alta densidad fortalece la CPV como un documento confiable para la ciudadan\u00eda, al integrar infraestructura criptogr\u00e1fica robusta con claves generadas en m\u00f3dulos HSM, que es un dispositivo f\u00edsico de alta seguridad dise\u00f1ado para gestionar, proteger y almacenar claves criptogr\u00e1ficas y esquemas de cifrado asim\u00e9trico de hasta 8,192 bytes, lo que permitir\u00e1 verificar la autenticidad de la identificaci\u00f3n, detall\u00f3 la Consejera Humphrey.<\/p>\n\n\n\n<p>A continuaci\u00f3n, se listan los datos adicionales que se proponen incluir en el nuevo modelo de CPV\/CPVE 2026-2031.<\/p>\n\n\n\n<ol class=\"wp-block-list\">\n<li>Minucia dedo 1 (ANSI\/ 378 o ISO\/IEC 19794-2).<\/li>\n\n\n\n<li>Minucia dedo 2 (ANSI\/ 378 o ISO\/IEC 19794-2).<\/li>\n\n\n\n<li>Domicilio.<\/li>\n\n\n\n<li>Identidad de g\u00e9nero.<\/li>\n\n\n\n<li>Auto identificaci\u00f3n Ind\u00edgena.<\/li>\n\n\n\n<li>Descripci\u00f3n del Pueblo Ind\u00edgena que no exista en cat\u00e1logo del InstitutoNacional de los Pueblos Ind\u00edgenas (INPI).<\/li>\n<\/ol>\n\n\n\n<p>Cabe se\u00f1alar que la incorporaci\u00f3n de las dos minucias dactilares de la ciudadan\u00eda bajo un est\u00e1ndar ANSI\/INCITS 378 o ISO\/IEC 19794-2 permitir\u00eda el despliegue de procesos de validaci\u00f3n biom\u00e9trica tanto en entidades gubernamentales como privadas (financieras, salud, justicia), garantizando interoperabilidad con sistemas biom\u00e9tricos gubernamentales y privados tanto nacionales como internacionales.<\/p>\n\n\n\n<p>El proyecto ser\u00e1 presentado ante el Consejo General del INE para su aprobaci\u00f3n definitiva, consolidando as\u00ed un instrumento de identificaci\u00f3n m\u00e1s seguro, moderno y alineado con est\u00e1ndares internacionales, fortaleciendo la confianza ciudadana y el acceso a servicios p\u00fablicos y privados.<\/p>\n","protected":false},"excerpt":{"rendered":"<p>\u2022&nbsp;Con el nuevo modelo de la Credencial para Votar 2026-2031 se avanza hacia un est\u00e1ndar&#8230;<\/p>\n","protected":false},"author":2,"featured_media":11470,"comment_status":"closed","ping_status":"open","sticky":false,"template":"","format":"standard","meta":{"_jetpack_memberships_contains_paid_content":false,"footnotes":"","jetpack_publicize_message":"","jetpack_publicize_feature_enabled":true,"jetpack_social_post_already_shared":true,"jetpack_social_options":{"image_generator_settings":{"template":"highway","default_image_id":0,"font":"","enabled":false},"version":2}},"categories":[7],"tags":[],"class_list":["post-11469","post","type-post","status-publish","format-standard","has-post-thumbnail","hentry","category-monitor-nacional"],"jetpack_publicize_connections":[],"jetpack_featured_media_url":"http:\/\/monitortamaulipas.com.mx\/wp-content\/uploads\/2026\/03\/Nacional-1-e1773205174744.png","jetpack_sharing_enabled":true,"_links":{"self":[{"href":"http:\/\/monitortamaulipas.com.mx\/index.php?rest_route=\/wp\/v2\/posts\/11469","targetHints":{"allow":["GET"]}}],"collection":[{"href":"http:\/\/monitortamaulipas.com.mx\/index.php?rest_route=\/wp\/v2\/posts"}],"about":[{"href":"http:\/\/monitortamaulipas.com.mx\/index.php?rest_route=\/wp\/v2\/types\/post"}],"author":[{"embeddable":true,"href":"http:\/\/monitortamaulipas.com.mx\/index.php?rest_route=\/wp\/v2\/users\/2"}],"replies":[{"embeddable":true,"href":"http:\/\/monitortamaulipas.com.mx\/index.php?rest_route=%2Fwp%2Fv2%2Fcomments&post=11469"}],"version-history":[{"count":1,"href":"http:\/\/monitortamaulipas.com.mx\/index.php?rest_route=\/wp\/v2\/posts\/11469\/revisions"}],"predecessor-version":[{"id":11471,"href":"http:\/\/monitortamaulipas.com.mx\/index.php?rest_route=\/wp\/v2\/posts\/11469\/revisions\/11471"}],"wp:featuredmedia":[{"embeddable":true,"href":"http:\/\/monitortamaulipas.com.mx\/index.php?rest_route=\/wp\/v2\/media\/11470"}],"wp:attachment":[{"href":"http:\/\/monitortamaulipas.com.mx\/index.php?rest_route=%2Fwp%2Fv2%2Fmedia&parent=11469"}],"wp:term":[{"taxonomy":"category","embeddable":true,"href":"http:\/\/monitortamaulipas.com.mx\/index.php?rest_route=%2Fwp%2Fv2%2Fcategories&post=11469"},{"taxonomy":"post_tag","embeddable":true,"href":"http:\/\/monitortamaulipas.com.mx\/index.php?rest_route=%2Fwp%2Fv2%2Ftags&post=11469"}],"curies":[{"name":"wp","href":"https:\/\/api.w.org\/{rel}","templated":true}]}}