{"id":11451,"date":"2026-03-10T21:18:13","date_gmt":"2026-03-11T02:18:13","guid":{"rendered":"http:\/\/monitortamaulipas.com.mx\/?p=11451"},"modified":"2026-03-10T21:18:20","modified_gmt":"2026-03-11T02:18:20","slug":"reflexionan-en-el-congreso-sobre-los-retos-de-ser-mujer-hoy","status":"publish","type":"post","link":"http:\/\/monitortamaulipas.com.mx\/?p=11451","title":{"rendered":"Reflexionan en el Congreso sobre los retos de ser mujer hoy"},"content":{"rendered":"\n<p>En el marco de la conmemoraci\u00f3n del 8 de marzo, D\u00eda Internacional de la Mujer, el Congreso del Estado, a trav\u00e9s de su Unidad de G\u00e9nero, llev\u00f3 a cabo la conferencia \u201cSer Mujer Hoy: Retos, Presiones Sociales y Bienestar Emocional\u201d, para generar un espacio de reflexi\u00f3n sobre los desaf\u00edos que enfrentan las mujeres en la actualidad y la importancia de su bienestar emocional.<\/p>\n\n\n\n<p>Al dirigir el mensaje de bienvenida, la titular de la Unidad de G\u00e9nero,&nbsp;Mariangela&nbsp;Rich&nbsp;Ortiz, destac\u00f3 que la conmemoraci\u00f3n del D\u00eda Internacional de la Mujer representa un llamado permanente a fortalecer la igualdad y la empat\u00eda desde las instituciones p\u00fablicas.<\/p>\n\n\n\n<p>\u201cSer mujer significa aprender a ser fuertes sin dejar de ser sensibles, significa cuidar a otros, pero tambi\u00e9n cuidarnos a nosotras mismas, porque nuestro bienestar emocional importa y nuestra dignidad no es negociable\u201d, se\u00f1al\u00f3.<\/p>\n\n\n\n<p>Por su parte, la diputada Blanca Aurelia&nbsp;Anzald\u00faa&nbsp;N\u00e1jera, integrante de la Comisi\u00f3n de Igualdad de G\u00e9nero y de la Diversidad, invit\u00f3 a reflexionar sobre los retos que enfrentan las mujeres en la actualidad y la importancia de continuar avanzando hacia una sociedad m\u00e1s justa.<\/p>\n\n\n\n<p>\u201cAvanzar hacia una sociedad m\u00e1s justa no significa s\u00f3lo abrir espacios para las mujeres, sino garantizar que esos espacios se vivan con respeto, con seguridad y con bienestar\u201d, puntualiz\u00f3.<\/p>\n\n\n\n<p>Durante la conferencia, la psic\u00f3loga Karla Edith Mart\u00ednez \u00c1lvarez, comparti\u00f3 reflexiones sobre las presiones sociales que enfrentan las mujeres, as\u00ed como la importancia de fortalecer el bienestar emocional y las redes de apoyo.<\/p>\n\n\n\n<p>\u201cHoy tenemos m\u00e1s derechos y m\u00e1s espacios, pero tambi\u00e9n m\u00e1s responsabilidades y presiones. Por eso es fundamental hablar del bienestar emocional de las mujeres y acompa\u00f1arnos unas a otras\u201d, destac\u00f3.<\/p>\n\n\n\n<p>El evento concluy\u00f3 con la entrega de un reconocimiento a la conferencista, reiterando el compromiso del Congreso local de continuar impulsando acciones a favor de la igualdad y el bienestar de las mujeres.<\/p>\n\n\n\n<p>Entre las autoridades presentes se cont\u00f3 con la participaci\u00f3n de las legisladoras Blanca Aurelia&nbsp;Anzald\u00faa&nbsp;N\u00e1jera, Mayra Benavides Villafranca y&nbsp;Yuriria&nbsp;Iturbe V\u00e1zquez; el secretario general del Congreso, Juan Lorenzo Ochoa Garc\u00eda; as\u00ed como el personal del Poder Legislativo.<\/p>\n\n\n\n<figure class=\"wp-block-gallery has-nested-images columns-default is-cropped wp-block-gallery-1 is-layout-flex wp-block-gallery-is-layout-flex\">\n<figure class=\"wp-block-image size-large\"><img fetchpriority=\"high\" decoding=\"async\" width=\"1024\" height=\"682\" data-id=\"11453\" src=\"http:\/\/monitortamaulipas.com.mx\/wp-content\/uploads\/2026\/03\/Estatal-2-3-1024x682.jpeg\" alt=\"\" class=\"wp-image-11453\" srcset=\"http:\/\/monitortamaulipas.com.mx\/wp-content\/uploads\/2026\/03\/Estatal-2-3-1024x682.jpeg 1024w, http:\/\/monitortamaulipas.com.mx\/wp-content\/uploads\/2026\/03\/Estatal-2-3-300x200.jpeg 300w, http:\/\/monitortamaulipas.com.mx\/wp-content\/uploads\/2026\/03\/Estatal-2-3-768x512.jpeg 768w, http:\/\/monitortamaulipas.com.mx\/wp-content\/uploads\/2026\/03\/Estatal-2-3.jpeg 1280w\" sizes=\"(max-width: 1024px) 100vw, 1024px\" \/><\/figure>\n\n\n\n<figure class=\"wp-block-image size-large\"><img decoding=\"async\" width=\"1024\" height=\"682\" data-id=\"11454\" src=\"http:\/\/monitortamaulipas.com.mx\/wp-content\/uploads\/2026\/03\/Estatal-3-4-1024x682.jpeg\" alt=\"\" class=\"wp-image-11454\" srcset=\"http:\/\/monitortamaulipas.com.mx\/wp-content\/uploads\/2026\/03\/Estatal-3-4-1024x682.jpeg 1024w, http:\/\/monitortamaulipas.com.mx\/wp-content\/uploads\/2026\/03\/Estatal-3-4-300x200.jpeg 300w, http:\/\/monitortamaulipas.com.mx\/wp-content\/uploads\/2026\/03\/Estatal-3-4-768x512.jpeg 768w, http:\/\/monitortamaulipas.com.mx\/wp-content\/uploads\/2026\/03\/Estatal-3-4-1536x1023.jpeg 1536w, http:\/\/monitortamaulipas.com.mx\/wp-content\/uploads\/2026\/03\/Estatal-3-4.jpeg 1600w\" sizes=\"(max-width: 1024px) 100vw, 1024px\" \/><\/figure>\n\n\n\n<figure class=\"wp-block-image size-large\"><img decoding=\"async\" width=\"1024\" height=\"682\" data-id=\"11455\" src=\"http:\/\/monitortamaulipas.com.mx\/wp-content\/uploads\/2026\/03\/Estatal-4-1-1024x682.jpeg\" alt=\"\" class=\"wp-image-11455\" srcset=\"http:\/\/monitortamaulipas.com.mx\/wp-content\/uploads\/2026\/03\/Estatal-4-1-1024x682.jpeg 1024w, http:\/\/monitortamaulipas.com.mx\/wp-content\/uploads\/2026\/03\/Estatal-4-1-300x200.jpeg 300w, http:\/\/monitortamaulipas.com.mx\/wp-content\/uploads\/2026\/03\/Estatal-4-1-768x512.jpeg 768w, http:\/\/monitortamaulipas.com.mx\/wp-content\/uploads\/2026\/03\/Estatal-4-1.jpeg 1280w\" sizes=\"(max-width: 1024px) 100vw, 1024px\" \/><\/figure>\n<\/figure>\n","protected":false},"excerpt":{"rendered":"<p>En el marco de la conmemoraci\u00f3n del 8 de marzo, D\u00eda Internacional de la Mujer,&#8230;<\/p>\n","protected":false},"author":2,"featured_media":11452,"comment_status":"closed","ping_status":"open","sticky":false,"template":"","format":"standard","meta":{"_jetpack_memberships_contains_paid_content":false,"footnotes":"","jetpack_publicize_message":"","jetpack_publicize_feature_enabled":true,"jetpack_social_post_already_shared":true,"jetpack_social_options":{"image_generator_settings":{"template":"highway","default_image_id":0,"font":"","enabled":false},"version":2}},"categories":[6],"tags":[],"class_list":["post-11451","post","type-post","status-publish","format-standard","has-post-thumbnail","hentry","category-monitor-estatal"],"jetpack_publicize_connections":[],"jetpack_featured_media_url":"http:\/\/monitortamaulipas.com.mx\/wp-content\/uploads\/2026\/03\/Estatal-1-3.jpeg","jetpack_sharing_enabled":true,"_links":{"self":[{"href":"http:\/\/monitortamaulipas.com.mx\/index.php?rest_route=\/wp\/v2\/posts\/11451","targetHints":{"allow":["GET"]}}],"collection":[{"href":"http:\/\/monitortamaulipas.com.mx\/index.php?rest_route=\/wp\/v2\/posts"}],"about":[{"href":"http:\/\/monitortamaulipas.com.mx\/index.php?rest_route=\/wp\/v2\/types\/post"}],"author":[{"embeddable":true,"href":"http:\/\/monitortamaulipas.com.mx\/index.php?rest_route=\/wp\/v2\/users\/2"}],"replies":[{"embeddable":true,"href":"http:\/\/monitortamaulipas.com.mx\/index.php?rest_route=%2Fwp%2Fv2%2Fcomments&post=11451"}],"version-history":[{"count":1,"href":"http:\/\/monitortamaulipas.com.mx\/index.php?rest_route=\/wp\/v2\/posts\/11451\/revisions"}],"predecessor-version":[{"id":11456,"href":"http:\/\/monitortamaulipas.com.mx\/index.php?rest_route=\/wp\/v2\/posts\/11451\/revisions\/11456"}],"wp:featuredmedia":[{"embeddable":true,"href":"http:\/\/monitortamaulipas.com.mx\/index.php?rest_route=\/wp\/v2\/media\/11452"}],"wp:attachment":[{"href":"http:\/\/monitortamaulipas.com.mx\/index.php?rest_route=%2Fwp%2Fv2%2Fmedia&parent=11451"}],"wp:term":[{"taxonomy":"category","embeddable":true,"href":"http:\/\/monitortamaulipas.com.mx\/index.php?rest_route=%2Fwp%2Fv2%2Fcategories&post=11451"},{"taxonomy":"post_tag","embeddable":true,"href":"http:\/\/monitortamaulipas.com.mx\/index.php?rest_route=%2Fwp%2Fv2%2Ftags&post=11451"}],"curies":[{"name":"wp","href":"https:\/\/api.w.org\/{rel}","templated":true}]}}