{"id":11395,"date":"2026-03-09T19:32:56","date_gmt":"2026-03-10T00:32:56","guid":{"rendered":"http:\/\/monitortamaulipas.com.mx\/?p=11395"},"modified":"2026-03-09T19:33:07","modified_gmt":"2026-03-10T00:33:07","slug":"con-su-fuerza-y-capacidad-las-mujeres-transforman-a-victoria-lalo-gattas","status":"publish","type":"post","link":"http:\/\/monitortamaulipas.com.mx\/?p=11395","title":{"rendered":"Con su fuerza y capacidad, las mujeres transforman a Victoria: Lalo Gatt\u00e1s."},"content":{"rendered":"\n<p>Cd. Victoria, 8 de marzo de 2026. \u2013 Con motivo de la conmemoraci\u00f3n del D\u00eda Internacional de la Mujer 2026, el Cabildo de Victoria galardon\u00f3 a cuatro distinguidas mujeres victorenses por su participaci\u00f3n hist\u00f3rica y contribuci\u00f3n al desarrollo de la Capital de Tamaulipas.<\/p>\n\n\n\n<p>En la velada &#8220;Mujeres Transformando&#8221; celebrada en la Presidencia Municipal, el alcalde Eduardo Gatt\u00e1s B\u00e1ez, en compa\u00f1\u00eda de su esposa Lucy de Gatt\u00e1s, entreg\u00f3 reconocimientos a Silvia Guadalupe Z\u00fa\u00f1iga Roque, Mercedes L\u00f3pez Lozano, Dra. Mar\u00eda Ang\u00e9lica Res\u00e9ndez Gonz\u00e1lez y Teresa Josefina Sarno Berardi.<\/p>\n\n\n\n<p>&#8220;Es una fecha importante para reconocer la fuerza, talento y capacidad de las mujeres que todos los d\u00edas transforman nuestra sociedad. En Victoria tenemos mujeres que con su ejemplo abren camino para las nuevas generaciones&#8221; afirm\u00f3.<\/p>\n\n\n\n<p>Por su preparaci\u00f3n, capacidad y sentido de orden, destac\u00f3 que en su administraci\u00f3n la mujer ocupa posiciones claves en la toma de decisiones que se reflejan en el bienestar de las familias victorenses, el desarrollo y crecimiento de la Capital de Tamaulipas.<\/p>\n\n\n\n<p>En la velada, estuvieron presentes regidoras del Cabildo, secretar\u00edas y personal de la administraci\u00f3n municipal, quienes disfrutaron de una amena cena y convivencia con melod\u00edas dedicadas a la mujer amenizadas por un d\u00fao musical.<\/p>\n\n\n\n<figure class=\"wp-block-gallery has-nested-images columns-default is-cropped wp-block-gallery-1 is-layout-flex wp-block-gallery-is-layout-flex\">\n<figure class=\"wp-block-image size-large\"><img fetchpriority=\"high\" decoding=\"async\" width=\"1024\" height=\"682\" data-id=\"11398\" src=\"http:\/\/monitortamaulipas.com.mx\/wp-content\/uploads\/2026\/03\/Municipio-2-3-1024x682.jpeg\" alt=\"\" class=\"wp-image-11398\" srcset=\"http:\/\/monitortamaulipas.com.mx\/wp-content\/uploads\/2026\/03\/Municipio-2-3-1024x682.jpeg 1024w, http:\/\/monitortamaulipas.com.mx\/wp-content\/uploads\/2026\/03\/Municipio-2-3-300x200.jpeg 300w, http:\/\/monitortamaulipas.com.mx\/wp-content\/uploads\/2026\/03\/Municipio-2-3-768x512.jpeg 768w, http:\/\/monitortamaulipas.com.mx\/wp-content\/uploads\/2026\/03\/Municipio-2-3.jpeg 1280w\" sizes=\"(max-width: 1024px) 100vw, 1024px\" \/><\/figure>\n\n\n\n<figure class=\"wp-block-image size-large\"><img decoding=\"async\" width=\"1024\" height=\"680\" data-id=\"11399\" src=\"http:\/\/monitortamaulipas.com.mx\/wp-content\/uploads\/2026\/03\/Municipio-3-3-1024x680.jpeg\" alt=\"\" class=\"wp-image-11399\" srcset=\"http:\/\/monitortamaulipas.com.mx\/wp-content\/uploads\/2026\/03\/Municipio-3-3-1024x680.jpeg 1024w, http:\/\/monitortamaulipas.com.mx\/wp-content\/uploads\/2026\/03\/Municipio-3-3-300x199.jpeg 300w, http:\/\/monitortamaulipas.com.mx\/wp-content\/uploads\/2026\/03\/Municipio-3-3-768x510.jpeg 768w, http:\/\/monitortamaulipas.com.mx\/wp-content\/uploads\/2026\/03\/Municipio-3-3.jpeg 1186w\" sizes=\"(max-width: 1024px) 100vw, 1024px\" \/><\/figure>\n\n\n\n<figure class=\"wp-block-image size-large\"><img decoding=\"async\" width=\"1024\" height=\"682\" data-id=\"11397\" src=\"http:\/\/monitortamaulipas.com.mx\/wp-content\/uploads\/2026\/03\/Nunicipio-4-1024x682.jpeg\" alt=\"\" class=\"wp-image-11397\" srcset=\"http:\/\/monitortamaulipas.com.mx\/wp-content\/uploads\/2026\/03\/Nunicipio-4-1024x682.jpeg 1024w, http:\/\/monitortamaulipas.com.mx\/wp-content\/uploads\/2026\/03\/Nunicipio-4-300x200.jpeg 300w, http:\/\/monitortamaulipas.com.mx\/wp-content\/uploads\/2026\/03\/Nunicipio-4-768x512.jpeg 768w, http:\/\/monitortamaulipas.com.mx\/wp-content\/uploads\/2026\/03\/Nunicipio-4.jpeg 1280w\" sizes=\"(max-width: 1024px) 100vw, 1024px\" \/><\/figure>\n<\/figure>\n\n\n\n<figure class=\"wp-block-gallery has-nested-images columns-default is-cropped wp-block-gallery-2 is-layout-flex wp-block-gallery-is-layout-flex\">\n<figure class=\"wp-block-image size-large\"><img loading=\"lazy\" decoding=\"async\" width=\"1024\" height=\"682\" data-id=\"11401\" src=\"http:\/\/monitortamaulipas.com.mx\/wp-content\/uploads\/2026\/03\/Municipio-6-1024x682.jpeg\" alt=\"\" class=\"wp-image-11401\" srcset=\"http:\/\/monitortamaulipas.com.mx\/wp-content\/uploads\/2026\/03\/Municipio-6-1024x682.jpeg 1024w, http:\/\/monitortamaulipas.com.mx\/wp-content\/uploads\/2026\/03\/Municipio-6-300x200.jpeg 300w, http:\/\/monitortamaulipas.com.mx\/wp-content\/uploads\/2026\/03\/Municipio-6-768x512.jpeg 768w, http:\/\/monitortamaulipas.com.mx\/wp-content\/uploads\/2026\/03\/Municipio-6.jpeg 1280w\" sizes=\"(max-width: 1024px) 100vw, 1024px\" \/><\/figure>\n\n\n\n<figure class=\"wp-block-image size-large\"><img loading=\"lazy\" decoding=\"async\" width=\"1024\" height=\"682\" data-id=\"11402\" src=\"http:\/\/monitortamaulipas.com.mx\/wp-content\/uploads\/2026\/03\/Municipio-7-1024x682.jpeg\" alt=\"\" class=\"wp-image-11402\" srcset=\"http:\/\/monitortamaulipas.com.mx\/wp-content\/uploads\/2026\/03\/Municipio-7-1024x682.jpeg 1024w, http:\/\/monitortamaulipas.com.mx\/wp-content\/uploads\/2026\/03\/Municipio-7-300x200.jpeg 300w, http:\/\/monitortamaulipas.com.mx\/wp-content\/uploads\/2026\/03\/Municipio-7-768x511.jpeg 768w, http:\/\/monitortamaulipas.com.mx\/wp-content\/uploads\/2026\/03\/Municipio-7.jpeg 1280w\" sizes=\"(max-width: 1024px) 100vw, 1024px\" \/><\/figure>\n<\/figure>\n","protected":false},"excerpt":{"rendered":"<p>Cd. Victoria, 8 de marzo de 2026. \u2013 Con motivo de la conmemoraci\u00f3n del D\u00eda&#8230;<\/p>\n","protected":false},"author":2,"featured_media":11396,"comment_status":"closed","ping_status":"open","sticky":false,"template":"","format":"standard","meta":{"_jetpack_memberships_contains_paid_content":false,"footnotes":"","jetpack_publicize_message":"","jetpack_publicize_feature_enabled":true,"jetpack_social_post_already_shared":true,"jetpack_social_options":{"image_generator_settings":{"template":"highway","default_image_id":0,"font":"","enabled":false},"version":2}},"categories":[4],"tags":[],"class_list":["post-11395","post","type-post","status-publish","format-standard","has-post-thumbnail","hentry","category-monitor-capitalino"],"jetpack_publicize_connections":[],"jetpack_featured_media_url":"http:\/\/monitortamaulipas.com.mx\/wp-content\/uploads\/2026\/03\/Municipio-1-3.jpeg","jetpack_sharing_enabled":true,"_links":{"self":[{"href":"http:\/\/monitortamaulipas.com.mx\/index.php?rest_route=\/wp\/v2\/posts\/11395","targetHints":{"allow":["GET"]}}],"collection":[{"href":"http:\/\/monitortamaulipas.com.mx\/index.php?rest_route=\/wp\/v2\/posts"}],"about":[{"href":"http:\/\/monitortamaulipas.com.mx\/index.php?rest_route=\/wp\/v2\/types\/post"}],"author":[{"embeddable":true,"href":"http:\/\/monitortamaulipas.com.mx\/index.php?rest_route=\/wp\/v2\/users\/2"}],"replies":[{"embeddable":true,"href":"http:\/\/monitortamaulipas.com.mx\/index.php?rest_route=%2Fwp%2Fv2%2Fcomments&post=11395"}],"version-history":[{"count":1,"href":"http:\/\/monitortamaulipas.com.mx\/index.php?rest_route=\/wp\/v2\/posts\/11395\/revisions"}],"predecessor-version":[{"id":11403,"href":"http:\/\/monitortamaulipas.com.mx\/index.php?rest_route=\/wp\/v2\/posts\/11395\/revisions\/11403"}],"wp:featuredmedia":[{"embeddable":true,"href":"http:\/\/monitortamaulipas.com.mx\/index.php?rest_route=\/wp\/v2\/media\/11396"}],"wp:attachment":[{"href":"http:\/\/monitortamaulipas.com.mx\/index.php?rest_route=%2Fwp%2Fv2%2Fmedia&parent=11395"}],"wp:term":[{"taxonomy":"category","embeddable":true,"href":"http:\/\/monitortamaulipas.com.mx\/index.php?rest_route=%2Fwp%2Fv2%2Fcategories&post=11395"},{"taxonomy":"post_tag","embeddable":true,"href":"http:\/\/monitortamaulipas.com.mx\/index.php?rest_route=%2Fwp%2Fv2%2Ftags&post=11395"}],"curies":[{"name":"wp","href":"https:\/\/api.w.org\/{rel}","templated":true}]}}