{"id":11367,"date":"2026-03-06T18:25:09","date_gmt":"2026-03-07T00:25:09","guid":{"rendered":"http:\/\/monitortamaulipas.com.mx\/?p=11367"},"modified":"2026-03-06T18:25:15","modified_gmt":"2026-03-07T00:25:15","slug":"asisten-lucy-y-lalo-a-ciclo-de-conferencias-en-conmemoracion-del-m8","status":"publish","type":"post","link":"http:\/\/monitortamaulipas.com.mx\/?p=11367","title":{"rendered":"Asisten Lucy y Lalo a ciclo de conferencias en conmemoraci\u00f3n del M8"},"content":{"rendered":"\n<p>Cd. Victoria, 6 de marzo de 2026.- En el marco del D\u00eda Internacional de la Mujer, el alcalde de Victoria Eduardo Gatt\u00e1s B\u00e1ez y su esposa Lucy de Gatt\u00e1s, participaron en las actividades conmemorativas encabezadas por la presidenta del Sistema DIF Tamaulipas Dra. Mar\u00eda Santiago de Villarreal.<\/p>\n\n\n\n<p>En la jornada de lucha y reivindicaci\u00f3n por la igualdad de g\u00e9nero, presenciaron el ciclo de conferencias organizado por la Secretar\u00eda de Bienestar Social del Estado y el Instituto de las Mujeres en Tamaulipas, celebrado este 6 de marzo en el Centro Cultural Tamaulipas.<\/p>\n\n\n\n<p>&#8220;La mujer es la parte m\u00e1s importante de nuestra familia, y hoy con la primera presidenta de M\u00e9xico Dra. Claudia Sheinbaum Pardo, avanzamos de manera muy importante en este tema que no es otro que el derecho humano a la igualdad&#8221;, asegur\u00f3 en entrevista el alcalde Eduardo Gatt\u00e1s B\u00e1ez.<\/p>\n\n\n\n<p>Agradeci\u00f3 al Gobernador Am\u00e9rico Villarreal Anaya y a la presidenta del Sistema DIF Tamaulipas Dra. Mar\u00eda de Villarreal por fortalecer la igualdad en la sociedad tamaulipeca; por lo que celebr\u00f3 la conmemoraci\u00f3n del 8M al considerarla una invitaci\u00f3n colectiva para lograr un mundo sin discriminaci\u00f3n de g\u00e9neros.<\/p>\n\n\n\n<figure class=\"wp-block-gallery has-nested-images columns-default is-cropped wp-block-gallery-1 is-layout-flex wp-block-gallery-is-layout-flex\">\n<figure class=\"wp-block-image size-large\"><img fetchpriority=\"high\" decoding=\"async\" width=\"1024\" height=\"682\" data-id=\"11370\" src=\"http:\/\/monitortamaulipas.com.mx\/wp-content\/uploads\/2026\/03\/Municipio-1-2-1024x682.jpeg\" alt=\"\" class=\"wp-image-11370\" srcset=\"http:\/\/monitortamaulipas.com.mx\/wp-content\/uploads\/2026\/03\/Municipio-1-2-1024x682.jpeg 1024w, http:\/\/monitortamaulipas.com.mx\/wp-content\/uploads\/2026\/03\/Municipio-1-2-300x200.jpeg 300w, http:\/\/monitortamaulipas.com.mx\/wp-content\/uploads\/2026\/03\/Municipio-1-2-768x511.jpeg 768w, http:\/\/monitortamaulipas.com.mx\/wp-content\/uploads\/2026\/03\/Municipio-1-2.jpeg 1280w\" sizes=\"(max-width: 1024px) 100vw, 1024px\" \/><\/figure>\n\n\n\n<figure class=\"wp-block-image size-large\"><img decoding=\"async\" width=\"1024\" height=\"682\" data-id=\"11369\" src=\"http:\/\/monitortamaulipas.com.mx\/wp-content\/uploads\/2026\/03\/Municipio-3-2-1024x682.jpeg\" alt=\"\" class=\"wp-image-11369\" srcset=\"http:\/\/monitortamaulipas.com.mx\/wp-content\/uploads\/2026\/03\/Municipio-3-2-1024x682.jpeg 1024w, http:\/\/monitortamaulipas.com.mx\/wp-content\/uploads\/2026\/03\/Municipio-3-2-300x200.jpeg 300w, http:\/\/monitortamaulipas.com.mx\/wp-content\/uploads\/2026\/03\/Municipio-3-2-768x511.jpeg 768w, http:\/\/monitortamaulipas.com.mx\/wp-content\/uploads\/2026\/03\/Municipio-3-2.jpeg 1280w\" sizes=\"(max-width: 1024px) 100vw, 1024px\" \/><\/figure>\n\n\n\n<figure class=\"wp-block-image size-large\"><img decoding=\"async\" width=\"1024\" height=\"683\" data-id=\"11371\" src=\"http:\/\/monitortamaulipas.com.mx\/wp-content\/uploads\/2026\/03\/Municipio-2-2-1024x683.jpeg\" alt=\"\" class=\"wp-image-11371\" srcset=\"http:\/\/monitortamaulipas.com.mx\/wp-content\/uploads\/2026\/03\/Municipio-2-2-1024x683.jpeg 1024w, http:\/\/monitortamaulipas.com.mx\/wp-content\/uploads\/2026\/03\/Municipio-2-2-300x200.jpeg 300w, http:\/\/monitortamaulipas.com.mx\/wp-content\/uploads\/2026\/03\/Municipio-2-2-768x512.jpeg 768w, http:\/\/monitortamaulipas.com.mx\/wp-content\/uploads\/2026\/03\/Municipio-2-2.jpeg 1280w\" sizes=\"(max-width: 1024px) 100vw, 1024px\" \/><\/figure>\n<\/figure>\n","protected":false},"excerpt":{"rendered":"<p>Cd. Victoria, 6 de marzo de 2026.- En el marco del D\u00eda Internacional de la&#8230;<\/p>\n","protected":false},"author":2,"featured_media":11368,"comment_status":"closed","ping_status":"open","sticky":false,"template":"","format":"standard","meta":{"_jetpack_memberships_contains_paid_content":false,"footnotes":"","jetpack_publicize_message":"","jetpack_publicize_feature_enabled":true,"jetpack_social_post_already_shared":true,"jetpack_social_options":{"image_generator_settings":{"template":"highway","default_image_id":0,"font":"","enabled":false},"version":2}},"categories":[4],"tags":[],"class_list":["post-11367","post","type-post","status-publish","format-standard","has-post-thumbnail","hentry","category-monitor-capitalino"],"jetpack_publicize_connections":[],"jetpack_featured_media_url":"http:\/\/monitortamaulipas.com.mx\/wp-content\/uploads\/2026\/03\/Municipio-4-2.jpeg","jetpack_sharing_enabled":true,"_links":{"self":[{"href":"http:\/\/monitortamaulipas.com.mx\/index.php?rest_route=\/wp\/v2\/posts\/11367","targetHints":{"allow":["GET"]}}],"collection":[{"href":"http:\/\/monitortamaulipas.com.mx\/index.php?rest_route=\/wp\/v2\/posts"}],"about":[{"href":"http:\/\/monitortamaulipas.com.mx\/index.php?rest_route=\/wp\/v2\/types\/post"}],"author":[{"embeddable":true,"href":"http:\/\/monitortamaulipas.com.mx\/index.php?rest_route=\/wp\/v2\/users\/2"}],"replies":[{"embeddable":true,"href":"http:\/\/monitortamaulipas.com.mx\/index.php?rest_route=%2Fwp%2Fv2%2Fcomments&post=11367"}],"version-history":[{"count":1,"href":"http:\/\/monitortamaulipas.com.mx\/index.php?rest_route=\/wp\/v2\/posts\/11367\/revisions"}],"predecessor-version":[{"id":11372,"href":"http:\/\/monitortamaulipas.com.mx\/index.php?rest_route=\/wp\/v2\/posts\/11367\/revisions\/11372"}],"wp:featuredmedia":[{"embeddable":true,"href":"http:\/\/monitortamaulipas.com.mx\/index.php?rest_route=\/wp\/v2\/media\/11368"}],"wp:attachment":[{"href":"http:\/\/monitortamaulipas.com.mx\/index.php?rest_route=%2Fwp%2Fv2%2Fmedia&parent=11367"}],"wp:term":[{"taxonomy":"category","embeddable":true,"href":"http:\/\/monitortamaulipas.com.mx\/index.php?rest_route=%2Fwp%2Fv2%2Fcategories&post=11367"},{"taxonomy":"post_tag","embeddable":true,"href":"http:\/\/monitortamaulipas.com.mx\/index.php?rest_route=%2Fwp%2Fv2%2Ftags&post=11367"}],"curies":[{"name":"wp","href":"https:\/\/api.w.org\/{rel}","templated":true}]}}