{"id":11364,"date":"2026-03-05T18:54:53","date_gmt":"2026-03-06T00:54:53","guid":{"rendered":"http:\/\/monitortamaulipas.com.mx\/?p=11364"},"modified":"2026-03-05T18:54:59","modified_gmt":"2026-03-06T00:54:59","slug":"mexico-y-estados-unidos-inician-el-proceso-de-revision-del-t-mec","status":"publish","type":"post","link":"http:\/\/monitortamaulipas.com.mx\/?p=11364","title":{"rendered":"M\u00e9xico y Estados Unidos inician el proceso de revisi\u00f3n del T-MEC"},"content":{"rendered":"\n<p>El d\u00eda de hoy, el Secretario de Econom\u00eda de M\u00e9xico, Marcelo Ebrard, y el Representante Comercial de Estados Unidos (USTR), Jamieson Greer, anunciaron la primera ronda de discusiones bilaterales en preparaci\u00f3n para la Revisi\u00f3n Conjunta del Tratado Comercial (T-MEC) entre M\u00e9xico, Estados Unidos y Canad\u00e1.<\/p>\n\n\n\n<p>Los Secretarios instruyeron a los negociadores a iniciar discusiones sobre las medidas necesarias para garantizar que los beneficios del Acuerdo Comercial se otorguen principalmente a las partes, incluyendo la reducci\u00f3n de la dependencia de importaciones provenientes de otras regiones, el fortalecimiento de las reglas de origen, y el reforzamiento de la seguridad de las cadenas de suministro de Am\u00e9rica del Norte.<\/p>\n\n\n\n<p>Los Secretarios prev\u00e9n que los negociadores celebren la primera reuni\u00f3n la semana del 16 de marzo, y se re\u00fanan de manera regular a partir de entonces como parte de la Revisi\u00f3n Conjunta.<\/p>\n","protected":false},"excerpt":{"rendered":"<p>El d\u00eda de hoy, el Secretario de Econom\u00eda de M\u00e9xico, Marcelo Ebrard, y el Representante&#8230;<\/p>\n","protected":false},"author":2,"featured_media":11365,"comment_status":"closed","ping_status":"open","sticky":false,"template":"","format":"standard","meta":{"_jetpack_memberships_contains_paid_content":false,"footnotes":"","jetpack_publicize_message":"","jetpack_publicize_feature_enabled":true,"jetpack_social_post_already_shared":true,"jetpack_social_options":{"image_generator_settings":{"template":"highway","default_image_id":0,"font":"","enabled":false},"version":2}},"categories":[7],"tags":[],"class_list":["post-11364","post","type-post","status-publish","format-standard","has-post-thumbnail","hentry","category-monitor-nacional"],"jetpack_publicize_connections":[],"jetpack_featured_media_url":"http:\/\/monitortamaulipas.com.mx\/wp-content\/uploads\/2026\/03\/Nacional-2-3.jpeg","jetpack_sharing_enabled":true,"_links":{"self":[{"href":"http:\/\/monitortamaulipas.com.mx\/index.php?rest_route=\/wp\/v2\/posts\/11364","targetHints":{"allow":["GET"]}}],"collection":[{"href":"http:\/\/monitortamaulipas.com.mx\/index.php?rest_route=\/wp\/v2\/posts"}],"about":[{"href":"http:\/\/monitortamaulipas.com.mx\/index.php?rest_route=\/wp\/v2\/types\/post"}],"author":[{"embeddable":true,"href":"http:\/\/monitortamaulipas.com.mx\/index.php?rest_route=\/wp\/v2\/users\/2"}],"replies":[{"embeddable":true,"href":"http:\/\/monitortamaulipas.com.mx\/index.php?rest_route=%2Fwp%2Fv2%2Fcomments&post=11364"}],"version-history":[{"count":1,"href":"http:\/\/monitortamaulipas.com.mx\/index.php?rest_route=\/wp\/v2\/posts\/11364\/revisions"}],"predecessor-version":[{"id":11366,"href":"http:\/\/monitortamaulipas.com.mx\/index.php?rest_route=\/wp\/v2\/posts\/11364\/revisions\/11366"}],"wp:featuredmedia":[{"embeddable":true,"href":"http:\/\/monitortamaulipas.com.mx\/index.php?rest_route=\/wp\/v2\/media\/11365"}],"wp:attachment":[{"href":"http:\/\/monitortamaulipas.com.mx\/index.php?rest_route=%2Fwp%2Fv2%2Fmedia&parent=11364"}],"wp:term":[{"taxonomy":"category","embeddable":true,"href":"http:\/\/monitortamaulipas.com.mx\/index.php?rest_route=%2Fwp%2Fv2%2Fcategories&post=11364"},{"taxonomy":"post_tag","embeddable":true,"href":"http:\/\/monitortamaulipas.com.mx\/index.php?rest_route=%2Fwp%2Fv2%2Ftags&post=11364"}],"curies":[{"name":"wp","href":"https:\/\/api.w.org\/{rel}","templated":true}]}}